{"id":1843357,"date":"2026-03-24T07:03:39","date_gmt":"2026-03-24T04:03:39","guid":{"rendered":"https:\/\/analyse.optim.biz\/?p=1843357"},"modified":"2026-03-24T07:03:39","modified_gmt":"2026-03-24T04:03:39","slug":"o-copila-de-12-ani-din-somova-s-a-spanzurat-din-cauza-saraciei","status":"publish","type":"post","link":"https:\/\/analyse.optim.biz\/?p=1843357","title":{"rendered":"O copil\u0103 de 12 ani din Somova s-a sp\u00e2nzurat din cauza s\u0103r\u0103ciei"},"content":{"rendered":"<p>[analyse_image type=&#8221;featured&#8221; src=&#8221;https:\/\/dobrogeanews.b-cdn.net\/wp-content\/uploads\/2026\/03\/Fetita-care-s-a-spanzurat-la-Somova.jpg&#8221;]<\/p>\n<div id=\"post-69356\" class=\"entry single-default post-69356 post type-post status-publish format-standard has-post-thumbnail hentry category-info tag-copila tag-s-a-spanzurat tag-saracie-2 tag-somova\">\n<div>\n<div class=\"ss-follow-wrapper ss-clearfix ss-regular-buttons ss-columns-1 ss-default-style\">\n<div class=\"ss-follow-column\" data-ss-sf-network-id='\"facebook\"'><a href=\"https:\/\/www.facebook.com\/dobrogeanews\" class=\"ss-follow-network ss-facebook-color\" rel=\"nofollow noopener\" aria-label=\"facebook\" target=\"_blank\"><span class=\"ss-follow-network-label\">Urm\u0103re\u015fte-ne \u015fi pe Facebook!<\/span><span class=\"ss-follow-network-count\"><span class=\"ss-follow-network-count-number\">57K<\/span><span class=\"ss-follow-network-count-label\">Followers<\/span><\/span><\/a><\/div>\n<\/div>\n<\/div>\n<p>Luni, \u00a023 martie 2026, o copil\u0103 de 12 ani, elev\u0103 a \u0219colii din localitatea Parche\u0219 a fost g\u0103sit\u0103 f\u0103r\u0103 via\u021b\u0103, \u00een jurul orei 13:00\u201313:30, \u00een gr\u0103dina locuin\u021bei sale. Aceasta era elev\u0103 \u00een clasa a VII-a B la \u0218coala Gimnazial\u0103 \u201eTraian Co\u0219ovei\u201d Somova.<\/p>\n<figure class=\"wp-block-image size-full is-resized\">\n<source type=\"image\/webp\" data-lazy-srcset=\"https:\/\/dobrogeanews.b-cdn.net\/wp-content\/uploads\/2026\/03\/Fetita-care-s-a-spanzurat-la-Somova.jpg.webp 2560w, https:\/\/dobrogeanews.b-cdn.net\/wp-content\/uploads\/2026\/03\/Fetita-care-s-a-spanzurat-la-Somova-300x246.jpg.webp 300w, https:\/\/dobrogeanews.b-cdn.net\/wp-content\/uploads\/2026\/03\/Fetita-care-s-a-spanzurat-la-Somova-1024x840.jpg.webp 1024w, https:\/\/dobrogeanews.b-cdn.net\/wp-content\/uploads\/2026\/03\/Fetita-care-s-a-spanzurat-la-Somova-768x630.jpg.webp 768w, https:\/\/dobrogeanews.b-cdn.net\/wp-content\/uploads\/2026\/03\/Fetita-care-s-a-spanzurat-la-Somova-1536x1260.jpg.webp 1536w, https:\/\/dobrogeanews.b-cdn.net\/wp-content\/uploads\/2026\/03\/Fetita-care-s-a-spanzurat-la-Somova-2048x1680.jpg.webp 2048w\" sizes=\"(max-width: 640px) 100vw, 640px\" \/><br \/>\n<img loading=\"lazy\" decoding=\"async\" src=\"https:\/\/dobrogeanews.b-cdn.net\/wp-content\/uploads\/2026\/03\/Fetita-care-s-a-spanzurat-la-Somova.jpg\" alt=\"Feti\u021b\u0103 care s a sp\u00e2nzurat la Somova foto rol ilustrativ\" width=\"640\" height=\"525\"><\/figure>\n<p>Copila era o elev\u0103 foarte bun\u0103 la \u00eenv\u0103\u021b\u0103tur\u0103, era lini\u0219tit\u0103, era un copil model cu rezultate \u0219colare foarte bune. Nu consuma substan\u021be psihoactive dar tr\u0103ia la limita s\u0103r\u0103ciei \u00een familia sa monoparental\u0103 cu o mama foarte bolnav\u0103 care a avut o interven\u021bie chiar zilele trecute. Oamenii spun c\u0103 de dou\u0103 s\u0103pt\u0103m\u00e2ni nu mai aveau nici m\u0103car lemne iar de m\u00e2ncat numai bunul Dumnezeu \u0219tie ce reu\u0219eau s\u0103 m\u0103n\u00e2nce.<\/p>\n<p>Copila a clacat \u0219i a ales calea suprem\u0103 f\u0103r\u0103 s\u0103 cear\u0103 ajutorul\u2026sau, poate c\u0103 au cerut ajutorul dar\u2026cuvintele sunt de prisos. Familia este numeroas\u0103, cu \u0219apte copii, cinci fete \u0219i doi b\u0103ie\u021bi. Dintre ace\u0219tia, trei sunt minori (un b\u0103iat \u00een clasa a VI-a, o fat\u0103 \u00een clasa a VII-a \u0219i una \u00een clasa a IX-a), ceilal\u021bi fiind majori. Oamenii sunt foarte nevoia\u0219i. Orice ajutor \u00een aceast\u0103 perioad\u0103 este binevenit.<\/p>\n<p>Dumnezeu s\u0103 o ierte \u0219i s\u0103 o odihneasc\u0103 \u00eentr-o lume mai bun\u0103. <\/p>\n<p>Inspectoratul \u0218colar au transmis un mesaj \u00eenc\u0103 de noaptea trecut\u0103 iar ast\u0103zi, \u0219coala Gimnazial\u0103 \u201eTraian Co\u0219ovei\u201d a postat un mesaj pe social-media:<\/p>\n<p>\u201eCu profund\u0103 triste\u021be v\u0103 aducem la cuno\u0219tin\u021b\u0103 un eveniment tragic care a avut loc \u00een cursul zilei de ieri, c\u00e2nd o elev\u0103 a unit\u0103\u021bii noastre de \u00eenv\u0103\u021b\u0103m\u00e2nt a \u00eencetat din via\u021b\u0103.<\/p>\n<p>\u00centreaga comunitate \u0219colar\u0103 este profund afectat\u0103 de aceast\u0103 pierdere. G\u00e2ndurile noastre se \u00eendreapt\u0103 c\u0103tre familia \u00eendurerat\u0103, colegii \u0219i profesorii care au cunoscut-o \u0219i care trec acum prin momente de durere.<\/p>\n<p>\u00cen aceste clipe grele, prioritatea noastr\u0103 este sprijinirea elevilor \u0219i a personalului \u0219colii. Vom asigura consiliere psihologic\u0103 pentru to\u021bi cei afecta\u021bi \u0219i vom colabora cu speciali\u0219ti pentru a gestiona c\u00e2t mai bine aceast\u0103 situa\u021bie.<\/p>\n<p>Facem apel la respectarea intimit\u0103\u021bii familiei \u0219i la evitarea r\u0103sp\u00e2ndirii de informa\u021bii neconfirmate sau sensibile. Drum lin spre lumin\u0103!\u201d<\/p>\n<div class=\"monsterinsights-inline-popular-posts monsterinsights-inline-popular-posts-charlie monsterinsights-popular-posts-styled\">\n<div class=\"monsterinsights-inline-popular-posts-text\"><span class=\"monsterinsights-inline-popular-posts-label\">Vezi \u0219i:<\/span><\/p>\n<div class=\"monsterinsights-inline-popular-posts-post\"><a class=\"monsterinsights-inline-popular-posts-title\" href=\"https:\/\/www.dobrogeanews.ro\/cine-este-fata-de-18-ani-care-s-a-sinucis-la-tulcea-soapte-intre-lumi\/\">Cine este fata de 18 ani care s-a sinucis la Tulcea. \u0218oapte \u00eentre lumi \u2026<\/a><\/div>\n<div class=\"monsterinsights-inline-popular-posts-post\"><a class=\"monsterinsights-inline-popular-posts-title\" href=\"https:\/\/www.dobrogeanews.ro\/tulcea-noile-tarife-pentru-transport-public-rutier-si-naval\/\">Tulcea: Noile tarife pentru transport public (rutier \u0219i naval)<\/a><\/div>\n<div class=\"monsterinsights-inline-popular-posts-post\"><a class=\"monsterinsights-inline-popular-posts-title\" href=\"https:\/\/www.dobrogeanews.ro\/dr-laurentiu-ivanof-fiti-atenti-la-taceri-la-retrageri-la-schimbari-subtile-uneori-cei-care-au-cea-mai-mare-nevoie-de-ajutor-sunt-cei-care-cer-cel-mai-putin\/\">Dr. Lauren\u021biu Ivanof: Fi\u021bi aten\u021bi la t\u0103ceri. La retrageri. La schimb\u0103ri subtile. Uneori, cei care au cea mai mare nevoie de ajutor sunt cei care cer cel mai pu\u021bin.<\/a><\/div>\n<\/div>\n<\/div>\n<p class=\"has-text-align-center has-white-color has-text-color has-background\"><span><a href=\"https:\/\/news.google.com\/publications\/CAAqBwgKMIu5pgsw88O-Aw?ceid=RO:ro&amp;oc=3\">Urm\u0103ri\u0163i \u015etirile Dobrogeanews \u015fi pe Google News<\/a><\/span><\/p>\n<\/div>\n<div id=\"post-69356\" class=\"entry single-default post-69356 post type-post status-publish format-standard has-post-thumbnail hentry category-info tag-copila tag-s-a-spanzurat tag-saracie-2 tag-somova\">\n<div>\n<div class=\"ss-follow-wrapper ss-clearfix ss-regular-buttons ss-columns-1 ss-default-style\">\n<div class=\"ss-follow-column\" data-ss-sf-network-id='\"facebook\"'><a href=\"https:\/\/www.facebook.com\/dobrogeanews\" class=\"ss-follow-network ss-facebook-color\" rel=\"nofollow noopener\" aria-label=\"facebook\" target=\"_blank\"><span class=\"ss-follow-network-label\">Urm\u0103re\u015fte-ne \u015fi pe Facebook!<\/span><span class=\"ss-follow-network-count\"><span class=\"ss-follow-network-count-number\">57K<\/span><span class=\"ss-follow-network-count-label\">Followers<\/span><\/span><\/a><\/div>\n<\/div>\n<\/div>\n<p>Luni, \u00a023 martie 2026, o copil\u0103 de 12 ani, elev\u0103 a \u0219colii din localitatea Parche\u0219 a fost g\u0103sit\u0103 f\u0103r\u0103 via\u021b\u0103, \u00een jurul orei 13:00\u201313:30, \u00een gr\u0103dina locuin\u021bei sale. Aceasta era elev\u0103 \u00een clasa a VII-a B la \u0218coala Gimnazial\u0103 \u201eTraian Co\u0219ovei\u201d Somova.<\/p>\n<figure class=\"wp-block-image size-full is-resized\">\n<source type=\"image\/webp\" data-lazy-srcset=\"https:\/\/dobrogeanews.b-cdn.net\/wp-content\/uploads\/2026\/03\/Fetita-care-s-a-spanzurat-la-Somova.jpg.webp 2560w, https:\/\/dobrogeanews.b-cdn.net\/wp-content\/uploads\/2026\/03\/Fetita-care-s-a-spanzurat-la-Somova-300x246.jpg.webp 300w, https:\/\/dobrogeanews.b-cdn.net\/wp-content\/uploads\/2026\/03\/Fetita-care-s-a-spanzurat-la-Somova-1024x840.jpg.webp 1024w, https:\/\/dobrogeanews.b-cdn.net\/wp-content\/uploads\/2026\/03\/Fetita-care-s-a-spanzurat-la-Somova-768x630.jpg.webp 768w, https:\/\/dobrogeanews.b-cdn.net\/wp-content\/uploads\/2026\/03\/Fetita-care-s-a-spanzurat-la-Somova-1536x1260.jpg.webp 1536w, https:\/\/dobrogeanews.b-cdn.net\/wp-content\/uploads\/2026\/03\/Fetita-care-s-a-spanzurat-la-Somova-2048x1680.jpg.webp 2048w\" sizes=\"(max-width: 640px) 100vw, 640px\" \/><br \/>\n<img loading=\"lazy\" decoding=\"async\" src=\"https:\/\/dobrogeanews.b-cdn.net\/wp-content\/uploads\/2026\/03\/Fetita-care-s-a-spanzurat-la-Somova.jpg\" alt=\"Feti\u021b\u0103 care s a sp\u00e2nzurat la Somova foto rol ilustrativ\" width=\"640\" height=\"525\"><\/figure>\n<p>Copila era o elev\u0103 foarte bun\u0103 la \u00eenv\u0103\u021b\u0103tur\u0103, era lini\u0219tit\u0103, era un copil model cu rezultate \u0219colare foarte bune. Nu consuma substan\u021be psihoactive dar tr\u0103ia la limita s\u0103r\u0103ciei \u00een familia sa monoparental\u0103 cu o mama foarte bolnav\u0103 care a avut o interven\u021bie chiar zilele trecute. Oamenii spun c\u0103 de dou\u0103 s\u0103pt\u0103m\u00e2ni nu mai aveau nici m\u0103car lemne iar de m\u00e2ncat numai bunul Dumnezeu \u0219tie ce reu\u0219eau s\u0103 m\u0103n\u00e2nce.<\/p>\n<p>Copila a clacat \u0219i a ales calea suprem\u0103 f\u0103r\u0103 s\u0103 cear\u0103 ajutorul\u2026sau, poate c\u0103 au cerut ajutorul dar\u2026cuvintele sunt de prisos. Familia este numeroas\u0103, cu \u0219apte copii, cinci fete \u0219i doi b\u0103ie\u021bi. Dintre ace\u0219tia, trei sunt minori (un b\u0103iat \u00een clasa a VI-a, o fat\u0103 \u00een clasa a VII-a \u0219i una \u00een clasa a IX-a), ceilal\u021bi fiind majori. Oamenii sunt foarte nevoia\u0219i. Orice ajutor \u00een aceast\u0103 perioad\u0103 este binevenit.<\/p>\n<p>Dumnezeu s\u0103 o ierte \u0219i s\u0103 o odihneasc\u0103 \u00eentr-o lume mai bun\u0103. <\/p>\n<p>Inspectoratul \u0218colar au transmis un mesaj \u00eenc\u0103 de noaptea trecut\u0103 iar ast\u0103zi, \u0219coala Gimnazial\u0103 \u201eTraian Co\u0219ovei\u201d a postat un mesaj pe social-media:<\/p>\n<p>\u201eCu profund\u0103 triste\u021be v\u0103 aducem la cuno\u0219tin\u021b\u0103 un eveniment tragic care a avut loc \u00een cursul zilei de ieri, c\u00e2nd o elev\u0103 a unit\u0103\u021bii noastre de \u00eenv\u0103\u021b\u0103m\u00e2nt a \u00eencetat din via\u021b\u0103.<\/p>\n<p>\u00centreaga comunitate \u0219colar\u0103 este profund afectat\u0103 de aceast\u0103 pierdere. G\u00e2ndurile noastre se \u00eendreapt\u0103 c\u0103tre familia \u00eendurerat\u0103, colegii \u0219i profesorii care au cunoscut-o \u0219i care trec acum prin momente de durere.<\/p>\n<p>\u00cen aceste clipe grele, prioritatea noastr\u0103 este sprijinirea elevilor \u0219i a personalului \u0219colii. Vom asigura consiliere psihologic\u0103 pentru to\u021bi cei afecta\u021bi \u0219i vom colabora cu speciali\u0219ti pentru a gestiona c\u00e2t mai bine aceast\u0103 situa\u021bie.<\/p>\n<p>Facem apel la respectarea intimit\u0103\u021bii familiei \u0219i la evitarea r\u0103sp\u00e2ndirii de informa\u021bii neconfirmate sau sensibile. Drum lin spre lumin\u0103!\u201d<\/p>\n<div class=\"monsterinsights-inline-popular-posts monsterinsights-inline-popular-posts-charlie monsterinsights-popular-posts-styled\">\n<div class=\"monsterinsights-inline-popular-posts-text\"><span class=\"monsterinsights-inline-popular-posts-label\">Vezi \u0219i:<\/span><\/p>\n<div class=\"monsterinsights-inline-popular-posts-post\"><a class=\"monsterinsights-inline-popular-posts-title\" href=\"https:\/\/www.dobrogeanews.ro\/cine-este-fata-de-18-ani-care-s-a-sinucis-la-tulcea-soapte-intre-lumi\/\">Cine este fata de 18 ani care s-a sinucis la Tulcea. \u0218oapte \u00eentre lumi \u2026<\/a><\/div>\n<div class=\"monsterinsights-inline-popular-posts-post\"><a class=\"monsterinsights-inline-popular-posts-title\" href=\"https:\/\/www.dobrogeanews.ro\/tulcea-noile-tarife-pentru-transport-public-rutier-si-naval\/\">Tulcea: Noile tarife pentru transport public (rutier \u0219i naval)<\/a><\/div>\n<div class=\"monsterinsights-inline-popular-posts-post\"><a class=\"monsterinsights-inline-popular-posts-title\" href=\"https:\/\/www.dobrogeanews.ro\/dr-laurentiu-ivanof-fiti-atenti-la-taceri-la-retrageri-la-schimbari-subtile-uneori-cei-care-au-cea-mai-mare-nevoie-de-ajutor-sunt-cei-care-cer-cel-mai-putin\/\">Dr. Lauren\u021biu Ivanof: Fi\u021bi aten\u021bi la t\u0103ceri. La retrageri. La schimb\u0103ri subtile. Uneori, cei care au cea mai mare nevoie de ajutor sunt cei care cer cel mai pu\u021bin.<\/a><\/div>\n<\/div>\n<\/div>\n<p class=\"has-text-align-center has-white-color has-text-color has-background\"><span><a href=\"https:\/\/news.google.com\/publications\/CAAqBwgKMIu5pgsw88O-Aw?ceid=RO:ro&amp;oc=3\">Urm\u0103ri\u0163i \u015etirile Dobrogeanews \u015fi pe Google News<\/a><\/span><\/p>\n<\/div>\n<p>[analyse_source url=&#8221;https:\/\/www.dobrogeanews.ro\/o-copila-de-12-ani-din-somova-s-a-spanzurat-din-cauza-saraciei\/&#8221;]<\/p>\n","protected":false},"excerpt":{"rendered":"<p>[analyse_image type=&#8221;featured&#8221; src=&#8221;https:\/\/dobrogeanews.b-cdn.net\/wp-content\/uploads\/2026\/03\/Fetita-care-s-a-spanzurat-la-Somova.jpg&#8221;] Urm\u0103re\u015fte-ne \u015fi pe Facebook!57KFollowers Luni, \u00a023 martie 2026, o copil\u0103 de 12 ani, elev\u0103 a \u0219colii din localitatea Parche\u0219 a fost g\u0103sit\u0103 f\u0103r\u0103 via\u021b\u0103, \u00een jurul orei 13:00\u201313:30, \u00een gr\u0103dina locuin\u021bei sale. Aceasta era elev\u0103 \u00een clasa a VII-a B la \u0218coala Gimnazial\u0103 \u201eTraian Co\u0219ovei\u201d Somova. Copila era o elev\u0103 foarte bun\u0103 [&hellip;]<\/p>\n","protected":false},"author":1,"featured_media":0,"comment_status":"open","ping_status":"","sticky":false,"template":"","format":"standard","meta":{"footnotes":""},"categories":[89],"tags":[226,223],"class_list":["post-1843357","post","type-post","status-publish","format-standard","hentry","category-romania","tag-crawlmanager","tag-dobrogeanews-ro"],"_links":{"self":[{"href":"https:\/\/analyse.optim.biz\/index.php?rest_route=\/wp\/v2\/posts\/1843357","targetHints":{"allow":["GET"]}}],"collection":[{"href":"https:\/\/analyse.optim.biz\/index.php?rest_route=\/wp\/v2\/posts"}],"about":[{"href":"https:\/\/analyse.optim.biz\/index.php?rest_route=\/wp\/v2\/types\/post"}],"author":[{"embeddable":true,"href":"https:\/\/analyse.optim.biz\/index.php?rest_route=\/wp\/v2\/users\/1"}],"replies":[{"embeddable":true,"href":"https:\/\/analyse.optim.biz\/index.php?rest_route=%2Fwp%2Fv2%2Fcomments&post=1843357"}],"version-history":[{"count":0,"href":"https:\/\/analyse.optim.biz\/index.php?rest_route=\/wp\/v2\/posts\/1843357\/revisions"}],"wp:attachment":[{"href":"https:\/\/analyse.optim.biz\/index.php?rest_route=%2Fwp%2Fv2%2Fmedia&parent=1843357"}],"wp:term":[{"taxonomy":"category","embeddable":true,"href":"https:\/\/analyse.optim.biz\/index.php?rest_route=%2Fwp%2Fv2%2Fcategories&post=1843357"},{"taxonomy":"post_tag","embeddable":true,"href":"https:\/\/analyse.optim.biz\/index.php?rest_route=%2Fwp%2Fv2%2Ftags&post=1843357"}],"curies":[{"name":"wp","href":"https:\/\/api.w.org\/{rel}","templated":true}]}}