{"id":184329,"date":"2015-03-19T19:03:27","date_gmt":"2015-03-19T16:03:27","guid":{"rendered":"https:\/\/analyse.optim.biz\/?p=184329"},"modified":"2015-03-19T19:03:27","modified_gmt":"2015-03-19T16:03:27","slug":"liviu-dragnea-cererea-de-arestare-a-lui-valcov-este-o-lovitura-importanta-pentru-imaginea-guvernului","status":"publish","type":"post","link":"https:\/\/analyse.optim.biz\/?p=184329","title":{"rendered":"Liviu Dragnea: Cererea de arestare a lui V\u00e2lcov este o lovitur\u0103 important\u0103 pentru imaginea Guvernului"},"content":{"rendered":"<div class=\"entry data-app-meta data-app-meta-article\" data-embed-base-url-canonical=\"https:\/\/www.digi24.ro\/embed\/stiri\/actualitate\/politica\/liviu-dragnea-cererea-de-arestare-a-lui-valcov-este-o-lovitura-importanta-pentru-imaginea-guvernului-372830\">\n<p data-index=\"1\"><img decoding=\"async\" src=\"https:\/\/analyse.optim.biz\/wp-content\/uploads\/2024\/09\/lkpqryz3ptgwmczoyxnoptllmtczztbjytg5mwzhmdg2nzizodhiyzqxnddlzgzi-thumb_.jpg\" data-skip-htmlfix=\"1\" title=\"lkpqryz3ptgwmczoyxnoptllmtczztbjytg5mwzhmdg2nzizodhiyzqxnddlzgzi-thumb_\"><\/p>\n<p data-index=\"2\">\u201e<span>E o lovitur\u0103 important\u0103, nu e ceva care s\u0103 ne fac\u0103 s\u0103 fim bucuro\u015fi, dar, p\u00e2n\u0103 la urm\u0103, r\u0103m\u00e2ne ceea ce face Guvernul pentru economie, pentru societate, pentru Rom\u00e2nia \u00een general \u015fi, p\u00e2n\u0103 acum, Guvernul a f\u0103cut lucruri bune. Acum, din nefericire, exact c\u00e2nd promov\u0103m Codul Fiscal, s-a \u00eent\u00e2mplat \u015fi acest necaz cu Darius V\u00e2lcov, dar cu Codul Fiscal mergem \u00eenainte\u201d, a spus Liviu Dragnea.<\/span><\/p>\n<p data-index=\"3\">\u00cen opinia sa, nu trebuie am\u00e2nate discu\u0163iile privind Codul fiscal \u015fi Codul de procedur\u0103 fiscal\u0103, iar \u015fedin\u0163a de Guvern convocat\u0103 pentru luni va avea loc conform programului stabilit.<\/p>\n<p data-index=\"4\">\u00centrebat de ce a fost acceptat\u0103 demisia lui Darius V\u00e2lcov din postul de ministru, de\u015fi premierul afirmase ini\u0163ial c\u0103 \u00eel va men\u0163ine \u00een Guvern p\u00e2n\u0103 c\u00e2nd vor fi adoptate Codul fiscal \u015fi Codul de procedur\u0103 fiscal\u0103, Liviu Dragnea a r\u0103spuns: \u201eE o nou\u0103 situa\u0163ie \u015fi probabil c\u0103 Darius nu mai are starea interioar\u0103 necesar\u0103 s\u0103 poat\u0103 s\u0103 gestioneze lucrurile astea, s\u0103 poat\u0103 s\u0103 se g\u00e2ndeasc\u0103 \u00een mod serios la ele\u201d.<\/p>\n<p data-index=\"5\">El a precizat c\u0103 prim-ministrul va g\u0103si \u00een perioada imediat\u0103 o propunere pentru un nou ministru, pe care i-o va prezenta pre\u015fedintelui Klaus Iohannis.<\/p>\n<p data-index=\"6\">\u201e<span>Nu s-a stabilit s\u0103 fie neap\u0103rat din partid sau neap\u0103rat tehnocrat, trebuie s\u0103 fie un om care s\u0103 poat\u0103 gestiona \u00een continuare discu\u0163iile din Parlament pe Codul Fiscal, care este proiectul nostru major, al Guvernului Ponta, \u015fi care s\u0103 fie un bun ministru. Este un minister greu \u015fi nu ne juc\u0103m\u201d, a conchis Liviu Dragnea.<\/span><\/p>\n<p data-index=\"7\">Victor Ponta a anun\u0163at anterior c\u0103 a aprobat demisia lui Darius V\u00e2lcov din postul de ministru al Finan\u0163elor, av\u00e2nd \u00een vedere cererea DNA de arestare a acestuia, \u015fi c\u0103 va prezenta \u00een cel mai scurt timp pre\u015fedintelui o propunere pentru acest portofoliu.<\/p>\n<p data-index=\"8\">Direc\u0163ia Na\u0163ional\u0103 Anticorup\u0163ie (DNA) <a href=\"https:\/\/www.digi24.ro\/Stiri\/Digi24\/Actualitate\/Justitie\/Darius+Valcov+audiat+la+DNA\" target=\"_blank\" data-skip-linkfix=\"1\" rel=\"noopener\">a cerut aviz de la Senat pentru re\u0163inerea \u015fi arestarea preventiv\u0103 a lui Darius V\u00e2lcov<\/a>, \u00een dosarul \u00een care<a href=\"https:\/\/www.digi24.ro\/Stiri\/Digi24\/Actualitate\/Justitie\/DNA+Darius+Valcov+primea+mita+in+pungi+de+plastic+Se+intalnea+cu\" target=\"_blank\" data-skip-linkfix=\"1\" rel=\"noopener\"> este acuzat de trafic de influen\u0163\u0103<\/a>, dup\u0103 ce ar fi intervenit, c\u00e2nd era primar al Slatinei, \u00een atribuirea unor contracte c\u0103tre un om de afaceri, care i-ar fi promis 20% din sumele \u00eencasate.<\/p>\n<p data-index=\"9\">Duminic\u0103, <a href=\"https:\/\/www.digi24.ro\/Stiri\/Regional\/Digi24+Craiova\/Stiri\/D+Valcov+si-a+dat+demisia+Ministrul+finantelor+este+acuzat+de+pr\" target=\"_blank\" data-skip-linkfix=\"1\" rel=\"noopener\">Darius V\u00e2lcov i-a \u00eenaintat premierului Victor Ponta demisia<\/a> din func\u0163ia de ministru al Finan\u0163elor, dar Victor Ponta a precizat atunci c\u0103 acesta va r\u0103m\u00e2ne ministru p\u00e2n\u0103 la finalizarea noului Cod fiscal.<\/p>\n<\/div>\n<p> Source URL: https:\/\/www.digi24.ro\/stiri\/actualitate\/politica\/liviu-dragnea-cererea-de-arestare-a-lui-valcov-este-o-lovitura-importanta-pentru-imaginea-guvernului-372830<\/p>\n","protected":false},"excerpt":{"rendered":"<p>\u201eE o lovitur\u0103 important\u0103, nu e ceva care s\u0103 ne fac\u0103 s\u0103 fim bucuro\u015fi, dar, p\u00e2n\u0103 la urm\u0103, r\u0103m\u00e2ne ceea ce face Guvernul pentru economie, pentru societate, pentru Rom\u00e2nia \u00een general \u015fi, p\u00e2n\u0103 acum, Guvernul a f\u0103cut lucruri bune. Acum, din nefericire, exact c\u00e2nd promov\u0103m Codul Fiscal, s-a \u00eent\u00e2mplat \u015fi acest necaz cu Darius V\u00e2lcov, [&hellip;]<\/p>\n","protected":false},"author":1,"featured_media":184330,"comment_status":"open","ping_status":"","sticky":false,"template":"","format":"standard","meta":{"footnotes":""},"categories":[2],"tags":[11],"class_list":["post-184329","post","type-post","status-publish","format-standard","has-post-thumbnail","hentry","category-politics","tag-digi24"],"_links":{"self":[{"href":"https:\/\/analyse.optim.biz\/index.php?rest_route=\/wp\/v2\/posts\/184329","targetHints":{"allow":["GET"]}}],"collection":[{"href":"https:\/\/analyse.optim.biz\/index.php?rest_route=\/wp\/v2\/posts"}],"about":[{"href":"https:\/\/analyse.optim.biz\/index.php?rest_route=\/wp\/v2\/types\/post"}],"author":[{"embeddable":true,"href":"https:\/\/analyse.optim.biz\/index.php?rest_route=\/wp\/v2\/users\/1"}],"replies":[{"embeddable":true,"href":"https:\/\/analyse.optim.biz\/index.php?rest_route=%2Fwp%2Fv2%2Fcomments&post=184329"}],"version-history":[{"count":0,"href":"https:\/\/analyse.optim.biz\/index.php?rest_route=\/wp\/v2\/posts\/184329\/revisions"}],"wp:featuredmedia":[{"embeddable":true,"href":"https:\/\/analyse.optim.biz\/index.php?rest_route=\/wp\/v2\/media\/184330"}],"wp:attachment":[{"href":"https:\/\/analyse.optim.biz\/index.php?rest_route=%2Fwp%2Fv2%2Fmedia&parent=184329"}],"wp:term":[{"taxonomy":"category","embeddable":true,"href":"https:\/\/analyse.optim.biz\/index.php?rest_route=%2Fwp%2Fv2%2Fcategories&post=184329"},{"taxonomy":"post_tag","embeddable":true,"href":"https:\/\/analyse.optim.biz\/index.php?rest_route=%2Fwp%2Fv2%2Ftags&post=184329"}],"curies":[{"name":"wp","href":"https:\/\/api.w.org\/{rel}","templated":true}]}}