{"id":1842513,"date":"2026-03-23T00:00:00","date_gmt":"2026-03-22T21:00:00","guid":{"rendered":"https:\/\/analyse.optim.biz\/?p=1842513"},"modified":"2026-03-23T00:00:00","modified_gmt":"2026-03-22T21:00:00","slug":"agresiune-in-plina-zi-la-focsani-inginer-silvic-batut-pe-strada-nicolae-balcescu-politia-a-deschis-dosar-penal","status":"publish","type":"post","link":"https:\/\/analyse.optim.biz\/?p=1842513","title":{"rendered":"Agresiune \u00een plin\u0103 zi la Foc\u0219ani: inginer silvic b\u0103tut pe strada Nicolae B\u0103lcescu. Poli\u021bia a deschis dosar penal"},"content":{"rendered":"<p>[analyse_image type=&#8221;featured&#8221; src=&#8221;https:\/\/zdvi.cname.ro\/_\/agresiune-in-plina-zi-la-focsani-inginer-silvic-batut-pe-strada-nicolae-balcescu.-politia-a-deschis-dosar-penal\/mediaPool\/uZMEKIF.jpeg&#8221;]<\/p>\n<div class=\"main-content detaliu-articol\"><a class=\"titlu-cat-list\" href=\"https:\/\/ziaruldevrancea.ro\/actualitatea\/stiri-locale\">Local<\/a><\/p>\n<h1>Agresiune \u00een plin\u0103 zi la Foc\u0219ani: inginer silvic b\u0103tut pe strada Nicolae B\u0103lcescu. Poli\u021bia a deschis dosar penal<\/h1>\n<div class=\"date-articol clearfix\">\n<div class=\"distribuie-articol dropdown\">\n    Distribuie: \u00a0<br \/>\n    <em>|<\/em><\/div>\n<div class=\"autor-articol\"><a href=\"https:\/\/ziaruldevrancea.ro\/autor\/nicolae-manoliu\/\"><img decoding=\"async\" class=\"img-circle\" src=\"https:\/\/zdvi.cname.ro\/50_50\/articleAuthor\/nicolae-manoliu\/articleAuthor\/u9tXyQL.PNG\" alt><\/a><\/p>\n<h5><a href=\"https:\/\/ziaruldevrancea.ro\/autor\/nicolae-manoliu\/\">Nicolae Manoliu<\/a><\/h5>\n<div class=\"grup-spatiere\"><span class=\"cu-spatiere\">23 mar 2026<\/span><span class=\"cu-spatiere\">1190 vizualiz\u0103ri<\/span><\/div>\n<\/div>\n<\/div>\n<div class=\"poza-mare\"><a href class=\"openGallery\"><img decoding=\"async\" class=\"img-responsive\" src=\"https:\/\/zdvi.cname.ro\/850_530\/agresiune-in-plina-zi-la-focsani-inginer-silvic-batut-pe-strada-nicolae-balcescu.-politia-a-deschis-dosar-penal\/article\/mediaPool\/uZMEKIF.jpeg\" alt><\/a><\/div>\n<p><strong>Caz cu implica\u021bii sensibile \u00een domeniul silvic din Vrancea: un angajat al INCDS \u201eMarin Dr\u0103cea\u201d reclam\u0103 agresiuni \u0219i fapte grave, \u00een timp ce IPJ confirm\u0103 ancheta penal\u0103<\/strong><\/p>\n<p>Un incident grav, cu posibile implica\u021bii \u00een domeniul silvic, a fost semnalat \u00een municipiul Foc\u0219ani, dup\u0103 ce un inginer silvic a reclamat c\u0103 a fost agresat \u00een plin\u0103 strad\u0103, \u00een contextul unor sesiz\u0103ri privind presupuse ilegalit\u0103\u021bi \u00een exploatarea forestier\u0103.<\/p>\n<p>Potrivit informa\u021biilor transmise redac\u021biei <em>Ziarul de Vrancea<\/em> \u00een data de 18 martie 2026, inginerul silvic <strong>P\u0103un Gabriel<\/strong>, angajat al Institutului Na\u021bional de Cercetare-Dezvoltare \u00een Silvicultur\u0103 \u201eMarin Dr\u0103cea\u201d, sus\u021bine c\u0103 a fost victima unei agresiuni fizice petrecute pe <strong>strada Nicolae B\u0103lcescu din Foc\u0219ani<\/strong>, \u00een data de <strong>16 martie 2026<\/strong>, \u00een jurul orei 16:00.<\/p>\n<p><strong>\u00a0Interven\u021bie de urgen\u021b\u0103: Poli\u021bie \u0219i ambulan\u021b\u0103 la fa\u021ba locului<\/strong><\/p>\n<p>Conform declara\u021biilor reclamantului, acesta a apelat serviciul de urgen\u021b\u0103 112 imediat dup\u0103 incident. La fa\u021ba locului s-au deplasat echipaje de poli\u021bie \u0219i ambulan\u021b\u0103, iar victima a fost transportat\u0103 la spital pentru \u00eengrijiri medicale, unde se afl\u0103 internat\u0103.<\/p>\n<p><strong>Inginerul silvic<\/strong><strong>P\u0103un Gabriel:\u00a0<\/strong>\u201e<strong>\u00a0<em>Faptele de agresiune asupra mea se incadreaza\u00a0 ca &lt;&lt;ultraj asupra personalului silvic\u00a0 in timpul serviciului&gt;&gt;\u00a0 conform Legii 8\/ 2022, art. 257. Eu sunt inginer silvic iar faptele s-au petrecut in timpul serviciului.\u201d\u00a0<\/em><\/strong><\/p>\n<p>Redac\u021bia <em>Ziarul de Vrancea<\/em> a solicitat un punct de vedere oficial din partea Inspectoratului de Poli\u021bie Jude\u021bean (IPJ) Vrancea.<\/p>\n<p><strong>\u00a0IPJ Vrancea confirm\u0103: dosar penal pentru lovire sau alte violen\u021be<\/strong><\/p>\n<p>\u00cen r\u0103spunsul transmis redac\u021biei, reprezentan\u021bii IPJ Vrancea au confirmat incidentul:<\/p>\n<blockquote>\n<p><strong>\u201eLa data de 16 martie a.c., \u00een jurul orei 16:23, poli\u021bi\u0219tii din cadrul Poli\u021biei Municipiului Foc\u0219ani au fost sesiza\u021bi cu privire la faptul c\u0103 un b\u0103rbat, de 51 de ani, ar fi fost agresat fizic de doi b\u0103rba\u021bi, de 57, respectiv 32 de ani, pe strada Nicolae B\u0103lcescu, \u00een municipiul Foc\u0219ani.<\/strong>\u201d<\/p>\n<\/blockquote>\n<p>Poli\u021bi\u0219tii au precizat c\u0103 victima a fost transportat\u0103 la spital, iar \u00een cauz\u0103 a fost \u00eentocmit un <strong>dosar penal pentru lovire sau alte violen\u021be<\/strong>, cercet\u0103rile fiind \u00een desf\u0103\u0219urare.<\/p>\n<p><strong>Context tensionat: acuza\u021bii privind ilegalit\u0103\u021bi \u00een domeniul silvic<\/strong><\/p>\n<p>Potrivit sesiz\u0103rii transmise de inginerul silvic, agresiunea ar avea leg\u0103tur\u0103 cu faptul c\u0103 acesta ar fi reclamat anterior la Poli\u021bie \u0219i Parchet presupuse infrac\u021biuni comise de personal silvic din cadrul unei baze experimentale din Vrancea.<\/p>\n<p>Printre acuza\u021biile men\u021bionate se num\u0103r\u0103:<\/p>\n<ul>\n<li>t\u0103ieri ilegale de arbori;<\/li>\n<li>furt de material lemnos;<\/li>\n<li>fals informatic \u0219i documente fictive;<\/li>\n<li>abuz \u00een serviciu.<\/li>\n<\/ul>\n<p>Reclamantul sus\u021bine c\u0103 o parte dintre aceste fapte ar fi fost deja semnalate autorit\u0103\u021bilor \u0219i chiar verificate \u00een teren, exist\u00e2nd indicii care au dus la deschiderea unor dosare penale.<\/p>\n<p>Totodat\u0103, acesta afirm\u0103 c\u0103 ar fi fost amenin\u021bat anterior \u0219i chiar agresat \u00een alte ocazii, inclusiv \u00een luna noiembrie 2025, \u00een zona fondului forestier Runcu \u2013 Bre\u021bcani.<\/p>\n<p><strong>\u00a0Ancheta continu\u0103<\/strong><\/p>\n<p>\u00cen prezent, poli\u021bi\u0219tii vr\u00e2nceni continu\u0103 cercet\u0103rile pentru a stabili cu exactitate \u00eemprejur\u0103rile \u00een care s-a produs agresiunea \u0219i pentru a lua m\u0103surile legale care se impun.<\/p>\n<p>Cazul r\u0103m\u00e2ne unul sensibil, av\u00e2nd \u00een vedere posibilele conexiuni cu activit\u0103\u021bi din domeniul silvic, un sector deja marcat de controverse la nivel na\u021bional.<\/p>\n<p><strong>Nicolae Manoliu<\/strong><\/p>\n<p><strong>Citi\u021bi \u0219i:<\/strong><\/p>\n<p><strong>Ce a \u00eentrebat Ziarul de Vrancea<\/strong><\/p>\n<div><strong>C\u0103tre: Inspectoratul de Poli\u021bie Jude\u021bean Vrancea<\/strong><\/div>\n<div><strong>\u00cen aten\u021bia: Compartimentului Rela\u021bii Publice \/ Purt\u0103torului de cuv\u00e2nt<\/strong><\/div>\n<div><strong>Subiect: Solicitare punct de vedere \u2013 agresiune reclamat\u0103 \u00een municipiul Foc\u0219ani (16 martie 2026)<\/strong><\/div>\n<div>\u201e\u00a0<em>Redac\u021bia Ziarul de Vrancea v\u0103 solicit\u0103 un punct de vedere oficial cu privire la un incident semnalat redac\u021biei noastre, referitor la o presupus\u0103 agresiune fizic\u0103 petrecut\u0103 \u00een municipiul Foc\u0219ani.<\/em><\/div>\n<div><em>Potrivit unei sesiz\u0103ri transmise \u00een data de 18 martie 2026 de c\u0103tre inginerul silvic P\u0103un Gabriel, angajat al Institutului Na\u021bional de Cercetare-Dezvoltare \u00een Silvicultur\u0103 \u201eMarin Dr\u0103cea\u201d, acesta ar fi fost agresat \u00een data de 16 martie 2026, \u00een jurul orei 16:00, pe strada Nicolae B\u0103lcescu din Foc\u0219ani, de c\u0103tre dou\u0103 persoane.<\/em><\/div>\n<div><em>\u00cen contextul celor semnalate, v\u0103 rug\u0103m s\u0103 ne comunica\u021bi:<\/em><\/div>\n<div><em>Dac\u0103 IPJ Vrancea a fost sesizat cu privire la acest incident \u0219i, \u00een caz afirmativ, c\u00e2nd a fost \u00eenregistrat\u0103 sesizarea;<\/em><\/div>\n<div><em>Ce m\u0103suri au fost dispuse de poli\u021bi\u0219ti \u00een acest caz;<\/em><\/div>\n<div><em>Dac\u0103 a fost deschis un dosar penal \u0219i \u00een ce stadiu se afl\u0103 cercet\u0103rile;<\/em><\/div>\n<div><em>Dac\u0103 persoanele implicate au fost identificate \u0219i audiate;<\/em><\/div>\n<div><em>Dac\u0103 exist\u0103 leg\u0103turi \u00eentre acest incident \u0219i eventuale alte dosare aflate \u00een lucru, privind fapte din domeniul silvic;<\/em><\/div>\n<div><em>Alte informa\u021bii de interes public pe care le pute\u021bi comunica \u00een acest moment.<\/em><\/div>\n<div><em>Preciz\u0103m c\u0103 informa\u021biile sunt solicitate \u00een baza dreptului publicului la informare \u0219i \u00een conformitate cu prevederile Legii nr. 544\/2001 privind liberul acces la informa\u021biile de interes public.<\/em><\/div>\n<div><em>V\u0103 rug\u0103m s\u0103 ne transmite\u021bi r\u0103spunsul dumneavoastr\u0103 \u00een cel mai scurt timp posibil, pentru o corect\u0103 informare a opiniei publice.<\/em><\/div>\n<div><em>V\u0103 mul\u021bumim!<\/em>\u201d &#8211;<strong>Redac\u021bia Ziarului de Vrancea<\/strong><\/div>\n<div><strong>R\u0103spunsul purt\u0103torului de cuv\u00e2nt al IPJ Vrancea:<\/strong>\u201e<em>La data de 16 martie a.c., \u00een jurul orei 16:23, poli\u021bi\u0219tii din cadrul Poli\u021biei Municipiului Foc\u0219ani au fost sesiza\u021bi cu privire la faptul c\u0103 un b\u0103rbat, de 51 de ani, ar fi fost agresat fizic de doi b\u0103rba\u021bi, de 57, respectiv 32 de ani, pe strada Nicolae B\u0103lcescu, \u00een municipiul Foc\u0219ani.\u00a0Persoana \u00een cauz\u0103 a fost transportat\u0103 la spital pentru acordarea de \u00eengrijiri de specialitate.Poli\u021bi\u0219tii continu\u0103 cercet\u0103rile \u00eentr-un dosar penal \u00eentocmit sub aspectul s\u0103v\u00e2r\u0219irii infrac\u021biunii de lovire sau alte violen\u021be, \u00een vederea stabilirii tuturor \u00eemprejur\u0103rilor \u00een care a avut loc evenimentul \u0219i lu\u0103rii m\u0103surilor legale ce se impun.\u201d\u00a0<\/em><\/div>\n<div>\u00a0<\/div>\n<hr>\n<div class=\"bloc-widget widget-rosu\">\n<p>\u00cen lipsa unui acord scris din partea Ziarului de Vrancea, pute\u0163i prelua maxim 500 de caractere din acest articol dac\u0103 preciza\u0163i sursa \u015fi insera\u0163i vizibil link-ul articolului:\u00a0<span>#insertcurrentlinkhere<\/span><\/p>\n<\/div>\n<div class=\"extra-articol listing-anunturi\">\n<h6>Anun\u021buri <span class=\"text-primary\">ZdV<\/span> Premium<\/h6>\n<div class=\"row\">\n<div class=\"col-lg-4 col-md-6 bloc-egal\"><a class=\"card-anunt\" href=\"https:\/\/ziaruldevrancea.ro\/anunturi\/auto\/import\/oferta-auto-anunt-72739\"><strong class=\"titlu\">Import<\/strong><span class=\"text-anunt\">V\u00e2nd MATIZ, stare bun\u0103 de func\u021bionare,&#8230;<\/span><span class=\"data-anunt\">23.03.2026  <\/span><\/a><\/div>\n<div class=\"col-lg-4 col-md-6 bloc-egal\"><a class=\"card-anunt\" href=\"https:\/\/ziaruldevrancea.ro\/anunturi\/necrolog\/decese\/s-a-stins-din-viata-prof.-ioana-grAjdeanu\"><strong class=\"titlu\">Decese<\/strong><span class=\"text-anunt\">&#8221;Adev\u0103rat, adev\u0103rat v\u0103 spun c\u0103 cine&#8230;<\/span><span class=\"data-anunt\">19.03.2026  <\/span><\/a><\/div>\n<div class=\"col-lg-4 col-md-6 bloc-egal\"><a class=\"card-anunt\" href=\"https:\/\/ziaruldevrancea.ro\/anunturi\/altele\/anulare-acte\/vand-scrumbii-autentice--superioare--gust-excelent\"><strong class=\"titlu\">Vanzari diverse<\/strong><span class=\"text-anunt\">Capturi in cantitati mici de pe sectorul Dunarii&#8230;<\/span><span class=\"data-anunt\">19.03.2026 , Gala\u021bi , Gala\u021bi<\/span><\/a><\/div>\n<\/div>\n<\/div>\n<div class=\"extra-articol alte-articole\">\n<div class=\"row\">\n<div class=\"col-lg-6 bloc-egal\">\n<div class=\"card articol-listing\">\n<h6>\u00cen categoria <a href=\"https:\/\/ziaruldevrancea.ro\/actualitatea\/stiri-locale\">Local<\/a><\/h6>\n<div class=\"grup-articol-listing\">\n<div class=\"cont-pils\"><a href=\"https:\/\/ziaruldevrancea.ro\/actualitatea\/stiri-locale\/tanar-din-odobesti-cercetat-penal-dupa-ce-s-a-luat-la-tranta-cu-ursul-mascota-al-unui-restaurant-din-centrul-brasovului\"><img decoding=\"async\" src=\"https:\/\/zdvi.cname.ro\/180_135\/actualitatea\/stiri-locale\/tanar-din-odobesti-cercetat-penal-dupa-ce-s-a-luat-la-tranta-cu-ursul-mascota-al-unui-restaurant-din-centrul-brasovului\/mediaPool\/uVAEClu.jpg\" class=\"img-responsive img-180\" alt><\/a><\/div>\n<h2><a class=\"link-titlu\" href=\"https:\/\/ziaruldevrancea.ro\/actualitatea\/stiri-locale\/tanar-din-odobesti-cercetat-penal-dupa-ce-s-a-luat-la-tranta-cu-ursul-mascota-al-unui-restaurant-din-centrul-brasovului\">T\u00e2n\u0103r din Odobe\u0219ti, cercetat penal dup\u0103  ce \u201es-a luat la tr\u00e2nt\u0103\u201d cu ursul-mascot\u0103 al unui restaurant din centrul Bra\u0219ovului<\/a><\/h2>\n<div class=\"date-post\"><a href=\"https:\/\/ziaruldevrancea.ro\/autor\/paul-petrache\">Paul Petrache<\/a>, 23 mar 2026  <\/div>\n<\/div>\n<div class=\"grup-articol-listing\">\n<div class=\"cont-pils\"><a href=\"https:\/\/ziaruldevrancea.ro\/actualitatea\/stiri-locale\/video-investitii-in-drumuri-educatie-si-energie-alaturi-de-evenimente-culturale-importante-pe-agenda-saptamanii-vrancea-la-zi\"><img decoding=\"async\" src=\"https:\/\/zdvi.cname.ro\/180_135\/actualitatea\/stiri-locale\/video-investitii-in-drumuri-educatie-si-energie-alaturi-de-evenimente-culturale-importante-pe-agenda-saptamanii-vrancea-la-zi\/mediaPool\/uPvWKlx.jpg\" class=\"img-responsive img-180\" alt><\/a><\/div>\n<h2><a class=\"link-titlu\" href=\"https:\/\/ziaruldevrancea.ro\/actualitatea\/stiri-locale\/video-investitii-in-drumuri-educatie-si-energie-alaturi-de-evenimente-culturale-importante-pe-agenda-saptamanii-vrancea-la-zi\">VIDEO | Investi\u021bii \u00een drumuri, educa\u021bie \u0219i energie, al\u0103turi de evenimente culturale importante pe agenda s\u0103pt\u0103m\u00e2nii \u201eVrancea la Zi\u201d <\/a><\/h2>\n<div class=\"date-post\"><a href=\"https:\/\/ziaruldevrancea.ro\/autor\/camelia-marin\">Camelia Marin<\/a>, 23 mar 2026  <\/div>\n<\/div>\n<div class=\"grup-articol-listing\">\n<div class=\"cont-pils\"><a href=\"https:\/\/ziaruldevrancea.ro\/actualitatea\/stiri-locale\/ancheta-de-amploare-in-vrancea-suspiciuni-de-agresiune-sexuala-asupra-unor-eleve-din-mera-soferul-microbuzului-scolar-vizat\"><img decoding=\"async\" src=\"https:\/\/zdvi.cname.ro\/180_135\/actualitatea\/stiri-locale\/ancheta-de-amploare-in-vrancea-suspiciuni-de-agresiune-sexuala-asupra-unor-eleve-din-mera-soferul-microbuzului-scolar-vizat\/mediaPool\/ukEL0mg.jpg\" class=\"img-responsive img-180\" alt><\/a><\/div>\n<h2><a class=\"link-titlu\" href=\"https:\/\/ziaruldevrancea.ro\/actualitatea\/stiri-locale\/ancheta-de-amploare-in-vrancea-suspiciuni-de-agresiune-sexuala-asupra-unor-eleve-din-mera-soferul-microbuzului-scolar-vizat\">Anchet\u0103 de amploare \u00een Vrancea: suspiciuni de agresiune sexual\u0103 asupra unor eleve din Mera, \u0219oferul microbuzului \u0219colar, vizat<\/a><\/h2>\n<div class=\"date-post\"><a href=\"https:\/\/ziaruldevrancea.ro\/autor\/camelia-marin\">Camelia Marin<\/a>, 23 mar 2026  <\/div>\n<\/div>\n<\/div>\n<\/div>\n<div class=\"col-lg-6 bloc-egal\">\n<div class=\"card articol-listing\">\n<h6>De acela\u0219i <a href=\"https:\/\/ziaruldevrancea.ro\/autor\/nicolae-manoliu\/\">autor<\/a><\/h6>\n<div class=\"grup-articol-listing\">\n<div class=\"cont-pils\"><a href=\"https:\/\/ziaruldevrancea.ro\/jurnalism-cetatenesc\/video-situatie-revoltatoare-la-casa-de-pensii-vrancea-conditii-insalubre-in-toaleta-publica-din-focsani\"><img decoding=\"async\" src=\"https:\/\/zdvi.cname.ro\/180_135\/jurnalism-cetatenesc\/video-situatie-revoltatoare-la-casa-de-pensii-vrancea-conditii-insalubre-in-toaleta-publica-din-focsani\/mediaPool\/uEsYNm1.jpg\" class=\"img-responsive img-180\" alt><\/a><\/div>\n<h2><a class=\"link-titlu\" href=\"https:\/\/ziaruldevrancea.ro\/jurnalism-cetatenesc\/video-situatie-revoltatoare-la-casa-de-pensii-vrancea-conditii-insalubre-in-toaleta-publica-din-focsani\">VIDEO | Situa\u021bie revolt\u0103toare la Casa de Pensii Vrancea: condi\u021bii insalubre \u00een toaleta public\u0103 de la parterul institu\u021biei, din Foc\u0219ani<\/a><\/h2>\n<div class=\"date-post\"><a href=\"https:\/\/ziaruldevrancea.ro\/autor\/nicolae-manoliu\">Nicolae Manoliu<\/a>, 22 mar 2026  <\/div>\n<\/div>\n<div class=\"grup-articol-listing\">\n<div class=\"cont-pils\"><a href=\"https:\/\/ziaruldevrancea.ro\/localitati\/orasul-marasesti\/fostul-primar-din-marasesti-valerica-dorel-chitic-sub-control-judiciar-dupa-retinerea-in-dosarul-de-delapidare\"><img decoding=\"async\" src=\"https:\/\/zdvi.cname.ro\/180_135\/localitati\/orasul-marasesti\/fostul-primar-din-marasesti-valerica-dorel-chitic-sub-control-judiciar-dupa-retinerea-in-dosarul-de-delapidare\/mediaPool\/ukzcBo6.png\" class=\"img-responsive img-180\" alt><\/a><\/div>\n<h2><a class=\"link-titlu\" href=\"https:\/\/ziaruldevrancea.ro\/localitati\/orasul-marasesti\/fostul-primar-din-marasesti-valerica-dorel-chitic-sub-control-judiciar-dupa-retinerea-in-dosarul-de-delapidare\">Fostul primar din M\u0103r\u0103\u0219e\u0219ti, Valeric\u0103-Dorel Chitic, sub control judiciar dup\u0103 re\u021binerea \u00een dosarul de delapidare<\/a><\/h2>\n<div class=\"date-post\"><a href=\"https:\/\/ziaruldevrancea.ro\/autor\/nicolae-manoliu\">Nicolae Manoliu<\/a>, 21 mar 2026  <\/div>\n<\/div>\n<div class=\"grup-articol-listing\">\n<div class=\"cont-pils\"><a href=\"https:\/\/ziaruldevrancea.ro\/actualitatea\/stiri-locale\/video-cainele-politist-hao-eroul-cu-patru-labe-al-operatiunilor-antidrog.-a-participat-si-la-descinderile-diicot-din-vrancea\"><img decoding=\"async\" src=\"https:\/\/zdvi.cname.ro\/180_135\/actualitatea\/stiri-locale\/video-cainele-politist-hao-eroul-cu-patru-labe-al-operatiunilor-antidrog.-a-participat-si-la-descinderile-diicot-din-vrancea\/mediaPool\/ucAjTHw.jpg\" class=\"img-responsive img-180\" alt><\/a><\/div>\n<h2><a class=\"link-titlu\" href=\"https:\/\/ziaruldevrancea.ro\/actualitatea\/stiri-locale\/video-cainele-politist-hao-eroul-cu-patru-labe-al-operatiunilor-antidrog.-a-participat-si-la-descinderile-diicot-din-vrancea\">VIDEO | C\u00e2inele poli\u021bist HAO, eroul cu patru labe al opera\u021biunilor antidrog. A participat \u0219i la descinderile DIICOT din Vrancea<\/a><\/h2>\n<div class=\"date-post\"><a href=\"https:\/\/ziaruldevrancea.ro\/autor\/nicolae-manoliu\">Nicolae Manoliu<\/a>, 13 mar 2026  <\/div>\n<\/div>\n<\/div>\n<\/div>\n<\/div>\n<\/div>\n<div class=\"extra-articol listing-anunturi\">\n<h6>Anun\u021buri <span class=\"text-primary\">ZdV<\/span> Premium<\/h6>\n<div class=\"row\">\n<div class=\"col-lg-4 col-md-6 bloc-egal\"><a class=\"card-anunt\" href=\"https:\/\/ziaruldevrancea.ro\/anunturi\/httpswww.ziaruldevrancea.roanunturialtelediversevand-struguri-de-vin-toate-soiurile\/vand-scrumbii-dunare-superioare--capturi-galati\"><strong class=\"titlu\">VANZARI DIVERSE<\/strong><span class=\"text-anunt\">Scrumbii proaspete ( cantitati mici ) superioare ,&#8230;<\/span><span class=\"data-anunt\">19.03.2026 , Gala\u021bi , Gala\u021bi<\/span><\/a><\/div>\n<div class=\"col-lg-4 col-md-6 bloc-egal\"><a class=\"card-anunt\" href=\"https:\/\/ziaruldevrancea.ro\/anunturi\/httpswww.ziaruldevrancea.roanunturialtelediversevand-struguri-de-vin-toate-soiurile\/vand-pat-si-doua-chiuvete\"><strong class=\"titlu\">VANZARI DIVERSE<\/strong><span class=\"text-anunt\">V\u00e2nd pat o persoan\u0103, cu saltea (1500 lei),&#8230;<\/span><span class=\"data-anunt\">10.03.2026  <\/span><\/a><\/div>\n<div class=\"col-lg-4 col-md-6 bloc-egal\"><a class=\"card-anunt\" href=\"https:\/\/ziaruldevrancea.ro\/anunturi\/imobiliare\/vanzari-ap-3-camere\/vand-apartament-in-focsani\"><strong class=\"titlu\">V\u00e2nz\u0103ri ap 3 camere<\/strong><span class=\"text-anunt\">Vand apartament \u00een Foc\u0219ani 3 camere la&#8230;<\/span><span class=\"data-anunt\">04.03.2026  <\/span><\/a><\/div>\n<\/div>\n<\/div>\n<div class=\"bloc-widget widget-albastru\">\n    Ziarul de Vrancea \u00a0nu este responsabil juridic pentru con\u0163inutul textelor din comentariile de mai jos. Responsabilitatea pentru mesajele dumneavoastra v\u0103 revine \u00een exclusivitate.\n<\/div>\n<div class=\"comentarii-articol\" id=\"comentarii\">\n<h3>Comentarii: <span class=\"text-primary\">0<\/span><\/h3>\n<p><a href=\"https:\/\/ziaruldevrancea.ro\/actualitatea\/stiri-locale\/agresiune-in-plina-zi-la-focsani-inginer-silvic-batut-pe-strada-nicolae-balcescu.-politia-a-deschis-dosar-penal\" class=\"btn btn-success btn-adauga-com\" data-toggle=\"modal\" data-parent=\"0\" data-target=\"#commentModal\">Adaug\u0103 comentariu<\/a><\/p>\n<div class=\"loadMask comments-mask\"><img decoding=\"async\" src=\"https:\/\/zdvs.cname.ro\/images\/loader_40.gif\"><\/div>\n<div class=\"comenteaza-jos\">Trebuie s\u0103 fii <a href=\"https:\/\/ziaruldevrancea.ro\/account\">autentificat<\/a> pentru a putea <a href=\"https:\/\/ziaruldevrancea.ro\/actualitatea\/stiri-locale\/agresiune-in-plina-zi-la-focsani-inginer-silvic-batut-pe-strada-nicolae-balcescu.-politia-a-deschis-dosar-penal\" class data-toggle=\"modal\" data-parent=\"0\" data-target=\"#commentModal\">posta un comentariu<\/a>.<\/div>\n<\/div>\n<div class=\"modal fade\" id=\"commentModal\" role=\"dialog\" aria-labelledby=\"commentModalLabel\">\n<div class=\"modal-dialog modal-lg\" role=\"document\">\n<div class=\"modal-content\">\n<div class=\"modal-header\">\n<h3 class=\"modal-title\" id=\"commentModalLabel\">Comenteaz\u0103<\/h3>\n<\/div>\n<div class=\"modal-body\">\n<div class=\"tabel tabel-full\">\n<div class=\"celula\">\n              Trebuie s\u0103 fii <a href=\"https:\/\/ziaruldevrancea.ro\/account\">autentificat<\/a> pentru a putea posta un comentariu.\n            <\/div>\n<\/div>\n<\/div>\n<div class=\"modal-footer\">\n<div id=\"commentPending\" class=\"formPending pull-left\"><img decoding=\"async\" src=\"https:\/\/zdvs.cname.ro\/images\/loader_40.gif\"> In curs de procesare&#8230;<\/div>\n<p><a href=\"https:\/\/ziaruldevrancea.ro\/actualitatea\/stiri-locale\/agresiune-in-plina-zi-la-focsani-inginer-silvic-batut-pe-strada-nicolae-balcescu.-politia-a-deschis-dosar-penal\" class=\"btn btn-default\" data-dismiss=\"modal\">Anuleaz\u0103<\/a><\/div>\n<\/div>\n<\/div>\n<\/div>\n<div class=\"modal fade\" id=\"commentReportModal\" role=\"dialog\" aria-labelledby=\"commentReportModalLabel\">\n<div class=\"modal-dialog modal-lg\" role=\"document\">\n<div class=\"modal-content\">\n<div class=\"modal-header\">\n<h3 class=\"modal-title\" id=\"commentReportModalLabel\">Raporteaza comentariu<\/h3>\n<\/div>\n<div class=\"modal-body\">\n<div class=\"tabel tabel-full\">\n<div class=\"celula\">\n              Trebuie s\u0103 fii <a href=\"https:\/\/ziaruldevrancea.ro\/account\">autentificat<\/a> pentru a putea raporta un comentariu.\n            <\/div>\n<\/div>\n<\/div>\n<div class=\"modal-footer\">\n<div id=\"commentReportPending\" class=\"formPending pull-left\"><img decoding=\"async\" src=\"https:\/\/zdvs.cname.ro\/images\/loader_40.gif\"> In curs de procesare&#8230;<\/div>\n<p><a href=\"https:\/\/ziaruldevrancea.ro\/actualitatea\/stiri-locale\/agresiune-in-plina-zi-la-focsani-inginer-silvic-batut-pe-strada-nicolae-balcescu.-politia-a-deschis-dosar-penal\" class=\"btn btn-default\" data-dismiss=\"modal\">Anuleaz\u0103<\/a><\/div>\n<\/div>\n<\/div>\n<\/div>\n<div class=\"modal fade\" id=\"commentLikeModal\" role=\"dialog\" aria-labelledby=\"commentLikeModalLabel\">\n<div class=\"modal-dialog modal-lg\" role=\"document\">\n<div class=\"modal-content\">\n<div class=\"modal-header\">\n<h3 class=\"modal-title\" id=\"commentReportModalLabel\">Apreciaza comentariu<\/h3>\n<\/div>\n<div class=\"modal-body\">\n<div class=\"tabel tabel-full\">\n<div class=\"celula\">\n            Trebuie s\u0103 fii <a href=\"https:\/\/ziaruldevrancea.ro\/account\">autentificat<\/a> pentru a putea aprecia un comentariu.\n          <\/div>\n<\/div>\n<\/div>\n<div class=\"modal-footer\"><a href=\"https:\/\/ziaruldevrancea.ro\/actualitatea\/stiri-locale\/agresiune-in-plina-zi-la-focsani-inginer-silvic-batut-pe-strada-nicolae-balcescu.-politia-a-deschis-dosar-penal\" class=\"btn btn-default\" data-dismiss=\"modal\">Anuleaz\u0103<\/a><\/div>\n<\/div>\n<\/div>\n<\/div>\n<div class=\"bloc-widget widget-rosu\"><span><small>Ziarul de Vrancea doreste ca acest site sa fie un spatiu al discutiilor civilizate, al comentariilor de bun simt. Din acest motiv, cei care posteaza comentarii la articole trebuie sa respecte urmatoarele reguli:<br \/>\n1. Sa se refere doar la articolul la care posteaza comentarii.<br \/>\n2. Sa foloseasca un limbaj civilizat, fara injurii, calomnii, comentarii antisemite, xenofobe sau rasiste.<br \/>\n3. Sunt interzise atacurile la adresa autorilor, daca acestea nu au legatura cu textul.<br \/>\n4. Username-ul sa nu fie nume de personalitati ale vietii publice sau parodieri ale acestora.<br \/>\nAutorul unui articol poate fi criticat pentru eventuale greseli, incoerenta, lipsa de documentare etc.<br \/>\nNerespectarea regulilor mentionate mai sus va duce la stergerea comentariilor, fara avertisment si fara explicatii.<br \/>\nAbaterile repetate vor avea drept consecinta interdictia accesului la aceasta facilitate a site-ului.<\/small><\/span><\/div>\n<\/div>\n<p>[analyse_source url=&#8221;https:\/\/ziaruldevrancea.ro\/actualitatea\/stiri-locale\/agresiune-in-plina-zi-la-focsani-inginer-silvic-batut-pe-strada-nicolae-balcescu.-politia-a-deschis-dosar-penal&#8221;]<\/p>\n","protected":false},"excerpt":{"rendered":"<p>[analyse_image type=&#8221;featured&#8221; src=&#8221;https:\/\/zdvi.cname.ro\/_\/agresiune-in-plina-zi-la-focsani-inginer-silvic-batut-pe-strada-nicolae-balcescu.-politia-a-deschis-dosar-penal\/mediaPool\/uZMEKIF.jpeg&#8221;] Local Agresiune \u00een plin\u0103 zi la Foc\u0219ani: inginer silvic b\u0103tut pe strada Nicolae B\u0103lcescu. Poli\u021bia a deschis dosar penal Distribuie: \u00a0 | Nicolae Manoliu 23 mar 20261190 vizualiz\u0103ri Caz cu implica\u021bii sensibile \u00een domeniul silvic din Vrancea: un angajat al INCDS \u201eMarin Dr\u0103cea\u201d reclam\u0103 agresiuni \u0219i fapte grave, \u00een timp ce IPJ [&hellip;]<\/p>\n","protected":false},"author":1,"featured_media":0,"comment_status":"open","ping_status":"","sticky":false,"template":"","format":"standard","meta":{"footnotes":""},"categories":[89],"tags":[226,208],"class_list":["post-1842513","post","type-post","status-publish","format-standard","hentry","category-romania","tag-crawlmanager","tag-ziaruldevrancea-ro"],"_links":{"self":[{"href":"https:\/\/analyse.optim.biz\/index.php?rest_route=\/wp\/v2\/posts\/1842513","targetHints":{"allow":["GET"]}}],"collection":[{"href":"https:\/\/analyse.optim.biz\/index.php?rest_route=\/wp\/v2\/posts"}],"about":[{"href":"https:\/\/analyse.optim.biz\/index.php?rest_route=\/wp\/v2\/types\/post"}],"author":[{"embeddable":true,"href":"https:\/\/analyse.optim.biz\/index.php?rest_route=\/wp\/v2\/users\/1"}],"replies":[{"embeddable":true,"href":"https:\/\/analyse.optim.biz\/index.php?rest_route=%2Fwp%2Fv2%2Fcomments&post=1842513"}],"version-history":[{"count":0,"href":"https:\/\/analyse.optim.biz\/index.php?rest_route=\/wp\/v2\/posts\/1842513\/revisions"}],"wp:attachment":[{"href":"https:\/\/analyse.optim.biz\/index.php?rest_route=%2Fwp%2Fv2%2Fmedia&parent=1842513"}],"wp:term":[{"taxonomy":"category","embeddable":true,"href":"https:\/\/analyse.optim.biz\/index.php?rest_route=%2Fwp%2Fv2%2Fcategories&post=1842513"},{"taxonomy":"post_tag","embeddable":true,"href":"https:\/\/analyse.optim.biz\/index.php?rest_route=%2Fwp%2Fv2%2Ftags&post=1842513"}],"curies":[{"name":"wp","href":"https:\/\/api.w.org\/{rel}","templated":true}]}}