{"id":1842506,"date":"2026-03-21T00:00:00","date_gmt":"2026-03-20T21:00:00","guid":{"rendered":"https:\/\/analyse.optim.biz\/?p=1842506"},"modified":"2026-03-21T00:00:00","modified_gmt":"2026-03-20T21:00:00","slug":"mozaic-stiri-nationale-medic-sunt-antrenori-care-le-recomanda-unor-sportivi-sa-fumeze-mai-ales-inaintea-unei-competitii","status":"publish","type":"post","link":"https:\/\/analyse.optim.biz\/?p=1842506","title":{"rendered":"MOZAIC \u0218TIRI NA\u021aIONALE: Medic: Sunt antrenori care le recomand\u0103 unor sportivi s\u0103 fumeze, mai ales \u00eenaintea unei competi\u0163ii"},"content":{"rendered":"<p>[analyse_image type=&#8221;featured&#8221; src=&#8221;https:\/\/zdvi.cname.ro\/_\/mozaic-stiri-nationale-medic-sunt-antrenori-care-le-recomanda-unor-sportivi-sa-fumeze-mai-ales-inaintea-unei-competitii\/mediaPool\/uNuHC1Y.jpg&#8221;]<\/p>\n<div class=\"main-content detaliu-articol\"><a class=\"titlu-cat-list\" href=\"https:\/\/ziaruldevrancea.ro\/actualitatea\/national\">Na\u021bional<\/a><\/p>\n<h1>MOZAIC \u0218TIRI NA\u021aIONALE: Medic: Sunt antrenori care le recomand\u0103 unor sportivi s\u0103 fumeze, mai ales \u00eenaintea unei competi\u0163ii<\/h1>\n<div class=\"date-articol clearfix\">\n<div class=\"distribuie-articol dropdown\">\n    Distribuie: \u00a0<br \/>\n    <em>|<\/em><\/div>\n<div class=\"autor-articol\"><a href=\"https:\/\/ziaruldevrancea.ro\/autor\/rodica-condurache\/\"><img decoding=\"async\" class=\"img-circle\" src=\"https:\/\/zdvi.cname.ro\/50_50\/articleAuthor\/rodica-condurache\/articleAuthor\/uy6Kz5r.jpg\" alt><\/a><\/p>\n<h5><a href=\"https:\/\/ziaruldevrancea.ro\/autor\/rodica-condurache\/\">Rodica Condurache<\/a><\/h5>\n<div class=\"grup-spatiere\"><span class=\"cu-spatiere\">21 mar 2026<\/span><span class=\"cu-spatiere\">244 vizualiz\u0103ri<\/span><\/div>\n<\/div>\n<\/div>\n<div class=\"poza-mare\"><a href class=\"openGallery\"><img decoding=\"async\" class=\"img-responsive\" src=\"https:\/\/zdvi.cname.ro\/850_530\/mozaic-stiri-nationale-medic-sunt-antrenori-care-le-recomanda-unor-sportivi-sa-fumeze-mai-ales-inaintea-unei-competitii\/article\/mediaPool\/uNuHC1Y.jpg\" alt><\/a><\/div>\n<p>Dr. Magdalena Ciobanu, medic primar pneumolog \u015fi tabacolog, a afirmat c\u0103 mai sunt unii antrenori care le recomand\u0103 sportivilor s\u0103 fumeze, mai ales \u00eenaintea unei competi\u0163ii pentru a da un randament maxim, folosind fumatul ca pe o substan\u0163\u0103 dopant\u0103 legal\u0103. Ea a precizat c\u0103 exist\u0103 \u015fi modalit\u0103\u0163i s\u0103n\u0103toase prin care poate fi ob\u0163inut acela\u015fi randament.<\/p>\n<p>\u00a0<\/p>\n<p>Magdalena Ciobanu a fost \u00eentrebat\u0103 la Medika Tv, care este rela\u0163ia dintre mi\u015fcarea fizic\u0103 \u015fi fumat. \u201dDac\u0103 mi\u015fcarea fizic\u0103 este f\u0103cut\u0103 cu acordul copilului, de fapt \u0163igara nu prea \u00ee\u015fi mai are aici locul. De ce? Corpul nostru a fost minunat f\u0103cut. El func\u0163ioneaz\u0103 extraordinar. Atunci c\u00e2nd mu\u015fchiul se contract\u0103, se transmit informa\u0163ii inclusiv la acea zon\u0103 din creierul nostru care se nume\u015fte centrul pl\u0103cerii \u015fi al recompensei \u015fi mi\u015fcarea fizic\u0103 ne d\u0103 o stare de bine. Evident c\u0103 nu se compar\u0103 o mi\u015fcare obi\u015fnuit\u0103 cu senza\u0163ia pe care \u0163i-o ofer\u0103 un drog, indiferent c\u0103 e vorba de alcool, tutun, canabis sau ce dori\u0163i. Dar este o senza\u0163ie de bine \u015fi atunci c\u00e2nd copilul face o mi\u015fcare, un tip de mi\u015fcare fizic\u0103, pentru c\u0103 nu e vorba numai de sport, e vorba \u015fi de dans, este vorba \u015fi de medita\u0163ie, e vorba \u015fi de yoga, sunt foarte multe posibilit\u0103\u0163i \u00een ziua de ast\u0103zi de a te mi\u015fca, de a pune mu\u015fchii la munc\u0103, ei bine, \u00een acest complex de mi\u015fc\u0103ri, se produc endorfine\u201d, a afirmat Magdalena Ciobanu.<\/p>\n<p>Ea a precizat c\u0103 exist\u0103 antrenori care \u00eei \u00eendeamn\u0103 pe sportivi s\u0103 fumeze tocmai pentru a-\u015fi \u00eembun\u0103t\u0103\u0163i performan\u0163a. \u201dDac\u0103 copilul este \u015fi \u00eentr-o echip\u0103, adic\u0103 este \u00eentr-un mediu \u00een care este validat, este apreciat, atunci el nu mai simte nevoia de a fuma. Din nefericire \u00eens\u0103 atunci c\u00e2nd vorbim mai ales de sportivii de performan\u0163\u0103, exist\u0103 ni\u015fte jum\u0103t\u0103\u0163i de mituri. De exemplu, sunt \u00eenc\u0103 antrenori care le recomand\u0103 unor sportivi s\u0103 fumeze, mai ales \u00eenaintea unei competi\u0163ii, \u00eenaintea de a da un maxim de randament. Este vorba de acele sporturi de scurt\u0103 durat\u0103, foarte intense, de exemplu, alergarea pe lungime scurt\u0103, nu maratonul. Ori \u00een astfel de situa\u0163ii \u00een care trebuie s\u0103 ai o izbucnire de adrenalin\u0103, de hormon, nicotina care ac\u0163ioneaz\u0103 ca un fel de stimulator, de substan\u0163e stimulatoare, poate s\u0103 \u00eei dea atletului, sportivului s\u0103-i dea acel surplus de energie, s\u0103-l fac\u0103 s\u0103 se simt\u0103 c\u0103 este mai puternic. \u00cen schimb c\u00e2nd este vorba de sport de anduran\u0163\u0103, prin faptul c\u0103 fumatul scade de fapt nivelul oxigenului din s\u00e2nge, fumatul este, din contr\u0103 un element care diminueaz\u0103 performan\u0163a\u201d, a explicat medicul pneumolog.<\/p>\n<p>Magdalena Ciobanu a men\u0163ionat c\u0103 exist\u0103 \u015fi modalit\u0103\u0163i s\u0103n\u0103toase care au acela\u015fi rezultat. \u00a0\u201dEste, dac\u0103 vre\u0163i, ca un fel de drog legal, o substan\u0163\u0103 dopant\u0103 legal\u0103 pe care unii antrenori continu\u0103 din p\u0103cate s\u0103 o recomande. \u00cens\u0103 exist\u0103 \u015fi alte modalit\u0103\u0163i de a ob\u0163ine exact acel zv\u00e2c acea cre\u015ftere brusc\u0103 pe durat\u0103 scurt\u0103 a randamentului. Sunt modalit\u0103\u0163i mai s\u0103n\u0103toase pe care ast\u0103zi le cunoa\u015ftem foarte bine \u015fi un antrenor sau ni\u015fte p\u0103rin\u0163i care sunt interesa\u0163i de binele pe durat\u0103 lung\u0103 al copilului trebuie s\u0103 le apeleze \u015fi s\u0103 nu apeleze la \u0163igari\u201d, a mai transmis Magdalena Ciobanu.<\/p>\n<p><strong>Descoperire arheologic\u0103 de senza\u021bie: cimitir nem\u021besc descoperit la T\u00e2rgu Neam\u021b de cercet\u0103tori nem\u021bi<\/strong><\/p>\n<p>Un cimitir din secolul al XIX-lea care a apar\u021binut comunit\u0103\u021bii germane din zona ora\u0219ului T\u00e2rgu-Neam\u021b a fost descoperit, zilele acestea, de o echip\u0103 de cercet\u0103tori din Germania.<\/p>\n<p>Ace\u0219tia sunt de la Universitatea din Erlangen-N\u00fcrnberg \u0219i au venit \u00een zon\u0103 pentru a efectua cercet\u0103ri arheologice neinvazive, \u00een cadrul unui proiect comun cu arheologi de la Complexul Muzeal Na\u021bional (CMN) Neam\u021b.<\/p>\n<p>Potrivit cercet\u0103torului Vasile Diaconu, din cadrul Muzeului de Istorie \u0219i Etnografie T\u00e2rgu Neam\u021b, investiga\u021biile folosesc tehnologii moderne de cercetare a structurilor antropice aflate \u00een subsol \u0219i ofer\u0103 arheologilor informa\u021bii precise despre localizarea vestigiilor.<\/p>\n<p>Scopul cercet\u0103rilor este de a investiga a\u0219ez\u0103rile preistorice, dar speciali\u0219tii germani, \u00eempreun\u0103 cu arheologii nem\u021beni, au decis s\u0103 fac\u0103 o verificare \u00eentr-o loca\u021bie aproape necunoscut\u0103 p\u00e2n\u0103 acum.<\/p>\n<p>Totul a \u00eenceput \u00een urm\u0103 cu pu\u021bin timp, c\u00e2nd au fost identificate c\u00e2teva h\u0103r\u021bi din secolul al XIX-lea cu zona ora\u0219ului T\u00e2rgu Neam\u021b. Pe aceste h\u0103r\u021bi ap\u0103rea un obiectiv despre care nu exist\u0103 nicio informa\u021bie istoric\u0103, respectiv un cimitir german, aflat \u00een marginea estic\u0103 a t\u00e2rgului de atunci.<\/p>\n<p>Pornind de la aceast\u0103 informa\u021bie, arheologul Vasile Diaconu \u00eempreun\u0103 cu echipa de speciali\u0219ti germani au decis s\u0103 fac\u0103 o scanare geofizic\u0103 a perimetrului respectiv pentru a verifica existen\u021ba unui spa\u021biu funerar \u0219i implicit pentru a verifica veridicitatea informa\u021biilor consemnate pe h\u0103r\u021bile vechi.<\/p>\n<p>Diaconu a precizat, pentru Agerpres, c\u0103 demersul nu a fost deloc simplu, deoarece, \u00een prezent, zona respectiv\u0103 este p\u0103\u0219une pentru animale \u0219i nu s-a p\u0103strat niciun indiciu al existen\u021bei unui cimitir.<\/p>\n<p>&#8216;Gra\u021bie eforturilor colegului meu Iulian Maftei, care a g\u0103sit acele h\u0103r\u021bi, am pornit \u00een aceast\u0103 aventur\u0103, de\u0219i eram aproape convins c\u0103 nu vom putea identifica respectivul cimitir german, av\u00e2nd \u00een vedere lipsa oric\u0103rui reper vizibil \u00een teren. Cu toate acestea, av\u00e2nd tehnologia colegilor de la Erlangen, dar \u0219i experien\u021ba lor de teren, am reu\u0219it s\u0103 identific\u0103m urmele acelui spa\u021biu funerar. F\u0103r\u0103 s\u0103 aib\u0103 o vechime mare, din punctul meu de vedere este o descoperire de excep\u021bie, pentru care nu existau alte surse documentare \u0219i care va \u00eembog\u0103\u021bi istoria local\u0103&#8217;, a declarat Vasile Diaconu.<\/p>\n<p>Conform m\u0103sur\u0103torilor echipei germane, cimitirul nu avea dimensiuni mari, dar era delimitat de o incint\u0103 zidit\u0103. Pe harta geomagnetic\u0103 a sitului se observau foarte bine \u0219i mormintele.<\/p>\n<p>Speciali\u0219tii de la Universitatea din Erlangen s-au ar\u0103tat foarte \u00eenc\u00e2nta\u021bi de aceast\u0103 descoperire, cu implica\u021bii istorice deosebite. &#8216;Cercetarea noastr\u0103 a relevat existen\u021ba unei incinte de form\u0103 rectangular\u0103, care \u00eenchidea un spa\u021biu de aproape 400 de metri p\u0103tra\u021bi, iar scanarea a surprins contururile a cel pu\u021bin 10 morminte, care, destul de probabil, aveau \u0219i pietre funerare. Pentru noi este o descoperire interesant\u0103, dar care trebuie confirmat\u0103 printr-o cercetare arheologic\u0103. Putem spune c\u0103 are \u0219i o anumit\u0103 valoare sentimental\u0103, av\u00e2nd \u00een vedere faptul c\u0103 este vorba de un spa\u021biu funerar care a apar\u021binut cona\u021bionalilor no\u0219tri din secolul al XIX-lea&#8217;, a spus coordonatorul echipei germane, dr. Carsten Mischka \u00eentr-o declara\u021bie acordat\u0103 Agerpres.<\/p>\n<p>Arheologii nem\u021beni \u00ee\u0219i propun ca pentru o validare a acestor rezultate geofizice s\u0103 fie f\u0103cute \u0219i cercet\u0103ri arheologice, care ar putea s\u0103 aduc\u0103 informa\u021bii istorice pre\u021bioase. Prin folosirea acestor metode neivazive de cercetare pot fi descoperite lucruri cu totul deosebite, chiar \u0219i din timpuri mai apropiate de prezent, dar pentru care nu exist\u0103 suficiente date istorice.<\/p>\n<p><strong>Vremea se \u00eenc\u0103lze\u0219te brusc \u00een aceast\u0103 s\u0103pt\u0103m\u00e2n\u0103<\/strong><\/p>\n<p>Administra\u021bia Na\u021bional\u0103 de Meteorologie (ANM) anun\u021b\u0103 o schimbare radical\u0103 a vremii imediat dup\u0103 acest weekend. Valorile termice vor urca constant, de la 12 grade la \u00eenceputul s\u0103pt\u0103m\u00e2nii p\u00e2n\u0103 la pragul de 20 de grade Celsius \u00een perioada s\u0103rb\u0103torilor pascale.<\/p>\n<p>Vremea se men\u021bine stabil\u0103 \u00een acest weekend, cu temperaturi apropiate de normalul perioadei, dar de luni valorile termice vor cre\u0219te semnificativ, a anun\u021bat directorul general al ANM, Elena Mateescu, la Digi 24.<\/p>\n<p>\u201eLa acest final de s\u0103pt\u0103m\u00e2n\u0103, cont\u0103m pe mici varia\u021bii de la o zi la alta, cu temperaturi minime ce pot cobor\u00ee p\u00e2n\u0103 la -5 grade \u00een depresiunile din estul Transilvaniei \u0219i p\u00e2n\u0103 la 6-7 grade \u00een vestul \u0219i sud-vestul \u021b\u0103rii\u201d, a spus \u0219efa ANM.<\/p>\n<p>\u00cencep\u00e2nd de luni, procesul de \u00eenc\u0103lzire va fi resim\u021bit clar \u00een toat\u0103 \u021bara, mai ales \u00een timpul zilei. Mar\u021bi, temperaturile maxime se vor situa deja \u00eentre 12 \u0219i 17 grade Celsius. Tendin\u021ba de \u00eenc\u0103lzire va continua \u0219i \u00een a doua parte a s\u0103pt\u0103m\u00e2nii viitoare. De joi, valorile termice vor ajunge la 18-19 grade, inclusiv \u00een Capital\u0103. V\u00e2rful de temperatur\u0103 este a\u0219teptat chiar de s\u0103rb\u0103tori, c\u00e2nd vremea va fi una specific\u0103 prim\u0103verii<\/p>\n<p>\u201ePentru perioada Pa\u0219telui, temperaturile vor fi apropiate de normalul datei din calendar, ceea ce \u00eenseamn\u0103 c\u0103 este posibil s\u0103 atingem 19-20 de grade, cu 17-18 grade \u00een Capital\u0103\u201d, a precizat Elena Mateescu.<\/p>\n<p><strong>Sondaj Avangarde &#8211; AUR conduce cu 35% \u00een topul inten\u0163iilor de vot pentru alegerile parlamentare<\/strong><\/p>\n<p>AUR conduce cu 35% \u00een topul inten\u0163iilor de vot pentru alegerile parlamentare, urmat de PSD \u015fi PN, conform unui sondaj Avangarde, citat de news.ro.<\/p>\n<p>AUR se situeaz\u0103 pe primul loc \u00een topul op\u0163iunilor pebtru Parlament, cu o cot\u0103 de 35%, urmat de PSD &#8211; 22%, PNL &#8211; 14%, USR &#8211; 11%, UDMR &#8211; 5%, SOS Rom\u00e2nia 3%. 79% dintre cei chestiona\u0163i consider\u0103 c\u0103 direc\u0163ia \u00een care se \u00eendreapt\u0103 Rom\u00e2nia este gre\u015fit\u0103, iar 18% consider\u0103 c\u0103 direc\u0163ia este bun\u0103.<\/p>\n<p>43% dintre subiec\u0163i se declar\u0103 total nemul\u0163umi\u0163i de modul \u00een care gestioneaz\u0103 Rom\u00e2nia Guvernul condus de Ilie Bolojan, \u00een timp ce 37% sunt \u201dmai degab\u0103 nemul\u0163umi\u0163i\u201d, 17% sunt \u201dmai degrab\u0103 mul\u0163umi\u0163i\u201d, iar 1% sunt mul\u0163umi\u0163i.<\/p>\n<p>Sondajul a fost realizat telefonic, \u00een perioada 10 &#8211; 17 martie, pe un e\u015fantion multi-stratificat. probabilistic de 1.000 de subiec\u0163i. Eroarea maxim\u0103 de e\u015fantionare, la un nivel de \u00eencredere de 95%, este de \u00c2\/- 3%.<\/p>\n<p><strong>O rom\u00e2nc\u0103 \u0219i un iranian, pu\u0219i sub acuzare pentru un incident \u00een proximitatea unei baze de submarine \u00een Regatul Unit<\/strong><\/p>\n<p>Un iranian \u0219i o rom\u00e2nc\u0103 au fost pu\u0219i sub acuzare dup\u0103 ce au \u00eencercat s\u0103 p\u0103trund\u0103 \u00een perimetrul unei baze navale care g\u0103zduie\u0219te for\u021ba de descurajare nuclear\u0103 a Regatului Unit, informeaz\u0103 s\u00e2mb\u0103t\u0103 PA Media \u0219i dpa.<\/p>\n<p>Un b\u0103rbat \u00een v\u00e2rst\u0103 de 34 de ani \u0219i o femeie \u00een v\u00e2rst\u0103 de 31 de ani au fost pu\u0219i sub acuzare \u00een urma incidentului de la Baza Naval\u0103 HM Clyde din Sco\u021bia, cunoscut\u0103 sub numele de Faslane.<\/p>\n<p>&#8216;\u00cen jurul orei 17:00, joi, 19 martie 2026, am fost informa\u021bi despre dou\u0103 persoane care \u00eencercau s\u0103 intre \u00een Baza Naval\u0103 HM Clyde. Un iranian \u00een v\u00e2rst\u0103 de 34 de ani \u0219i o rom\u00e2nc\u0103 \u00een v\u00e2rst\u0103 de 31 de ani au fost aresta\u021bi \u0219i acuza\u021bi \u00een leg\u0103tur\u0103 cu incidentul. Ace\u0219tia urmeaz\u0103 s\u0103 fie prezenta\u021bi \u00een fa\u021ba Cur\u021bii \u0218erifului din Dumbarton luni, 23 martie. Anchetele sunt \u00een curs de desf\u0103\u0219urare&#8217;, a transmis \u00eentr-un comunicat poli\u021bia sco\u021bian\u0103.<\/p>\n<p>Faslane g\u0103zduie\u0219te nucleul flotei de submarine a Regatului Unit \u0219i sistemul de descurajare nuclear\u0103 Trident. Marina Regal\u0103 a informat anterior c\u0103 dou\u0103 persoane au \u00eencercat f\u0103r\u0103 succes s\u0103 intre \u00een baz\u0103, iar cotidianul britanic The Sun a scris despre cei doi c\u0103 ar fi presupu\u0219i spioni iranieni.<\/p>\n<p><strong>O femeie de 45 de ani a murit dup\u0103 ce a c\u0103zut \u00een latrina unei gospod\u0103rii din jude\u0163ul Neam\u0163<\/strong><\/p>\n<p>O femeie \u00een v\u00e2rst\u0103 de 45 de ani \u015fi-a pierdut via\u0163a, s\u00e2mb\u0103t\u0103, dup\u0103 ce a c\u0103zut \u00een latrina unei gospod\u0103rii din jude\u0163ul Neam\u0163. Ea a fost scoas\u0103, dar nu a r\u0103spuns manevrelor de resuscitare, scrie news.ro.<\/p>\n<p>Reprezentan\u0163ii Inspectoratului pentru Situa\u0163ii de Urgen\u0163\u0103 Neam\u0163 au anun\u0163at c\u0103 pompierii au fost solicita\u0163i s\u0103 intervin\u0103, s\u00e2mb\u0103t\u0103, prin apel 112, dup\u0103 ce o persoan\u0103 a c\u0103zut \u00een latrina unei gospod\u0103rii din comuna Bozieni. \u201dP\u00e2n\u0103 la sosirea pompierilor, persoana a fost scoas\u0103 din mediul ostil de c\u0103tre cet\u0103\u0163eni. Persoana, aflat\u0103 \u00een stare de incon\u015ftien\u0163\u0103, a fost preluat\u0103 de echipajul de pompieri (ajuns la scurt timp dup\u0103 ce aceasta a fost extras\u0103) care a \u00eenceput imediat manevrele de resuscitare\u201d, au transmis reprezentan\u0163ii ISU Neam\u0163.<\/p>\n<p>Femeia, \u00een v\u00e2rst\u0103 de 45 de ani, nu a r\u0103spuns manevrelor de resuscitare, iar medicul de pe ambulan\u0163a SMURD a declarat decesul acesteia.<\/p>\n<p><strong>Accident grav la Suceava \u2013 Un mort, doi r\u0103ni\u021bi \u0219i dou\u0103 ma\u0219ini distruse complet<\/strong><\/p>\n<p>Un b\u0103rbat a murit, iar alte dou\u0103 persoane au fost r\u0103nite, \u00een urma unui accident teribil, \u00een care dou\u0103 autoturisme s-au ciocnit frontal pe DN2, \u00een dreptul localit\u0103\u0163ii P\u0103tr\u0103u\u0163i, din jude\u0163ul Suceava. R\u0103ni\u0163ii, un b\u0103rbat \u015fi o femeie, au fost transporta\u0163i la spital. Ambele autoturisme au fost distruse complet, din ele r\u0103m\u00e2n\u00e2nd un morman de fiare contorsionate. \u00cen accident a fost implicat \u015fi un microbuz \u00een care se afla doar \u015foferul, acesta neav\u00e2nd nevoie de \u00eengrijiri medicale.<\/p>\n<p>Inspectoratul pentru Situa\u0163ii de Urgen\u0163\u0103 Suceava informeaz\u0103, s\u00e2mb\u0103t\u0103 sear\u0103, c\u0103 pe DN 2, \u00een zona localitatii P\u0103tr\u0103u\u0163i, a avut loc un grav accident de circula\u0163ie \u00een care au fost implicate dou\u0103 autoturisme \u015fi un microbuz.<\/p>\n<p>Potrivit sursei citate, accidentul s-a produs dup\u0103 ce dou\u0103 autoturisme s-au ciocnit frontal, la fa\u0163a locului intervenind pompierii militari din cadrului Deta\u015famentului Suceava cu o autospecial\u0103 pentru descarcerare, o autospecial\u0103 de stingere \u015fi o ambulan\u0163\u0103 SMURD B2, cu sprijinul a dou\u0103 echipaje SAJ, dintre care una fiind \u00eencadrat\u0103 cu medic. \u201e\u00centr-unul dintre autoturisme se afla un b\u0103rbat \u00eencarcerat, incon\u015ftient. Dup\u0103 extragerea acestuia dintre fiarele contorsionate, s-a declarat decesul de c\u0103tre medicul de pe ambulan\u0163a SAJ, acesta prezent\u00e2nd leziuni incompatibile cu via\u0163a. \u00cen cel de al doilea autoturism se aflau un b\u0103rbat \u015fi o femeie, con\u015ftien\u0163i, b\u0103rbatul fiind \u00eencarcerat \u00een interiorul autoturismului. Dup\u0103 extragerea acestuia a fost predat echipajelor medicale \u015fi paramedicale\u201d, precizeaz\u0103 ISU Suceava.<\/p>\n<p>Aceea\u015fi surs\u0103 men\u0163ioneaz\u0103 c\u0103 ambele victime din cel de-al doilea autoturism au fost transportate la spital pentru investiga\u0163ii suplimentare \u015fi tratament de specialitate.<\/p>\n<p>\u00cen evenimentul rutier a fost implicat \u015fi un microbuz \u00een care se afla doar conduc\u0103torul acestuia, care nu a avut nevoie de \u00eengrijiri medicale, au mai precizat reprezentan\u0163ii ISU Suceava.<\/p>\n<p>Potrivit imaginilor de la locul accidentului, cele dou\u0103 autoturisme au fost distruse complet, din ele r\u0103m\u00e2n\u00e2nd doar un morman de fiare contorsionate.<\/p>\n<p><strong>Trei b\u0103rba\u0163i condamna\u0163i pentru tentativ\u0103 de omor, prin\u015fi de poli\u0163ie pe aeroportul din Bac\u0103u<\/strong><\/p>\n<p>Trei b\u0103rba\u0163i condamna\u0163i \u00eentr-un dosar de tentativ\u0103 de omor au fost prin\u015fi de c\u0103tre poli\u0163i\u015fti, s\u00e2mb\u0103t\u0103 sear\u0103, pe aeroportul din Bac\u0103u. Cei trei tocmai se \u00eentorseser\u0103 \u00een Rom\u00e2nia cu un avion care venise din Italia, scrie news.ro.<\/p>\n<p>Poli\u0163i\u015ftii din Bac\u0103u au identificat, \u00een seara zilei de s\u00e2mb\u0103t\u0103, trei b\u0103rba\u0163i cu v\u00e2rste cuprinse \u00eentre 30 \u015fi 36 de ani, to\u0163i din jude\u0163ul Bac\u0103u, condamna\u0163i pentru tentativ\u0103 de omor.<\/p>\n<p>\u201ePersoanele \u00een cauz\u0103 figureaz\u0103 c\u0103utate pentru a fi arestate \u00een vederea pred\u0103rii sau a extr\u0103d\u0103rii pentru infrac\u0163iunea de tentativ\u0103 de omor, cu condamn\u0103ri \u00eentre 3 ani \u015fi 10 luni, \u00een cazul a doi dintre ei \u015fi 4 ani \u015fi 6 luni, pentru a treia persoan\u0103\u201d, informeaz\u0103 oficialii Poli\u0163iei Bac\u0103u.<\/p>\n<p>Cei trei au fost depista\u0163i la controlul f\u0103cut de poli\u0163i\u015ftii de frontier\u0103 din Aeroportul George Enescu. Ei tocmai intraser\u0103 \u00een \u0163ar\u0103, cu un avion care venea de la Roma-Bac\u0103u.<\/p>\n<p>Conform sursei citate, condamna\u0163ii vor fi preda\u0163i poli\u0163i\u015ftilor din cadrul Poli\u0163iei Transporturi Aeriene Bac\u0103u \u00een vederea depunerii acestora \u00een Penitenciarul Bac\u0103u.<\/p>\n<p><strong>B\u0103rbat r\u0103nit grav, dup\u0103 ce a c\u0103zut c\u00e2teva sute de metri \u00eentr-o pr\u0103pastie, \u00een Mun\u0163ii Bucegi<\/strong><\/p>\n<p>Un turist a fost grav r\u0103nit, s\u00e2mb\u0103t\u0103 dup\u0103-amiaz\u0103, dup\u0103 ce a c\u0103zut c\u00e2teva sute de metri \u00eentr-o pr\u0103pastie din Valea Alb\u0103, \u00een Mun\u0163ii Bucegi. El a fost scos de acolo cu ajutorul unui elicopter \u015fi al salvamonti\u015ftilor, unul dintre cobor\u00e2nd cu troliul din aparatul de zbor pentru a-l prelua pe b\u0103rbat.<\/p>\n<p>Accidentul s-a produs pe Valea Alb\u0103 din Bucegi, s\u00e2mb\u0103t\u0103, unde un turist din Bra\u015fov, \u00een v\u00e2rst\u0103 de 68 ani, a c\u0103zut c\u00e2teva sute de metri, r\u0103nindu-se foarte grav.<\/p>\n<p>\u201eElicopterul a aterizat pe stadion (n. red. &#8211; stadionul din sta\u0163iunea prahovean\u0103 Bu\u015fteni), prelu\u00e2ndu-i pe cei doi salvatori montani. Victima a fost scoas\u0103 prin troliere din zona de abrupt \u015fi, dup\u0103 o scurt\u0103 escal\u0103 pe stadion, a fost transportat\u0103 la Spitalul Jude\u0163ean de Urgen\u0163\u0103 Bra\u015fov, fiind \u00een stare foarte grav\u0103, cu multiple traumatisme\u201d, au transmis reprezentan\u0163ii Salvamont Prahova, care au intervenit pentru preluarea b\u0103rbatului.<\/p>\n<p>Ac\u0163iunea salvatorilor montani a avut loc \u00een condi\u0163iile \u00een care ace\u015ftia participau la Gala Muntelui &#8211; Bu\u015fteni\u00a0 2026, unde au fost premia\u0163i pentru cele 162 interven\u0163ii aero realizate de c\u0103tre Salvamont la nivel na\u0163ional \u00een anul 2025, \u00een colaborare cu elicopterele Inspectoratului General de Avia\u0163ie-SMURD.<\/p>\n<p>\u00a0<\/p>\n<p>\u00a0<\/p>\n<p>\u00a0<\/p>\n<p>\u00a0<\/p>\n<hr>\n<div class=\"bloc-widget widget-rosu\">\n<p>\u00cen lipsa unui acord scris din partea Ziarului de Vrancea, pute\u0163i prelua maxim 500 de caractere din acest articol dac\u0103 preciza\u0163i sursa \u015fi insera\u0163i vizibil link-ul articolului:\u00a0<span>#insertcurrentlinkhere<\/span><\/p>\n<\/div>\n<div class=\"extra-articol listing-anunturi\">\n<h6>Anun\u021buri <span class=\"text-primary\">ZdV<\/span> Premium<\/h6>\n<div class=\"row\">\n<div class=\"col-lg-4 col-md-6 bloc-egal\"><a class=\"card-anunt\" href=\"https:\/\/ziaruldevrancea.ro\/anunturi\/auto\/import\/oferta-auto-anunt-72739\"><strong class=\"titlu\">Import<\/strong><span class=\"text-anunt\">V\u00e2nd MATIZ, stare bun\u0103 de func\u021bionare,&#8230;<\/span><span class=\"data-anunt\">23.03.2026  <\/span><\/a><\/div>\n<div class=\"col-lg-4 col-md-6 bloc-egal\"><a class=\"card-anunt\" href=\"https:\/\/ziaruldevrancea.ro\/anunturi\/necrolog\/decese\/s-a-stins-din-viata-prof.-ioana-grAjdeanu\"><strong class=\"titlu\">Decese<\/strong><span class=\"text-anunt\">&#8221;Adev\u0103rat, adev\u0103rat v\u0103 spun c\u0103 cine&#8230;<\/span><span class=\"data-anunt\">19.03.2026  <\/span><\/a><\/div>\n<div class=\"col-lg-4 col-md-6 bloc-egal\"><a class=\"card-anunt\" href=\"https:\/\/ziaruldevrancea.ro\/anunturi\/altele\/anulare-acte\/vand-scrumbii-autentice--superioare--gust-excelent\"><strong class=\"titlu\">Vanzari diverse<\/strong><span class=\"text-anunt\">Capturi in cantitati mici de pe sectorul Dunarii&#8230;<\/span><span class=\"data-anunt\">19.03.2026 , Gala\u021bi , Gala\u021bi<\/span><\/a><\/div>\n<\/div>\n<\/div>\n<div class=\"extra-articol alte-articole\">\n<div class=\"row\">\n<div class=\"col-lg-6 bloc-egal\">\n<div class=\"card articol-listing\">\n<h6>\u00cen categoria <a href=\"https:\/\/ziaruldevrancea.ro\/actualitatea\/national\">Na\u021bional<\/a><\/h6>\n<div class=\"grup-articol-listing\">\n<div class=\"cont-pils\"><a href=\"https:\/\/ziaruldevrancea.ro\/actualitatea\/national\/mozaic-Stiri-naTionale-sondaj-inscop-doi-din-trei-romani-sunt-total-de-acord-cu-o-varsta-minima-legala-pentru-accesul-minorilor-la-retele-sociale\"><img decoding=\"async\" src=\"https:\/\/zdvi.cname.ro\/180_135\/actualitatea\/national\/mozaic-Stiri-naTionale-sondaj-inscop-doi-din-trei-romani-sunt-total-de-acord-cu-o-varsta-minima-legala-pentru-accesul-minorilor-la-retele-sociale\/mediaPool\/u3ds0zN.jpg\" class=\"img-responsive img-180\" alt><\/a><\/div>\n<h2><a class=\"link-titlu\" href=\"https:\/\/ziaruldevrancea.ro\/actualitatea\/national\/mozaic-Stiri-naTionale-sondaj-inscop-doi-din-trei-romani-sunt-total-de-acord-cu-o-varsta-minima-legala-pentru-accesul-minorilor-la-retele-sociale\">MOZAIC \u0218TIRI NA\u021aIONALE: Sondaj INSCOP: Doi din trei rom\u00e2ni sunt total de acord cu o v\u00e2rst\u0103 minim\u0103 legal\u0103 pentru accesul minorilor la re\u021bele sociale<\/a><\/h2>\n<div class=\"date-post\"><a href=\"https:\/\/ziaruldevrancea.ro\/autor\/rodica-condurache\">Rodica Condurache<\/a>, 22 mar 2026  <\/div>\n<\/div>\n<div class=\"grup-articol-listing\">\n<div class=\"cont-pils\"><a href=\"https:\/\/ziaruldevrancea.ro\/actualitatea\/national\/mozaic-stiri-nationale-psd-continua-sa-destabilizeze-coalitia\"><img decoding=\"async\" src=\"https:\/\/zdvi.cname.ro\/180_135\/actualitatea\/national\/mozaic-stiri-nationale-psd-continua-sa-destabilizeze-coalitia\/mediaPool\/uWgVEth.jpg\" class=\"img-responsive img-180\" alt><\/a><\/div>\n<h2><a class=\"link-titlu\" href=\"https:\/\/ziaruldevrancea.ro\/actualitatea\/national\/mozaic-stiri-nationale-psd-continua-sa-destabilizeze-coalitia\">MOZAIC \u0218TIRI NA\u021aIONALE: PSD continu\u0103 s\u0103 destabilizeze coali\u021bia<\/a><\/h2>\n<div class=\"date-post\"><a href=\"https:\/\/ziaruldevrancea.ro\/autor\/rodica-condurache\">Rodica Condurache<\/a>, 19 mar 2026  <\/div>\n<\/div>\n<div class=\"grup-articol-listing\">\n<div class=\"cont-pils\"><a href=\"https:\/\/ziaruldevrancea.ro\/actualitatea\/national\/mozaic-Stiri-naTionale-remorcher-scufundat-in-portul-midia\"><img decoding=\"async\" src=\"https:\/\/zdvi.cname.ro\/180_135\/actualitatea\/national\/mozaic-Stiri-naTionale-remorcher-scufundat-in-portul-midia\/mediaPool\/u9fK0c4.jpeg\" class=\"img-responsive img-180\" alt><\/a><\/div>\n<h2><a class=\"link-titlu\" href=\"https:\/\/ziaruldevrancea.ro\/actualitatea\/national\/mozaic-Stiri-naTionale-remorcher-scufundat-in-portul-midia\">MOZAIC \u0218TIRI NA\u021aIONALE: Remorcher scufundat \u00een Portul Midia<\/a><\/h2>\n<div class=\"date-post\"><a href=\"https:\/\/ziaruldevrancea.ro\/autor\/rodica-condurache\">Rodica Condurache<\/a>, 17 mar 2026  <\/div>\n<\/div>\n<\/div>\n<\/div>\n<div class=\"col-lg-6 bloc-egal\">\n<div class=\"card articol-listing\">\n<h6>De acela\u0219i <a href=\"https:\/\/ziaruldevrancea.ro\/autor\/rodica-condurache\/\">autor<\/a><\/h6>\n<div class=\"grup-articol-listing\">\n<div class=\"cont-pils\"><a href=\"https:\/\/ziaruldevrancea.ro\/actualitatea\/stiri-locale\/ce-gasesc-vrancenii-in-editia-tiparita-zdv-din-23-martie-2026-tragedii-anchete-performante-si-investitii\"><img decoding=\"async\" src=\"https:\/\/zdvi.cname.ro\/180_135\/actualitatea\/stiri-locale\/ce-gasesc-vrancenii-in-editia-tiparita-zdv-din-23-martie-2026-tragedii-anchete-performante-si-investitii\/mediaPool\/uqsZPud.jpg\" class=\"img-responsive img-180\" alt><\/a><\/div>\n<h2><a class=\"link-titlu\" href=\"https:\/\/ziaruldevrancea.ro\/actualitatea\/stiri-locale\/ce-gasesc-vrancenii-in-editia-tiparita-zdv-din-23-martie-2026-tragedii-anchete-performante-si-investitii\">Ce g\u0103sesc vr\u00e2ncenii \u00een edi\u021bia tip\u0103rit\u0103 ZdV din 23 martie 2026: tragedii, anchete, performan\u021be \u0219i investi\u021bii<\/a><\/h2>\n<div class=\"date-post\"><a href=\"https:\/\/ziaruldevrancea.ro\/autor\/rodica-condurache\">Rodica Condurache<\/a>, 23 mar 2026  <\/div>\n<\/div>\n<div class=\"grup-articol-listing\">\n<div class=\"cont-pils\"><a href=\"https:\/\/ziaruldevrancea.ro\/timp-liber\/horoscop-23-martie-2026\"><img decoding=\"async\" src=\"https:\/\/zdvi.cname.ro\/180_135\/timp-liber\/horoscop-23-martie-2026\/mediaPool\/uA8enxT.jpg\" class=\"img-responsive img-180\" alt><\/a><\/div>\n<h2><a class=\"link-titlu\" href=\"https:\/\/ziaruldevrancea.ro\/timp-liber\/horoscop-23-martie-2026\">Horoscop 23 martie 2026 <\/a><\/h2>\n<div class=\"date-post\"><a href=\"https:\/\/ziaruldevrancea.ro\/#comentarii\" class=\"pull-right\"> 4<\/a><a href=\"https:\/\/ziaruldevrancea.ro\/autor\/rodica-condurache\">Rodica Condurache<\/a>, 23 mar 2026  <\/div>\n<\/div>\n<div class=\"grup-articol-listing\">\n<div class=\"cont-pils\"><a href=\"https:\/\/ziaruldevrancea.ro\/timp-liber\/calendarul-zilei-de-23-martie-evenimente-care-au-marcat-lumea-reflectate-in-memoria-si-identitatea-vrancei\"><img decoding=\"async\" src=\"https:\/\/zdvi.cname.ro\/180_135\/timp-liber\/calendarul-zilei-de-23-martie-evenimente-care-au-marcat-lumea-reflectate-in-memoria-si-identitatea-vrancei\/mediaPool\/uOUQEkE.jpg\" class=\"img-responsive img-180\" alt><\/a><\/div>\n<h2><a class=\"link-titlu\" href=\"https:\/\/ziaruldevrancea.ro\/timp-liber\/calendarul-zilei-de-23-martie-evenimente-care-au-marcat-lumea-reflectate-in-memoria-si-identitatea-vrancei\">Calendarul zilei de 23 martie: Evenimente care au marcat lumea, reflectate \u00een memoria \u0219i identitatea Vrancei<\/a><\/h2>\n<div class=\"date-post\"><a href=\"https:\/\/ziaruldevrancea.ro\/autor\/rodica-condurache\">Rodica Condurache<\/a>, 23 mar 2026  <\/div>\n<\/div>\n<\/div>\n<\/div>\n<\/div>\n<\/div>\n<div class=\"extra-articol listing-anunturi\">\n<h6>Anun\u021buri <span class=\"text-primary\">ZdV<\/span> Premium<\/h6>\n<div class=\"row\">\n<div class=\"col-lg-4 col-md-6 bloc-egal\"><a class=\"card-anunt\" href=\"https:\/\/ziaruldevrancea.ro\/anunturi\/httpswww.ziaruldevrancea.roanunturialtelediversevand-struguri-de-vin-toate-soiurile\/vand-scrumbii-dunare-superioare--capturi-galati\"><strong class=\"titlu\">VANZARI DIVERSE<\/strong><span class=\"text-anunt\">Scrumbii proaspete ( cantitati mici ) superioare ,&#8230;<\/span><span class=\"data-anunt\">19.03.2026 , Gala\u021bi , Gala\u021bi<\/span><\/a><\/div>\n<div class=\"col-lg-4 col-md-6 bloc-egal\"><a class=\"card-anunt\" href=\"https:\/\/ziaruldevrancea.ro\/anunturi\/httpswww.ziaruldevrancea.roanunturialtelediversevand-struguri-de-vin-toate-soiurile\/vand-pat-si-doua-chiuvete\"><strong class=\"titlu\">VANZARI DIVERSE<\/strong><span class=\"text-anunt\">V\u00e2nd pat o persoan\u0103, cu saltea (1500 lei),&#8230;<\/span><span class=\"data-anunt\">10.03.2026  <\/span><\/a><\/div>\n<div class=\"col-lg-4 col-md-6 bloc-egal\"><a class=\"card-anunt\" href=\"https:\/\/ziaruldevrancea.ro\/anunturi\/imobiliare\/vanzari-ap-3-camere\/vand-apartament-in-focsani\"><strong class=\"titlu\">V\u00e2nz\u0103ri ap 3 camere<\/strong><span class=\"text-anunt\">Vand apartament \u00een Foc\u0219ani 3 camere la&#8230;<\/span><span class=\"data-anunt\">04.03.2026  <\/span><\/a><\/div>\n<\/div>\n<\/div>\n<div class=\"bloc-widget widget-albastru\">\n    Ziarul de Vrancea \u00a0nu este responsabil juridic pentru con\u0163inutul textelor din comentariile de mai jos. Responsabilitatea pentru mesajele dumneavoastra v\u0103 revine \u00een exclusivitate.\n<\/div>\n<div class=\"comentarii-articol\" id=\"comentarii\">\n<h3>Comentarii: <span class=\"text-primary\">0<\/span><\/h3>\n<p><a href=\"https:\/\/ziaruldevrancea.ro\/actualitatea\/national\/mozaic-stiri-nationale-medic-sunt-antrenori-care-le-recomanda-unor-sportivi-sa-fumeze-mai-ales-inaintea-unei-competitii\" class=\"btn btn-success btn-adauga-com\" data-toggle=\"modal\" data-parent=\"0\" data-target=\"#commentModal\">Adaug\u0103 comentariu<\/a><\/p>\n<div class=\"loadMask comments-mask\"><img decoding=\"async\" src=\"https:\/\/zdvs.cname.ro\/images\/loader_40.gif\"><\/div>\n<div class=\"comenteaza-jos\">Trebuie s\u0103 fii <a href=\"https:\/\/ziaruldevrancea.ro\/account\">autentificat<\/a> pentru a putea <a href=\"https:\/\/ziaruldevrancea.ro\/actualitatea\/national\/mozaic-stiri-nationale-medic-sunt-antrenori-care-le-recomanda-unor-sportivi-sa-fumeze-mai-ales-inaintea-unei-competitii\" class data-toggle=\"modal\" data-parent=\"0\" data-target=\"#commentModal\">posta un comentariu<\/a>.<\/div>\n<\/div>\n<div class=\"modal fade\" id=\"commentModal\" role=\"dialog\" aria-labelledby=\"commentModalLabel\">\n<div class=\"modal-dialog modal-lg\" role=\"document\">\n<div class=\"modal-content\">\n<div class=\"modal-header\">\n<h3 class=\"modal-title\" id=\"commentModalLabel\">Comenteaz\u0103<\/h3>\n<\/div>\n<div class=\"modal-body\">\n<div class=\"tabel tabel-full\">\n<div class=\"celula\">\n              Trebuie s\u0103 fii <a href=\"https:\/\/ziaruldevrancea.ro\/account\">autentificat<\/a> pentru a putea posta un comentariu.\n            <\/div>\n<\/div>\n<\/div>\n<div class=\"modal-footer\">\n<div id=\"commentPending\" class=\"formPending pull-left\"><img decoding=\"async\" src=\"https:\/\/zdvs.cname.ro\/images\/loader_40.gif\"> In curs de procesare&#8230;<\/div>\n<p><a href=\"https:\/\/ziaruldevrancea.ro\/actualitatea\/national\/mozaic-stiri-nationale-medic-sunt-antrenori-care-le-recomanda-unor-sportivi-sa-fumeze-mai-ales-inaintea-unei-competitii\" class=\"btn btn-default\" data-dismiss=\"modal\">Anuleaz\u0103<\/a><\/div>\n<\/div>\n<\/div>\n<\/div>\n<div class=\"modal fade\" id=\"commentReportModal\" role=\"dialog\" aria-labelledby=\"commentReportModalLabel\">\n<div class=\"modal-dialog modal-lg\" role=\"document\">\n<div class=\"modal-content\">\n<div class=\"modal-header\">\n<h3 class=\"modal-title\" id=\"commentReportModalLabel\">Raporteaza comentariu<\/h3>\n<\/div>\n<div class=\"modal-body\">\n<div class=\"tabel tabel-full\">\n<div class=\"celula\">\n              Trebuie s\u0103 fii <a href=\"https:\/\/ziaruldevrancea.ro\/account\">autentificat<\/a> pentru a putea raporta un comentariu.\n            <\/div>\n<\/div>\n<\/div>\n<div class=\"modal-footer\">\n<div id=\"commentReportPending\" class=\"formPending pull-left\"><img decoding=\"async\" src=\"https:\/\/zdvs.cname.ro\/images\/loader_40.gif\"> In curs de procesare&#8230;<\/div>\n<p><a href=\"https:\/\/ziaruldevrancea.ro\/actualitatea\/national\/mozaic-stiri-nationale-medic-sunt-antrenori-care-le-recomanda-unor-sportivi-sa-fumeze-mai-ales-inaintea-unei-competitii\" class=\"btn btn-default\" data-dismiss=\"modal\">Anuleaz\u0103<\/a><\/div>\n<\/div>\n<\/div>\n<\/div>\n<div class=\"modal fade\" id=\"commentLikeModal\" role=\"dialog\" aria-labelledby=\"commentLikeModalLabel\">\n<div class=\"modal-dialog modal-lg\" role=\"document\">\n<div class=\"modal-content\">\n<div class=\"modal-header\">\n<h3 class=\"modal-title\" id=\"commentReportModalLabel\">Apreciaza comentariu<\/h3>\n<\/div>\n<div class=\"modal-body\">\n<div class=\"tabel tabel-full\">\n<div class=\"celula\">\n            Trebuie s\u0103 fii <a href=\"https:\/\/ziaruldevrancea.ro\/account\">autentificat<\/a> pentru a putea aprecia un comentariu.\n          <\/div>\n<\/div>\n<\/div>\n<div class=\"modal-footer\"><a href=\"https:\/\/ziaruldevrancea.ro\/actualitatea\/national\/mozaic-stiri-nationale-medic-sunt-antrenori-care-le-recomanda-unor-sportivi-sa-fumeze-mai-ales-inaintea-unei-competitii\" class=\"btn btn-default\" data-dismiss=\"modal\">Anuleaz\u0103<\/a><\/div>\n<\/div>\n<\/div>\n<\/div>\n<div class=\"bloc-widget widget-rosu\"><span><small>Ziarul de Vrancea doreste ca acest site sa fie un spatiu al discutiilor civilizate, al comentariilor de bun simt. Din acest motiv, cei care posteaza comentarii la articole trebuie sa respecte urmatoarele reguli:<br \/>\n1. Sa se refere doar la articolul la care posteaza comentarii.<br \/>\n2. Sa foloseasca un limbaj civilizat, fara injurii, calomnii, comentarii antisemite, xenofobe sau rasiste.<br \/>\n3. Sunt interzise atacurile la adresa autorilor, daca acestea nu au legatura cu textul.<br \/>\n4. Username-ul sa nu fie nume de personalitati ale vietii publice sau parodieri ale acestora.<br \/>\nAutorul unui articol poate fi criticat pentru eventuale greseli, incoerenta, lipsa de documentare etc.<br \/>\nNerespectarea regulilor mentionate mai sus va duce la stergerea comentariilor, fara avertisment si fara explicatii.<br \/>\nAbaterile repetate vor avea drept consecinta interdictia accesului la aceasta facilitate a site-ului.<\/small><\/span><\/div>\n<\/div>\n<p>[analyse_source url=&#8221;https:\/\/ziaruldevrancea.ro\/actualitatea\/national\/mozaic-stiri-nationale-medic-sunt-antrenori-care-le-recomanda-unor-sportivi-sa-fumeze-mai-ales-inaintea-unei-competitii&#8221;]<\/p>\n","protected":false},"excerpt":{"rendered":"<p>[analyse_image type=&#8221;featured&#8221; src=&#8221;https:\/\/zdvi.cname.ro\/_\/mozaic-stiri-nationale-medic-sunt-antrenori-care-le-recomanda-unor-sportivi-sa-fumeze-mai-ales-inaintea-unei-competitii\/mediaPool\/uNuHC1Y.jpg&#8221;] Na\u021bional MOZAIC \u0218TIRI NA\u021aIONALE: Medic: Sunt antrenori care le recomand\u0103 unor sportivi s\u0103 fumeze, mai ales \u00eenaintea unei competi\u0163ii Distribuie: \u00a0 | Rodica Condurache 21 mar 2026244 vizualiz\u0103ri Dr. Magdalena Ciobanu, medic primar pneumolog \u015fi tabacolog, a afirmat c\u0103 mai sunt unii antrenori care le recomand\u0103 sportivilor s\u0103 fumeze, mai ales \u00eenaintea [&hellip;]<\/p>\n","protected":false},"author":1,"featured_media":0,"comment_status":"open","ping_status":"","sticky":false,"template":"","format":"standard","meta":{"footnotes":""},"categories":[89],"tags":[226,208],"class_list":["post-1842506","post","type-post","status-publish","format-standard","hentry","category-romania","tag-crawlmanager","tag-ziaruldevrancea-ro"],"_links":{"self":[{"href":"https:\/\/analyse.optim.biz\/index.php?rest_route=\/wp\/v2\/posts\/1842506","targetHints":{"allow":["GET"]}}],"collection":[{"href":"https:\/\/analyse.optim.biz\/index.php?rest_route=\/wp\/v2\/posts"}],"about":[{"href":"https:\/\/analyse.optim.biz\/index.php?rest_route=\/wp\/v2\/types\/post"}],"author":[{"embeddable":true,"href":"https:\/\/analyse.optim.biz\/index.php?rest_route=\/wp\/v2\/users\/1"}],"replies":[{"embeddable":true,"href":"https:\/\/analyse.optim.biz\/index.php?rest_route=%2Fwp%2Fv2%2Fcomments&post=1842506"}],"version-history":[{"count":0,"href":"https:\/\/analyse.optim.biz\/index.php?rest_route=\/wp\/v2\/posts\/1842506\/revisions"}],"wp:attachment":[{"href":"https:\/\/analyse.optim.biz\/index.php?rest_route=%2Fwp%2Fv2%2Fmedia&parent=1842506"}],"wp:term":[{"taxonomy":"category","embeddable":true,"href":"https:\/\/analyse.optim.biz\/index.php?rest_route=%2Fwp%2Fv2%2Fcategories&post=1842506"},{"taxonomy":"post_tag","embeddable":true,"href":"https:\/\/analyse.optim.biz\/index.php?rest_route=%2Fwp%2Fv2%2Ftags&post=1842506"}],"curies":[{"name":"wp","href":"https:\/\/api.w.org\/{rel}","templated":true}]}}