{"id":1842420,"date":"2026-03-23T13:50:27","date_gmt":"2026-03-23T10:50:27","guid":{"rendered":"https:\/\/analyse.optim.biz\/?p=1842420"},"modified":"2026-03-23T13:50:27","modified_gmt":"2026-03-23T10:50:27","slug":"consiliul-judetean-al-elevilor-atelierul-de-orientare-in-cariera","status":"publish","type":"post","link":"https:\/\/analyse.optim.biz\/?p=1842420","title":{"rendered":"Consiliul Jude\u021bean al Elevilor: Atelierul de Orientare \u00een Carier\u0103"},"content":{"rendered":"<p>[analyse_image type=&#8221;featured&#8221; src=&#8221;https:\/\/dobrogeanews.b-cdn.net\/wp-content\/uploads\/2026\/03\/consiliul-judetean-al-elevilor.jpg&#8221;]<\/p>\n<div id=\"post-69341\" class=\"entry single-default post-69341 post type-post status-publish format-standard has-post-thumbnail hentry category-info\">\n<div>\n<div class=\"ss-follow-wrapper ss-clearfix ss-regular-buttons ss-columns-1 ss-default-style\">\n<div class=\"ss-follow-column\" data-ss-sf-network-id='\"facebook\"'><a href=\"https:\/\/www.facebook.com\/dobrogeanews\" class=\"ss-follow-network ss-facebook-color\" rel=\"nofollow noopener\" aria-label=\"facebook\" target=\"_blank\"><span class=\"ss-follow-network-label\">Urm\u0103re\u015fte-ne \u015fi pe Facebook!<\/span><span class=\"ss-follow-network-count\"><span class=\"ss-follow-network-count-number\">57K<\/span><span class=\"ss-follow-network-count-label\">Followers<\/span><\/span><\/a><\/div>\n<\/div>\n<\/div>\n<p>Vineri, 20.03.2026, la Hotel City, a avut loc Atelierul de Orientare \u00een Carier\u0103, eveniment dedicat elevilor de liceu interesa\u021bi de alegerea unui parcurs profesional.<\/p>\n<figure class=\"wp-block-image size-full is-resized\">\n<source type=\"image\/webp\" data-lazy-srcset=\"https:\/\/dobrogeanews.b-cdn.net\/wp-content\/uploads\/2026\/03\/consiliul-judetean-al-elevilor.jpg.webp 2560w, https:\/\/dobrogeanews.b-cdn.net\/wp-content\/uploads\/2026\/03\/consiliul-judetean-al-elevilor-300x246.jpg.webp 300w, https:\/\/dobrogeanews.b-cdn.net\/wp-content\/uploads\/2026\/03\/consiliul-judetean-al-elevilor-1024x840.jpg.webp 1024w, https:\/\/dobrogeanews.b-cdn.net\/wp-content\/uploads\/2026\/03\/consiliul-judetean-al-elevilor-768x630.jpg.webp 768w, https:\/\/dobrogeanews.b-cdn.net\/wp-content\/uploads\/2026\/03\/consiliul-judetean-al-elevilor-1536x1260.jpg.webp 1536w, https:\/\/dobrogeanews.b-cdn.net\/wp-content\/uploads\/2026\/03\/consiliul-judetean-al-elevilor-2048x1680.jpg.webp 2048w\" sizes=\"(max-width: 640px) 100vw, 640px\" \/><br \/>\n<img loading=\"lazy\" decoding=\"async\" src=\"https:\/\/dobrogeanews.b-cdn.net\/wp-content\/uploads\/2026\/03\/consiliul-judetean-al-elevilor.jpg\" alt=\"\" width=\"640\" height=\"525\"><\/figure>\n<p>Activitatea a fost organizat\u0103 de Alexandru Ionu\u021b B\u0103l\u0103\u0219oi \u0219i George Gaea, \u00een cadrul Consiliului Jude\u021bean al Elevilor, \u0219i a reunit speciali\u0219ti din mai multe domenii de activitate.<\/p>\n<p>Elevii participan\u021bi au avut ocazia s\u0103 interac\u021bioneze direct cu facilitatorii din diverse domenii: Lauren\u021biu Mocanu \u2013 agricultur\u0103, Monica Gaea \u2013 avocatur\u0103, Corina Badea \u2013 medicin\u0103, Argentina \u0218tamm \u2013 HoReCa, Ionu\u021b \u021ai\u021bu \u2013 farmacie \u0219i Alina Haiman \u2013 educa\u021bie.<\/p>\n<p>Evenimentul a avut ca scop informarea \u0219i sprijinirea elevilor \u00een procesul de orientare profesional\u0103, prin facilitarea contactului direct cu reprezentan\u021bi ai diferitelor domenii.<\/p>\n<p>Pre\u0219edintele Consiliului Jude\u021bean al Elevilor, Alexandru Ionu\u021b B\u0103l\u0103\u0219oi, a declarat: \u201eEvenimentul organizat la Hotel City a reunit peste 120 de elevi din \u00eentreg jude\u021bul \u0219i a fost un pas real spre conturarea viitorului lor. Al\u0103turi de colegul meu, George Gaea, \u0219i cu sprijinul facilitatorilor, am creat un cadru \u00een care elevii au fost inspira\u021bi s\u0103 \u00ee\u0219i descopere direc\u021bia \u0219i s\u0103 capete \u00eencredere \u00een propriul poten\u021bial. Cred c\u0103 schimbarea \u00eencepe din astfel de ini\u021biative \u2014 atunci c\u00e2nd le oferim elevilor nu doar informa\u021bie, ci \u0219i \u00eencredere.\u201d<\/p>\n<p>Consider\u0103m c\u0103 aceast\u0103 ini\u021biativ\u0103 a avut un impact real asupra tinerilor din jude\u021b, motiv pentru care sprijinul dumneavoastr\u0103 \u00een promovarea acestei informa\u021bii este deosebit de valoros.<\/p>\n<div class=\"monsterinsights-inline-popular-posts monsterinsights-inline-popular-posts-charlie monsterinsights-popular-posts-styled\">\n<div class=\"monsterinsights-inline-popular-posts-text\"><span class=\"monsterinsights-inline-popular-posts-label\">Vezi \u0219i:<\/span><\/p>\n<div class=\"monsterinsights-inline-popular-posts-post\"><a class=\"monsterinsights-inline-popular-posts-title\" href=\"https:\/\/www.dobrogeanews.ro\/la-baia-taxa-de-habitat-a-ramas-15-lei-luna-pers-adica-180-lei-an-am-votat-aplicarea-cotelor-minime-permise\/\">La Baia, taxa de habitat a r\u0103mas 15 lei\/lun\u0103\/pers, adic\u0103, 180 lei\/an. \u201eAm votat aplicarea cotelor minime permise\u201d<\/a><\/div>\n<div class=\"monsterinsights-inline-popular-posts-post\"><a class=\"monsterinsights-inline-popular-posts-title\" href=\"https:\/\/www.dobrogeanews.ro\/liliana-marinescu-a-fost-semnat-contractul-de-finantare-pentru-alimentare-cu-gaze-la-baia-in-valoare-de-8-075-000-lei\/\">Liliana Marinescu: A fost semnat contractul de finan\u021bare pentru \u201eAlimentare cu gaze\u201d la Baia \u00een valoare de 8.075.000 lei<\/a><\/div>\n<div class=\"monsterinsights-inline-popular-posts-post\"><a class=\"monsterinsights-inline-popular-posts-title\" href=\"https:\/\/www.dobrogeanews.ro\/cine-este-fata-de-18-ani-care-s-a-sinucis-la-tulcea-soapte-intre-lumi\/\">Cine este fata de 18 ani care s-a sinucis la Tulcea. \u0218oapte \u00eentre lumi \u2026<\/a><\/div>\n<\/div>\n<\/div>\n<p class=\"has-text-align-center has-white-color has-text-color has-background\"><span><a href=\"https:\/\/news.google.com\/publications\/CAAqBwgKMIu5pgsw88O-Aw?ceid=RO:ro&amp;oc=3\">Urm\u0103ri\u0163i \u015etirile Dobrogeanews \u015fi pe Google News<\/a><\/span><\/p>\n<\/div>\n<div id=\"post-69341\" class=\"entry single-default post-69341 post type-post status-publish format-standard has-post-thumbnail hentry category-info\">\n<div>\n<div class=\"ss-follow-wrapper ss-clearfix ss-regular-buttons ss-columns-1 ss-default-style\">\n<div class=\"ss-follow-column\" data-ss-sf-network-id='\"facebook\"'><a href=\"https:\/\/www.facebook.com\/dobrogeanews\" class=\"ss-follow-network ss-facebook-color\" rel=\"nofollow noopener\" aria-label=\"facebook\" target=\"_blank\"><span class=\"ss-follow-network-label\">Urm\u0103re\u015fte-ne \u015fi pe Facebook!<\/span><span class=\"ss-follow-network-count\"><span class=\"ss-follow-network-count-number\">57K<\/span><span class=\"ss-follow-network-count-label\">Followers<\/span><\/span><\/a><\/div>\n<\/div>\n<\/div>\n<p>Vineri, 20.03.2026, la Hotel City, a avut loc Atelierul de Orientare \u00een Carier\u0103, eveniment dedicat elevilor de liceu interesa\u021bi de alegerea unui parcurs profesional.<\/p>\n<figure class=\"wp-block-image size-full is-resized\">\n<source type=\"image\/webp\" data-lazy-srcset=\"https:\/\/dobrogeanews.b-cdn.net\/wp-content\/uploads\/2026\/03\/consiliul-judetean-al-elevilor.jpg.webp 2560w, https:\/\/dobrogeanews.b-cdn.net\/wp-content\/uploads\/2026\/03\/consiliul-judetean-al-elevilor-300x246.jpg.webp 300w, https:\/\/dobrogeanews.b-cdn.net\/wp-content\/uploads\/2026\/03\/consiliul-judetean-al-elevilor-1024x840.jpg.webp 1024w, https:\/\/dobrogeanews.b-cdn.net\/wp-content\/uploads\/2026\/03\/consiliul-judetean-al-elevilor-768x630.jpg.webp 768w, https:\/\/dobrogeanews.b-cdn.net\/wp-content\/uploads\/2026\/03\/consiliul-judetean-al-elevilor-1536x1260.jpg.webp 1536w, https:\/\/dobrogeanews.b-cdn.net\/wp-content\/uploads\/2026\/03\/consiliul-judetean-al-elevilor-2048x1680.jpg.webp 2048w\" sizes=\"(max-width: 640px) 100vw, 640px\" \/><br \/>\n<img loading=\"lazy\" decoding=\"async\" src=\"https:\/\/dobrogeanews.b-cdn.net\/wp-content\/uploads\/2026\/03\/consiliul-judetean-al-elevilor.jpg\" alt=\"\" width=\"640\" height=\"525\"><\/figure>\n<p>Activitatea a fost organizat\u0103 de Alexandru Ionu\u021b B\u0103l\u0103\u0219oi \u0219i George Gaea, \u00een cadrul Consiliului Jude\u021bean al Elevilor, \u0219i a reunit speciali\u0219ti din mai multe domenii de activitate.<\/p>\n<p>Elevii participan\u021bi au avut ocazia s\u0103 interac\u021bioneze direct cu facilitatorii din diverse domenii: Lauren\u021biu Mocanu \u2013 agricultur\u0103, Monica Gaea \u2013 avocatur\u0103, Corina Badea \u2013 medicin\u0103, Argentina \u0218tamm \u2013 HoReCa, Ionu\u021b \u021ai\u021bu \u2013 farmacie \u0219i Alina Haiman \u2013 educa\u021bie.<\/p>\n<p>Evenimentul a avut ca scop informarea \u0219i sprijinirea elevilor \u00een procesul de orientare profesional\u0103, prin facilitarea contactului direct cu reprezentan\u021bi ai diferitelor domenii.<\/p>\n<p>Pre\u0219edintele Consiliului Jude\u021bean al Elevilor, Alexandru Ionu\u021b B\u0103l\u0103\u0219oi, a declarat: \u201eEvenimentul organizat la Hotel City a reunit peste 120 de elevi din \u00eentreg jude\u021bul \u0219i a fost un pas real spre conturarea viitorului lor. Al\u0103turi de colegul meu, George Gaea, \u0219i cu sprijinul facilitatorilor, am creat un cadru \u00een care elevii au fost inspira\u021bi s\u0103 \u00ee\u0219i descopere direc\u021bia \u0219i s\u0103 capete \u00eencredere \u00een propriul poten\u021bial. Cred c\u0103 schimbarea \u00eencepe din astfel de ini\u021biative \u2014 atunci c\u00e2nd le oferim elevilor nu doar informa\u021bie, ci \u0219i \u00eencredere.\u201d<\/p>\n<p>Consider\u0103m c\u0103 aceast\u0103 ini\u021biativ\u0103 a avut un impact real asupra tinerilor din jude\u021b, motiv pentru care sprijinul dumneavoastr\u0103 \u00een promovarea acestei informa\u021bii este deosebit de valoros.<\/p>\n<div class=\"monsterinsights-inline-popular-posts monsterinsights-inline-popular-posts-charlie monsterinsights-popular-posts-styled\">\n<div class=\"monsterinsights-inline-popular-posts-text\"><span class=\"monsterinsights-inline-popular-posts-label\">Vezi \u0219i:<\/span><\/p>\n<div class=\"monsterinsights-inline-popular-posts-post\"><a class=\"monsterinsights-inline-popular-posts-title\" href=\"https:\/\/www.dobrogeanews.ro\/la-baia-taxa-de-habitat-a-ramas-15-lei-luna-pers-adica-180-lei-an-am-votat-aplicarea-cotelor-minime-permise\/\">La Baia, taxa de habitat a r\u0103mas 15 lei\/lun\u0103\/pers, adic\u0103, 180 lei\/an. \u201eAm votat aplicarea cotelor minime permise\u201d<\/a><\/div>\n<div class=\"monsterinsights-inline-popular-posts-post\"><a class=\"monsterinsights-inline-popular-posts-title\" href=\"https:\/\/www.dobrogeanews.ro\/liliana-marinescu-a-fost-semnat-contractul-de-finantare-pentru-alimentare-cu-gaze-la-baia-in-valoare-de-8-075-000-lei\/\">Liliana Marinescu: A fost semnat contractul de finan\u021bare pentru \u201eAlimentare cu gaze\u201d la Baia \u00een valoare de 8.075.000 lei<\/a><\/div>\n<div class=\"monsterinsights-inline-popular-posts-post\"><a class=\"monsterinsights-inline-popular-posts-title\" href=\"https:\/\/www.dobrogeanews.ro\/cine-este-fata-de-18-ani-care-s-a-sinucis-la-tulcea-soapte-intre-lumi\/\">Cine este fata de 18 ani care s-a sinucis la Tulcea. \u0218oapte \u00eentre lumi \u2026<\/a><\/div>\n<\/div>\n<\/div>\n<p class=\"has-text-align-center has-white-color has-text-color has-background\"><span><a href=\"https:\/\/news.google.com\/publications\/CAAqBwgKMIu5pgsw88O-Aw?ceid=RO:ro&amp;oc=3\">Urm\u0103ri\u0163i \u015etirile Dobrogeanews \u015fi pe Google News<\/a><\/span><\/p>\n<\/div>\n<p>[analyse_source url=&#8221;https:\/\/www.dobrogeanews.ro\/consiliul-judetean-al-elevelor-atelierul-de-orientare-in-cariera\/&#8221;]<\/p>\n","protected":false},"excerpt":{"rendered":"<p>[analyse_image type=&#8221;featured&#8221; src=&#8221;https:\/\/dobrogeanews.b-cdn.net\/wp-content\/uploads\/2026\/03\/consiliul-judetean-al-elevilor.jpg&#8221;] Urm\u0103re\u015fte-ne \u015fi pe Facebook!57KFollowers Vineri, 20.03.2026, la Hotel City, a avut loc Atelierul de Orientare \u00een Carier\u0103, eveniment dedicat elevilor de liceu interesa\u021bi de alegerea unui parcurs profesional. Activitatea a fost organizat\u0103 de Alexandru Ionu\u021b B\u0103l\u0103\u0219oi \u0219i George Gaea, \u00een cadrul Consiliului Jude\u021bean al Elevilor, \u0219i a reunit speciali\u0219ti din mai multe [&hellip;]<\/p>\n","protected":false},"author":1,"featured_media":0,"comment_status":"open","ping_status":"","sticky":false,"template":"","format":"standard","meta":{"footnotes":""},"categories":[89],"tags":[226,223],"class_list":["post-1842420","post","type-post","status-publish","format-standard","hentry","category-romania","tag-crawlmanager","tag-dobrogeanews-ro"],"_links":{"self":[{"href":"https:\/\/analyse.optim.biz\/index.php?rest_route=\/wp\/v2\/posts\/1842420","targetHints":{"allow":["GET"]}}],"collection":[{"href":"https:\/\/analyse.optim.biz\/index.php?rest_route=\/wp\/v2\/posts"}],"about":[{"href":"https:\/\/analyse.optim.biz\/index.php?rest_route=\/wp\/v2\/types\/post"}],"author":[{"embeddable":true,"href":"https:\/\/analyse.optim.biz\/index.php?rest_route=\/wp\/v2\/users\/1"}],"replies":[{"embeddable":true,"href":"https:\/\/analyse.optim.biz\/index.php?rest_route=%2Fwp%2Fv2%2Fcomments&post=1842420"}],"version-history":[{"count":0,"href":"https:\/\/analyse.optim.biz\/index.php?rest_route=\/wp\/v2\/posts\/1842420\/revisions"}],"wp:attachment":[{"href":"https:\/\/analyse.optim.biz\/index.php?rest_route=%2Fwp%2Fv2%2Fmedia&parent=1842420"}],"wp:term":[{"taxonomy":"category","embeddable":true,"href":"https:\/\/analyse.optim.biz\/index.php?rest_route=%2Fwp%2Fv2%2Fcategories&post=1842420"},{"taxonomy":"post_tag","embeddable":true,"href":"https:\/\/analyse.optim.biz\/index.php?rest_route=%2Fwp%2Fv2%2Ftags&post=1842420"}],"curies":[{"name":"wp","href":"https:\/\/api.w.org\/{rel}","templated":true}]}}