{"id":1842379,"date":"2026-03-23T16:27:32","date_gmt":"2026-03-23T13:27:32","guid":{"rendered":"https:\/\/analyse.optim.biz\/?p=1842379"},"modified":"2026-03-23T16:27:32","modified_gmt":"2026-03-23T13:27:32","slug":"primarul-radu-reziuc-va-sta-in-arest-la-domiciliu-inca-30-de-zile-stiri-suceava","status":"publish","type":"post","link":"https:\/\/analyse.optim.biz\/?p=1842379","title":{"rendered":"Primarul Radu Reziuc va sta \u00een arest la domiciliu \u00eenc\u0103 30 de zile &#8211; Stiri Suceava"},"content":{"rendered":"<p>[analyse_image type=&#8221;featured&#8221; src=&#8221;https:\/\/www.informatiata.ro\/wp-content\/uploads\/2026\/03\/Screenshot_20260226_154622-1024&#215;630.jpg&#8221;]<\/p>\n<div class=\"td-post-content tagdiv-type\">\n<div class=\"td-post-featured-image\"><a href=\"https:\/\/www.informatiata.ro\/wp-content\/uploads\/2026\/03\/Screenshot_20260226_154622-scaled.jpg\" data-caption><img loading=\"lazy\" decoding=\"async\" width=\"696\" height=\"428\" class=\"entry-thumb td-modal-image\" src=\"https:\/\/www.informatiata.ro\/wp-content\/uploads\/2026\/03\/Screenshot_20260226_154622-696x428.jpg\" alt title=\"Screenshot_20260226_154622\"><img loading=\"lazy\" decoding=\"async\" width=\"696\" height=\"428\" class=\"entry-thumb td-modal-image\" src=\"https:\/\/www.informatiata.ro\/wp-content\/uploads\/2026\/03\/Screenshot_20260226_154622-696x428.jpg\" alt title=\"Screenshot_20260226_154622\"><\/a><\/div>\n<p>Primarul de la Mitocu Dragomirnei, Radu Reziuc, va sta \u00een arest la domiciliu \u00eenc\u0103 30 de zile.<\/p>\n<p>Asta au decis magistra\u021bii de la Judec\u0103toria Suceava, dar m\u0103sura nu este definitiv\u0103 \u0219i poate fi contestat\u0103.<\/p>\n<div class=\"td-a-rec td-a-rec-id-content_inlineright  tdi_6 td_block_template_1\"><img loading=\"lazy\" decoding=\"async\" class=\"aligncenter size-full wp-image-64315\" src=\"https:\/\/www.informatiata.ro\/wp-content\/uploads\/2026\/03\/SAVCOM-10.gif\" alt width=\"299\" height=\"250\"><img loading=\"lazy\" decoding=\"async\" class=\"aligncenter size-full wp-image-64315\" src=\"https:\/\/www.informatiata.ro\/wp-content\/uploads\/2026\/03\/SAVCOM-10.gif\" alt width=\"299\" height=\"250\"><img loading=\"lazy\" decoding=\"async\" class=\"aligncenter size-large wp-image-64316\" src=\"https:\/\/www.informatiata.ro\/wp-content\/uploads\/2026\/03\/FACOS-8.gif\" alt width=\"300\" height=\"250\"><img loading=\"lazy\" decoding=\"async\" class=\"aligncenter size-large wp-image-64316\" src=\"https:\/\/www.informatiata.ro\/wp-content\/uploads\/2026\/03\/FACOS-8.gif\" alt width=\"300\" height=\"250\"><\/div>\n<p>Radu Reziuc a fost pus \u00een arest la domiciliu pe 26 februarie, dup\u0103 ce a contestat m\u0103sura restului preventiv.<\/p>\n<p><span>Acesta este cercetat dup\u0103 ce le-ar fi sechestrat \u0219i b\u0103tut pe concubina sa \u0219i pe fiica ei de 19 ani.\u00a0<\/span><\/p>\n<p>\u00a0<\/p>\n<\/div>\n<p>[analyse_source url=&#8221;https:\/\/www.informatiata.ro\/radu-reziuc-ramane-in-arest-la-domiciliu\/&#8221;]<\/p>\n","protected":false},"excerpt":{"rendered":"<p>[analyse_image type=&#8221;featured&#8221; src=&#8221;https:\/\/www.informatiata.ro\/wp-content\/uploads\/2026\/03\/Screenshot_20260226_154622-1024&#215;630.jpg&#8221;] Primarul de la Mitocu Dragomirnei, Radu Reziuc, va sta \u00een arest la domiciliu \u00eenc\u0103 30 de zile. Asta au decis magistra\u021bii de la Judec\u0103toria Suceava, dar m\u0103sura nu este definitiv\u0103 \u0219i poate fi contestat\u0103. Radu Reziuc a fost pus \u00een arest la domiciliu pe 26 februarie, dup\u0103 ce a contestat m\u0103sura restului [&hellip;]<\/p>\n","protected":false},"author":1,"featured_media":0,"comment_status":"open","ping_status":"","sticky":false,"template":"","format":"standard","meta":{"footnotes":""},"categories":[89],"tags":[226,167],"class_list":["post-1842379","post","type-post","status-publish","format-standard","hentry","category-romania","tag-crawlmanager","tag-informatiata-ro"],"_links":{"self":[{"href":"https:\/\/analyse.optim.biz\/index.php?rest_route=\/wp\/v2\/posts\/1842379","targetHints":{"allow":["GET"]}}],"collection":[{"href":"https:\/\/analyse.optim.biz\/index.php?rest_route=\/wp\/v2\/posts"}],"about":[{"href":"https:\/\/analyse.optim.biz\/index.php?rest_route=\/wp\/v2\/types\/post"}],"author":[{"embeddable":true,"href":"https:\/\/analyse.optim.biz\/index.php?rest_route=\/wp\/v2\/users\/1"}],"replies":[{"embeddable":true,"href":"https:\/\/analyse.optim.biz\/index.php?rest_route=%2Fwp%2Fv2%2Fcomments&post=1842379"}],"version-history":[{"count":0,"href":"https:\/\/analyse.optim.biz\/index.php?rest_route=\/wp\/v2\/posts\/1842379\/revisions"}],"wp:attachment":[{"href":"https:\/\/analyse.optim.biz\/index.php?rest_route=%2Fwp%2Fv2%2Fmedia&parent=1842379"}],"wp:term":[{"taxonomy":"category","embeddable":true,"href":"https:\/\/analyse.optim.biz\/index.php?rest_route=%2Fwp%2Fv2%2Fcategories&post=1842379"},{"taxonomy":"post_tag","embeddable":true,"href":"https:\/\/analyse.optim.biz\/index.php?rest_route=%2Fwp%2Fv2%2Ftags&post=1842379"}],"curies":[{"name":"wp","href":"https:\/\/api.w.org\/{rel}","templated":true}]}}