{"id":1842167,"date":"2026-03-23T16:17:21","date_gmt":"2026-03-23T13:17:21","guid":{"rendered":"https:\/\/analyse.optim.biz\/?p=1842167"},"modified":"2026-03-23T16:17:21","modified_gmt":"2026-03-23T13:17:21","slug":"mx-europe-ernecker-et-garcia-premiers-leaders-abonne","status":"publish","type":"post","link":"https:\/\/analyse.optim.biz\/?p=1842167","title":{"rendered":"MX Europe\u00a0: Ernecker et Garcia premiers leaders ABONN\u00c9"},"content":{"rendered":"<div class=\"entry-content\">\n<p><strong>Le coup d\u2019envoi des championnats d\u2019Europe a \u00e9t\u00e9 donn\u00e9 ce weekend \u00e0 Almonte, sur un circuit sablonneux et exigeant. Une premi\u00e8re hi\u00e9rarchie s\u2019est d\u00e9gag\u00e9e, mais tout sera remis en question d\u00e8s le weekend prochain en Suisse, o\u00f9 Moritz Ernecker et Francisco Garcia d\u00e9fendront leur plaque rouge de leader.<\/strong><\/p>\n<p>Un sable lourd, une piste hyper rapide avec de gros sauts, des rails de plus en plus nombreux au fil du weekend, c\u2019\u00e9tait le cadre de ce premier round de l\u2019Europe.<\/p>\n<h2><strong>125\u00a0: Ernecker d\u2019un rien devant Mano Faure<\/strong><\/h2>\n<p>Membre du programme KTM Junior au sein du team \u2018Norman KTM Factory Rookies\u2019 et coach\u00e9 par Thomas Traversini, un ancien champion d\u2019Europe, le jeune Autrichien Moritz Ernecker (1\/3) est donc le premier leader de la cat\u00e9gorie. Poids plume, il a domin\u00e9 la premi\u00e8re manche samedi avant d\u2019assurer sa victoire dimanche en terminant troisi\u00e8me. Il s\u2019impose avec un tout petit point d\u2019avance sur Sleny Goyer (2\/2), qui avec de meilleures envol\u00e9es aurait pu faire mieux encore\u00a0; second de la premi\u00e8re manche, revenu d\u2019au-del\u00e0 du top quinze \u00e0 la seconde place derri\u00e8re le Danois Thorius Bertram (8\/1), Sleny rate son premier succ\u00e8s de manche pour une petite seconde\u00a0! Il signe son premier podium Europ\u00e9en, et devrait en d\u00e9crocher bien d\u2019autres cette saison. Au pied du podium on retrouve une vieille connaissance en la personne de Ryan Oppliger (3\/6), qui jouera \u00e0 domicile le weekend prochain. Des autres tricolores en piste, seul Liam Bruneau (6\/14) se place dans le top dix\u00a0; neuvi\u00e8me de la journ\u00e9e, il aurait pu faire mieux encore puisqu\u2019il a longtemps occup\u00e9 la sixi\u00e8me place en seconde manche. Quelques points pour Rafael Mennillo (DNF\/17), Arno Cazet (26\/18) et Leo Diss Fenard (18\/26), un score encore vierge pour Eliot Buysschaert (25\/29) qui auront tous \u00e0 c\u0153ur de se reprendre \u00e0 Frauenfeld.<\/p>\n<\/p>\n<div id=\"attachment_724740\" style=\"width: 1034px\" class=\"wp-caption alignnone\"><img loading=\"lazy\" decoding=\"async\" aria-describedby=\"caption-attachment-724740\" class=\"size-large wp-image-724740\" src=\"https:\/\/moto-station.com\/wp-content\/uploads\/2026\/03\/23\/ERNECKER_PH_3328-1024x683.jpg\" alt width=\"1024\" height=\"683\"><\/p>\n<p id=\"caption-attachment-724740\" class=\"wp-caption-text\">Ernecker, un espoir pour l\u2019Autriche (Pic@PH)<\/p>\n<\/div>\n<div id=\"attachment_724741\" style=\"width: 1034px\" class=\"wp-caption alignnone\"><img loading=\"lazy\" decoding=\"async\" aria-describedby=\"caption-attachment-724741\" class=\"size-large wp-image-724741\" src=\"https:\/\/moto-station.com\/wp-content\/uploads\/2026\/03\/23\/GOYER_PH_2729-1024x683.jpg\" alt width=\"1024\" height=\"683\"><\/p>\n<p id=\"caption-attachment-724741\" class=\"wp-caption-text\">Sleny Goyer n\u2019a pas rat\u00e9 son coup, good job! (Pic@PH)<\/p>\n<\/div>\n<div id=\"attachment_724742\" style=\"width: 1034px\" class=\"wp-caption alignnone\"><img loading=\"lazy\" decoding=\"async\" aria-describedby=\"caption-attachment-724742\" class=\"size-large wp-image-724742\" src=\"https:\/\/moto-station.com\/wp-content\/uploads\/2026\/03\/23\/BRUNEAU_PH_2212-1024x683.jpg\" alt width=\"1024\" height=\"683\"><\/p>\n<p id=\"caption-attachment-724742\" class=\"wp-caption-text\">De retour en Europe 125, Liam Bruneau score du top dix (Pic@PH)<\/p>\n<\/div>\n<h2><strong>250\u00a0: Garcia intouchable<\/strong><\/h2>\n<p>Au vu de ses performances de la saison pass\u00e9e, Francisco Garcia \u00e9tait l\u2019un si ce n\u2019est le favori de la cat\u00e9gorie. Jouant \u00e0 domicile l\u2019Espagnol a \u00e9t\u00e9 imp\u00e9rial, soutenu par un public tr\u00e8s chaud\u00a0! Jamais parti devant il ne lui a fallu que quelques boucles pour se porter en t\u00eate et filer vers deux net succ\u00e8s acquis devant son \u00e9quipier Jake Cannon samedi, puis devant Mano Faure dimanche. Malgr\u00e9 une faute en seconde manche Cannon (2\/5) offre le doubl\u00e9 aux Kawa Bud, qui sont accompagn\u00e9es sur le podium par Mano Faure (9\/2). Rendant quelques kilos et quelques mois \u00e0 Garcia, comp\u00e8re d\u2019entrainement au sein du \u2018team Van Den Bosch\u2019 Mano n\u2019a pas rat\u00e9 ses d\u00e9buts dans la cat\u00e9gorie m\u00eame si une chute samedi l\u2019a emp\u00each\u00e9 de faire mieux encore. On retrouve un deux temps au pied du podium avec une quatri\u00e8me place pour le Letton Jekabs Kubulis (5\/6), suivi du Danois Mats Fredsoe (4\/10). C\u00f4t\u00e9 tricolore Tom Brunet (10\/9) qui a choisi l\u2019option deux temps a fait deux grosses remont\u00e9es pour aller accrocher une belle septi\u00e8me place, de quoi rendre son coach Pela Renet heureux. Treizi\u00e8me place pour Alexis Fueri (6\/30) auteur d\u2019une grosse remont\u00e9e en premi\u00e8re manche, avant qu\u2019une chute ne le retarde dans la seconde alors qu\u2019il pointait treizi\u00e8me, et weekend transparent pour Adrien Petit (28\/24) de retour (ponctuel\u00a0?) aux affaires. C\u00f4t\u00e9 d\u00e9ception on retiendra les modestes prestations de quelques-uns des favoris, de Gyan Doensen (7\/21) \u00e0 Simone Mancini (22\/23) en passant par Jarne Bervoets (19\/16) ou Nicolo Alvisi (14\/22). Allez, pas le temps de gamberger, direction Frauenfeld en fin de semaine\u00a0!<\/p>\n<\/p>\n<div id=\"attachment_724743\" style=\"width: 1034px\" class=\"wp-caption alignnone\"><img loading=\"lazy\" decoding=\"async\" aria-describedby=\"caption-attachment-724743\" class=\"size-large wp-image-724743\" src=\"https:\/\/moto-station.com\/wp-content\/uploads\/2026\/03\/23\/garcia_PH_2763-1024x683.jpg\" alt width=\"1024\" height=\"683\"><\/p>\n<p id=\"caption-attachment-724743\" class=\"wp-caption-text\">Francisco Garcia, qui pourra le suivre cette ann\u00e9e? (Pic@PH)<\/p>\n<\/div>\n<div id=\"attachment_724745\" style=\"width: 1034px\" class=\"wp-caption alignnone\"><img loading=\"lazy\" decoding=\"async\" aria-describedby=\"caption-attachment-724745\" class=\"size-large wp-image-724745\" src=\"https:\/\/moto-station.com\/wp-content\/uploads\/2026\/03\/23\/FAURE_PH_3445-1024x683.jpg\" alt width=\"1024\" height=\"683\"><\/p>\n<p id=\"caption-attachment-724745\" class=\"wp-caption-text\">Mano Faure a \u00e9t\u00e9 (et de loin) le plus performant des jeunes pass\u00e9s du 125 au 250 (Pic@PH)<\/p>\n<\/div>\n<p><img loading=\"lazy\" decoding=\"async\" class=\"alignnone size-large wp-image-724744\" src=\"https:\/\/moto-station.com\/wp-content\/uploads\/2026\/03\/23\/EMX250-PODIUM_PH_3470-1024x683.jpg\" alt width=\"1024\" height=\"683\"><\/p>\n<\/p><\/div>\n","protected":false},"excerpt":{"rendered":"<p>Le coup d\u2019envoi des championnats d\u2019Europe a \u00e9t\u00e9 donn\u00e9 ce weekend \u00e0 Almonte, sur un circuit sablonneux et exigeant. Une premi\u00e8re hi\u00e9rarchie s\u2019est d\u00e9gag\u00e9e, mais tout sera remis en question d\u00e8s le weekend prochain en Suisse, o\u00f9 Moritz Ernecker et Francisco Garcia d\u00e9fendront leur plaque rouge de leader. Un sable lourd, une piste hyper rapide [&hellip;]<\/p>\n","protected":false},"author":1,"featured_media":0,"comment_status":"open","ping_status":"","sticky":false,"template":"","format":"standard","meta":{"footnotes":""},"categories":[1],"tags":[226,240],"class_list":["post-1842167","post","type-post","status-publish","format-standard","hentry","category-uncategorized","tag-crawlmanager","tag-moto-station-com"],"_links":{"self":[{"href":"https:\/\/analyse.optim.biz\/index.php?rest_route=\/wp\/v2\/posts\/1842167","targetHints":{"allow":["GET"]}}],"collection":[{"href":"https:\/\/analyse.optim.biz\/index.php?rest_route=\/wp\/v2\/posts"}],"about":[{"href":"https:\/\/analyse.optim.biz\/index.php?rest_route=\/wp\/v2\/types\/post"}],"author":[{"embeddable":true,"href":"https:\/\/analyse.optim.biz\/index.php?rest_route=\/wp\/v2\/users\/1"}],"replies":[{"embeddable":true,"href":"https:\/\/analyse.optim.biz\/index.php?rest_route=%2Fwp%2Fv2%2Fcomments&post=1842167"}],"version-history":[{"count":0,"href":"https:\/\/analyse.optim.biz\/index.php?rest_route=\/wp\/v2\/posts\/1842167\/revisions"}],"wp:attachment":[{"href":"https:\/\/analyse.optim.biz\/index.php?rest_route=%2Fwp%2Fv2%2Fmedia&parent=1842167"}],"wp:term":[{"taxonomy":"category","embeddable":true,"href":"https:\/\/analyse.optim.biz\/index.php?rest_route=%2Fwp%2Fv2%2Fcategories&post=1842167"},{"taxonomy":"post_tag","embeddable":true,"href":"https:\/\/analyse.optim.biz\/index.php?rest_route=%2Fwp%2Fv2%2Ftags&post=1842167"}],"curies":[{"name":"wp","href":"https:\/\/api.w.org\/{rel}","templated":true}]}}