{"id":1842083,"date":"2026-03-23T12:54:18","date_gmt":"2026-03-23T09:54:18","guid":{"rendered":"https:\/\/analyse.optim.biz\/?p=1842083"},"modified":"2026-03-23T12:54:18","modified_gmt":"2026-03-23T09:54:18","slug":"manifestari-culturale-si-religioase-ample-in-cadru-programului-pastele-in-bucovina-2026-stiri-suceava","status":"publish","type":"post","link":"https:\/\/analyse.optim.biz\/?p=1842083","title":{"rendered":"Manifest\u0103ri culturale \u0219i religioase ample, \u00een cadru Programului Pa\u0219tele \u00een Bucovina 2026 &#8211; Stiri Suceava"},"content":{"rendered":"<p>[analyse_image type=&#8221;featured&#8221; src=&#8221;https:\/\/www.informatiata.ro\/wp-content\/uploads\/2026\/03\/IMG_20260323_150052-919&#215;1024.jpg&#8221;]<\/p>\n<div class=\"td-post-content tagdiv-type\">\n<div class=\"td-post-featured-image\"><a href=\"https:\/\/www.informatiata.ro\/wp-content\/uploads\/2026\/03\/IMG_20260323_150052-scaled.jpg\" data-caption><img loading=\"lazy\" decoding=\"async\" width=\"696\" height=\"776\" class=\"entry-thumb td-modal-image\" src=\"https:\/\/www.informatiata.ro\/wp-content\/uploads\/2026\/03\/IMG_20260323_150052-696x776.jpg\" alt title=\"IMG_20260323_150052\"><img loading=\"lazy\" decoding=\"async\" width=\"696\" height=\"776\" class=\"entry-thumb td-modal-image\" src=\"https:\/\/www.informatiata.ro\/wp-content\/uploads\/2026\/03\/IMG_20260323_150052-696x776.jpg\" alt title=\"IMG_20260323_150052\"><\/a><\/div>\n<p>Manifest\u0103ri culturale \u0219i religioase ample, \u00een cadru Programului Pa\u0219tele \u00een Bucovina 2026. Programul este organizat de Consiliul Jude\u021bean Suceava \u0219i Centrul Cultural Bucovina cu sprijinul prim\u0103riilor din jude\u021bul Suceava. E<\/p>\n<p><strong>REZUMAT MANIFEST\u0102RI \u2013 \u201ePa\u0219tele \u00een Bucovina 2026\u201d<\/strong><\/p>\n<div class=\"td-a-rec td-a-rec-id-content_inlineright  tdi_6 td_block_template_1\"><img loading=\"lazy\" decoding=\"async\" class=\"aligncenter size-full wp-image-64315\" src=\"https:\/\/www.informatiata.ro\/wp-content\/uploads\/2026\/03\/SAVCOM-10.gif\" alt width=\"299\" height=\"250\"><img loading=\"lazy\" decoding=\"async\" class=\"aligncenter size-full wp-image-64315\" src=\"https:\/\/www.informatiata.ro\/wp-content\/uploads\/2026\/03\/SAVCOM-10.gif\" alt width=\"299\" height=\"250\"><img loading=\"lazy\" decoding=\"async\" class=\"aligncenter size-large wp-image-64316\" src=\"https:\/\/www.informatiata.ro\/wp-content\/uploads\/2026\/03\/FACOS-8.gif\" alt width=\"300\" height=\"250\"><img loading=\"lazy\" decoding=\"async\" class=\"aligncenter size-large wp-image-64316\" src=\"https:\/\/www.informatiata.ro\/wp-content\/uploads\/2026\/03\/FACOS-8.gif\" alt width=\"300\" height=\"250\"><\/div>\n<p><strong>\u25cf Festivalul Na\u021bional al Ou\u0103lor<\/strong> \u00cencondeiate \u2013 28-29 martie 2026, ora 11:00, Cioc\u0103ne\u0219ti, Casa de Cultur\u0103 \u201eFlorin Gheuc\u0103\u201d<br \/>\nOrganizator: Prim\u0103ria Comunei Cioc\u0103ne\u0219ti \u0219i Centrul Cultural \u201eBucovina\u201d<\/p>\n<p>\u25cf T\u00e2rgul de Pa\u0219ti \u2013 31 martie 2026, orele 10:00-16:00, Gura Humorului, Muzeul Obiceiurilor Populare din Bucovina<br \/>\nOrganizator: Centrul Cultural \u201eBucovina\u201d, Prim\u0103ria Ora\u0219ului Gura Humorului \u0219i Centrul Cultural Gura Humorului<\/p>\n<p>\u25cf Concert anual de muzic\u0103 psaltic\u0103 \u2013 31 martie 2026, ora 18:30, R\u0103d\u0103u\u021bi, A\u0219ez\u0103m\u00e2ntul de copii \u201eSf. Ierarh Leontie\u201d de la R\u0103d\u0103u\u021bi<br \/>\nOrganizator: Arhiepiscopia Sucevei \u0219i R\u0103d\u0103u\u021bilor, Protopopiatul R\u0103d\u0103u\u021bi, A\u0219ez\u0103m\u00e2ntul de copii \u201eSf. Ierarh Leontie\u201d de la R\u0103d\u0103u\u021bi<\/p>\n<p>\u25cf T\u00e2rgul de Pa\u0219ti. T\u00e2rgul me\u0219terilor populari \u0219i \u201eMicii me\u0219te\u0219ugari\u201d \u2013 03-08 aprilie 2026, ora 10:00, Suceava Shopping City<br \/>\nOrganizator: Centrul Cultural \u201eBucovina\u201d<\/p>\n<p>\u25cf Pelerinaj de Florii \u2013 04 aprilie 2026, ora 15:30, Catedrala \u201eNa\u0219terea Domnului\u201d M\u0103r\u0103\u0219e\u0219ti-str. Mihai Eminescu-str. Nicolae B\u0103lcescu-bd. Ana Ip\u0103tescu-Catedrala Arhiepiscopal\u0103<br \/>\nOrganizator: Arhiepiscopia Sucevei \u0219i R\u0103d\u0103u\u021bilor<\/p>\n<p>\u25cf Concert Pascal \u201eMuzica ne une\u0219te \u00een credin\u021b\u0103\u201d \u2013 05 aprilie 2026, ora 18:00, Basilica \u201eAdormirea Maicii Domnului\u201d din Cacica<br \/>\nOrganizator: Centrul Cultural \u201eBucovina\u201d<\/p>\n<p>\u25cf Festivalul Ou\u0103lor \u00cencondeiate \u2013 05 aprilie 2026, ora 10:00, Moldovi\u021ba, Sala de Sport a comunei Moldovi\u021ba<br \/>\nOrganizator: Prim\u0103ria Comunei Moldovi\u021ba \u0219i Centrul Cultural \u201eBucovina\u201d<\/p>\n<p>\u25cf Concert Pascal \u201e\u00cen umbra crucii\u201d \u2013 05 aprilie 2026, ora 13:00, Esplanada Casei de Cultur\u0103 Suceava<br \/>\nOrganizator: Centrul Cultural Bucovina<\/p>\n<p>\u25cf Concert Pascal \u0219i Concert Ovidiu Lipan \u021a\u0103nd\u0103ric\u0103 \u0219i Fanfara \u201e10 Pr\u0103jini\u201d \u2013 12 aprilie 2026, orele 13:30-14:30, Muzeul Satului Bucovinean<br \/>\nOrganizator: Muzeul Na\u021bional al Bucovinei \u0219i Centrul Cultural \u201eBucovina\u201d<\/p>\n<p>\u25cf \u201eAzi \u00eei joc \u00een sat la noi\u201d \u2013 13 aprilie, ora 14:00, Muzeul Satului Bucovinean<br \/>\nOrganizator: Centrul Cultural \u201eBucovina\u201d<\/p>\n<p>\u25cf \u201eC\u00e2nt cu drag de prim\u0103var\u0103\u201d \u2013 13 aprilie, ora 18:00, Esplanada Casei de Cultur\u0103 Suceava<br \/>\nOrganizator: Centrul Cultural \u201eBucovina\u201d<\/p>\n<p>\u25cf S\u0103rb\u0103toarea co\u0219urilor pascale \u2013 13 aprilie, orele 13:00-16:00, Pia\u021ba \u201e\u0218tefan cel Mare\u201d, Gura Humorului<br \/>\nOrganizator: Prim\u0103ria Ora\u0219ului Gura Humorului \u0219i parohiile ortodoxe din ora\u0219ul Gura Humorului<\/p>\n<p>\u25cf \u201eE prim\u0103var\u0103-n ochii t\u0103i\u201d \u2013 14 aprilie, ora 16:00, Casa de Cultur\u0103 \u201ePlaton Pard\u0103u\u201d<br \/>\nOrganizator: Centrul Cultural \u201eBucovina\u201d \u0219i Casa de Cultur\u0103 \u201ePlaton Pard\u0103u\u201d Vatra Dornei<\/p>\n<p>ZONA SUCEAVA<br \/>\nMUNICIPIUL SUCEAVA<\/p>\n<p>Perioada: 02 aprilie-02 mai 2026<br \/>\nOrele: 10:00-18:00<br \/>\nLoca\u0163ia: Muzeul de Istorie<br \/>\nDenumirea evenimentului: Expozi\u021bie de pictur\u0103 Doina Mih\u0103ilescu<br \/>\nOrganizator: Muzeul Na\u021bional al Bucovinei<\/p>\n<p>Perioada: 03-08 aprilie 2026<br \/>\nOrele: 10:00-18:00<br \/>\nLoca\u0163ia: Suceava Shopping City<br \/>\nDenumirea evenimentului: T\u00e2rgul de Pa\u0219ti. T\u00e2rgul me\u0219terilor populari \u0219i \u201eMicii Me\u0219te\u0219ugari\u201d<br \/>\nOrganizator: Centrul Cultural \u201eBucovina\u201d<\/p>\n<p>Perioada: 04 aprilie 2026<br \/>\nOra: 15:30<br \/>\nLoca\u0163ia: Catedrala \u201eNa\u0219terea Domnului\u201d M\u0103r\u0103\u0219e\u0219ti-str. Mihai Eminescu-str. Nicolae B\u0103lcescu-bd. Ana Ip\u0103tescu-Catedrala Arhiepiscopal\u0103<br \/>\nDenumirea evenimentului: Pelerinaj de Florii<br \/>\nOrganizator: Arhiepiscopia Sucevei \u0219i R\u0103d\u0103u\u021bilor<\/p>\n<p>Perioada: 05 aprilie 2026<br \/>\nOra: 13:00<br \/>\nLoca\u0163ia: Esplanada Casei de Cultur\u0103 Suceava<br \/>\nDenumirea evenimentului: Concert de pricesne \u0219i muzic\u0103 religioas\u0103<br \/>\n\u201e\u00cen umbra crucii\u201d<br \/>\nOrganizator: Centrul Cultural \u201eBucovina\u201d<\/p>\n<p>Perioada: 12 aprilie 2026<br \/>\nOrele: 13:30-14:30<br \/>\nLoca\u0163ia: Muzeul Satului Bucovinean<br \/>\nDenumirea evenimentului: Concert Pascal \u0219i Concert Ovidiu Lipan \u021a\u0103nd\u0103ric\u0103 \u0219i Fanfara \u201e10 Pr\u0103jini\u201d<br \/>\nOrganizator: Muzeul Na\u021bional al Bucovinei \u0219i Centrul Cultural \u201eBucovina\u201d<\/p>\n<p>Perioada: 13 aprilie 2026<br \/>\nOra: 14:00<br \/>\nLoca\u0163ia: Muzeul Satului Bucovinean<br \/>\nDenumirea evenimentului: \u201eAzi \u00ee\u00ee joc \u00een sat la noi\u201d<br \/>\nOrganizator: Centrul Cultural \u201eBucovina\u201d<\/p>\n<p>Perioada: 13 aprilie 2026<br \/>\nOra: 18:00<br \/>\nLoca\u0163ia: Esplanada Casei de Cultur\u0103 Suceava<br \/>\nDenumirea evenimentului: Concert spectacol Ansamblul Artistic Profesionist \u201eCiprian Porumbescu\u201d \u2013 \u201eC\u00e2nt cu drag de prim\u0103var\u0103\u201d<br \/>\nOrganizator: Centrul Cultural \u201eBucovina\u201d<\/p>\n<p>COMUNA AD\u00c2NCATA<\/p>\n<p>Perioada: 22 martie 2026<br \/>\nOra: 17:00<br \/>\nLoca\u0163ia: Biserica \u201eSf. Dumitru\u201d Parohia Ad\u00e2ncata I<br \/>\nDenumirea evenimentului: Pe drumul Golgotei, spre lumina \u00cenvierii (concert \u0219i expozi\u021bie caritabile)<br \/>\nOrganizator: Comitetul parohial Ad\u00e2ncata I<\/p>\n<p>Data: 29 martie 2026<br \/>\nOra: 12:00<br \/>\nLoca\u0163ia: Casa de pr\u0103znuire a Bisericii de Lemn \u201eSf. Dumitru\u201d Parohia Ad\u00e2ncata II<br \/>\nDenumirea evenimentului: Festivalul Produselor de Post<br \/>\nOrganizator: Comitetul parohial Ad\u00e2ncata II<\/p>\n<p>Perioada: 06-09 aprilie 2026<\/p>\n<p>Orele: 08:00-15:00<br \/>\nLoca\u0163ia: Biblioteca Comunal\u0103 Ad\u00e2ncata<br \/>\nDenumirea evenimentului: Obiceiuri \u0219i tradi\u021bii de Pa\u0219ti<br \/>\nOrganizator: Biblioteca Comunal\u0103 Ad\u00e2ncata<br \/>\nCOMUNA \u0218CHEIA<\/p>\n<p>Perioada: 05 aprilie 2026<br \/>\nOra: \u2013<br \/>\nLoca\u0163ia: Biserica \u201eSf. Treime\u201d<br \/>\nDenumirea evenimentului: Atelier pentru copii \u201eTradi\u021bii pascale din Bucovina\u201d<br \/>\nOrganizator: Parohia \u201eSf. Treime\u201d, \u0218cheia III<\/p>\n<p>Perioada: 07 aprilie 2026<br \/>\nOra: \u2013<br \/>\nLoca\u0163ia: Biserica \u201eSf. Treime\u201d<br \/>\nDenumirea evenimentului: Sear\u0103 de pricesne \u201eC\u00e2nt\u0103ri din Postul Mare\u201d<br \/>\nOrganizator: Parohia \u201eSf. Treime\u201d, \u0218cheia III<\/p>\n<p>ZONA R\u0102D\u0102U\u021aI \u2013 SIRET<br \/>\nMUNICIPIUL R\u0102D\u0102U\u021aI<\/p>\n<p>Perioada: 31 martie 2026<br \/>\nOra: 18:30<br \/>\nLoca\u0163ia: A\u0219ez\u0103m\u00e2ntul de copii \u201eSf. Ierarh Leontie\u201d de la R\u0103d\u0103u\u021bi<br \/>\nDenumirea evenimentului: Concert de muzic\u0103 psaltic\u0103 \u201eLumina Crucii\u201d<br \/>\nOrganizator: Arhiepiscopia Sucevei \u0219i R\u0103d\u0103u\u021bilor, Protopopiatul R\u0103d\u0103u\u021bi, A\u0219ez\u0103m\u00e2ntul de copii \u201eSf. Ierarh Leontie\u201d de la R\u0103d\u0103u\u021bi<\/p>\n<p>Perioada: 01 aprilie 2026<br \/>\nOra: 18:00<br \/>\nLoca\u0163ia: Casa de Cultur\u0103 R\u0103d\u0103u\u021bi<br \/>\nDenumirea evenimentului: Concert Pascal<br \/>\nOrganizator: Prim\u0103ria Municipiului R\u0103d\u0103u\u021bi \u0219i Casa de Cultur\u0103 R\u0103d\u0103u\u021bi<\/p>\n<p>Data: 02 aprilie 2026<br \/>\nOra: 18:00<br \/>\nLoca\u0163ia: Casa de Cultur\u0103 R\u0103d\u0103u\u021bi<br \/>\nDenumirea evenimentului: \u201eOfrand\u0103 la Poalele Crucii\u201d (concert de muzic\u0103 coral\u0103 religioas\u0103)<br \/>\nOrganizator: Prim\u0103ria Municipiului R\u0103d\u0103u\u021bi \u0219i Casa de Cultur\u0103 R\u0103d\u0103u\u021bi<\/p>\n<p>Data: 01-17 aprilie 2026<br \/>\nOrele: 08:00-16:00<br \/>\nLoca\u0163ia: Galeria de Art\u0103 \u201eTraian Postolache\u201d, R\u0103d\u0103u\u021bi<br \/>\nDenumirea evenimentului: Expozi\u021bie cu tematic\u0103 pascal\u0103 \u0219i atelier de pictur\u0103 \u201eAripi \u00eenflorite\u201d<br \/>\nOrganizator: Prim\u0103ria Municipiului R\u0103d\u0103u\u021bi<\/p>\n<p>Data: 01-30 aprilie 2026<br \/>\nOrele: 08:00-16:00<br \/>\nLoca\u0163ia: Muzeul Etnografic \u201eSamuil \u0219i Eugenia Ione\u021b\u201d R\u0103d\u0103u\u021bi<br \/>\nDenumirea evenimentului: REIntegrarea memorie \u00eentre arhiv\u0103 \u0219i actualitate\u201d<br \/>\nOrganizator: Muzeul Etnografic, Asocia\u021bia REI, \u0218coala \u201eMihai Eminescu\u201d<\/p>\n<p>Data: 20-30 aprilie 2026<br \/>\nOrele: 08:00-16:00<br \/>\nLoca\u0163ia: Galeria de Art\u0103 \u201eTraian Postolache\u201d, R\u0103d\u0103u\u021bi<br \/>\nDenumirea evenimentului: Expozi\u021bie cu tematic\u0103 pascal\u0103 \u201eLumina \u00cenvierii\u201d<br \/>\nOrganizator: Prim\u0103ria Municipiului R\u0103d\u0103u\u021bi, Galeria de Art\u0103 \u201eTraian Postolache\u201d, Protopopiatul R\u0103d\u0103u\u021bi, Asocia\u021bia \u201eSf. Agata\u201d<\/p>\n<p>COMUNA SUCEVI\u021aA<\/p>\n<p>Data: 05 aprilie 2026<br \/>\nOra: 14:30<br \/>\nLoca\u0163ia: Dealul Furcoi \u201eGolgota Sucevi\u021bei\u201d<br \/>\nDenumirea evenimentului: \u201eDrumul Crucii\u201d \u00een str\u0103vechea vatr\u0103 a Sucevi\u021bei<br \/>\nOrganizator: Prim\u0103ria Comunei Sucevi\u021ba<\/p>\n<p>Data: 12 aprilie 2026<br \/>\nOra: 14:00<br \/>\nLoca\u0163ia: Biserica \u201eSf. Ilie Tresviteanul\u201d<br \/>\nDenumirea evenimentului: \u201eHristos a \u00cenviat!\u201d (c\u00e2ntece \u0219i poezii pascale, concurs de ciocnit ou\u0103)<br \/>\nOrganizator: Prim\u0103ria Comunei Sucevi\u021ba<\/p>\n<p>ZONA HUMOR<br \/>\nORA\u0218UL GURA HUMORULUI<\/p>\n<p>Data: 31 martie 2026<br \/>\nOrele: 10:00-16:00<br \/>\nLoca\u0163ia: Muzeul Obiceiurilor Populare din Bucovina<br \/>\nDenumirea evenimentului: T\u00e2rgul de Pa\u0219ti<br \/>\nOrganizator: Prim\u0103ria Ora\u0219ului Gura Humorului, Muzeul Obiceiurilor Populare din Bucovina, Centrul Cultural \u201eBucovina\u201d<\/p>\n<p>Data: 13 aprilie 2026<br \/>\nOrele: 13:00-16:00<br \/>\nLoca\u0163ia: Pia\u021ba \u201e\u0218tefan cel Mare\u201d<br \/>\nDenumirea evenimentului: S\u0103rb\u0103toarea co\u0219urilor pascale<br \/>\nOrganizator: Prim\u0103ria Ora\u0219ului Gura Humorului \u0219i parohiile ortodoxe din ora\u0219ul Gura Humorului<\/p>\n<p>COMUNA BOTO\u0218ANA<\/p>\n<p>Data: 26 martie 2026<br \/>\nOra: 17:00<br \/>\nLoca\u0163ia: Gospod\u0103ria doamnei Stela Cailing<br \/>\nDenumirea evenimentului: Sez\u0103toarea \u00eenceondeierii ou\u0103lor<br \/>\nOrganizator: \u2013<\/p>\n<p>Data: 13 aprilie 2026<br \/>\nOra: 20:00<br \/>\nLoca\u0163ia: C\u0103minul Cultural Boto\u0219ana<br \/>\nDenumirea evenimentului: Balul Tinerilor Gospodari<br \/>\nOrganizator: Prim\u0103ria Comunei Boto\u0219ana<\/p>\n<p>ZONA C\u00c2MPULUNG MOLDOVENESC<br \/>\nMUNICIPIUL C\u00c2MPULUNG MOLDOVENESC<\/p>\n<p>Data: 05 aprilie 2026<br \/>\nOra: \u2013<br \/>\nLoca\u0163ia: Biserica \u201eAdormirea Maicii Domnului\u201d<br \/>\nDenumirea evenimentului: Concert Pascal (Corala \u201eAcademica Bucovina\u201d)<br \/>\nOrganizator: Biserica \u201eAdormirea Maicii Domnului\u201d<\/p>\n<p>COMUNA BREAZA<\/p>\n<p>Data: 20 martie-10 aprilie 2026<br \/>\nOrele: 12:00-15:00<br \/>\nLoca\u0163ia: Atelierul me\u0219te\u0219ug\u0103resc Breaza<br \/>\nDenumirea evenimentului: De Pa\u0219ti \u2013 lumin\u0103 \u0219i culoare (expozi\u021bie de ou\u0103 \u00eencondeiate, ateliere de \u00eencondeiat ou\u0103)<br \/>\nOrganizator: C\u0103minul Cultural Breaza \u0219i Biblioteca comunal\u0103 Breaza<\/p>\n<p>Data: 06-10 aprilie 2026<br \/>\nOrele: 12:00-15:00<br \/>\nLoca\u0163ia: Atelierul me\u0219te\u0219ug\u0103resc Breaza<br \/>\nDenumirea evenimentului: Povestea oului \u00eencondeiat<br \/>\nOrganizator: Biblioteca comunal\u0103 Breaza \u0219i C\u0103minul Cultural Breaza<\/p>\n<p>Data: 11-12 aprilie 2026<br \/>\nOrele: 11:00-05:00<br \/>\nLoca\u0163ia: La bisericile din comun\u0103 \u0219i la cimitir<br \/>\nDenumirea evenimentului: Lumina Sf\u00e2nt\u0103 a \u00cenvierii, ciocnitul ou\u0103lor, ritualuri<br \/>\nOrganizator: Parohiile ortodoxe din Breaza<\/p>\n<p>COMUNA MOLDOVI\u021aA<\/p>\n<p>Data: 05 aprilie 2026<br \/>\nOra: 10:00<br \/>\nLoca\u0163ia: Sala de Sport<br \/>\nDenumirea evenimentului: Festivalul Ou\u0103lor \u00cencondeiate<br \/>\nOrganizator: Prim\u0103ria Comunei Moldovi\u021ba \u0219i Centrul Cultural Bucovina<\/p>\n<p>COMUNA SADOVA<\/p>\n<p>Data: 13 aprilie 2025<br \/>\nOra: \u2013<br \/>\nLoca\u0163ia: Biserica satului<br \/>\nDenumirea evenimentului: Ziua Tineretului<br \/>\nOrganizator: Prim\u0103ria Comunei Sadova<\/p>\n<p>ZONA VATRA DORNEI<br \/>\nMUNICIPIUL VATRA DORNEI<\/p>\n<p>Perioada: 30 martie 2026<br \/>\nOra: 09:00<br \/>\nLoca\u0163ia: Casa de Cultur\u0103 \u201ePlaton Pard\u0103u\u201d<br \/>\nDenumirea evenimentului: Proiec\u021bie film \u201eVasile Deac-\u00eentemeietorul ora\u0219ului Vatra Dornei\u201d<br \/>\nOrganizator: Asocia\u021bia \u201ePro Civis Dorna\u201d \u0219i Casa de Cultur\u0103 \u201ePlaton Pard\u0103u\u201d<\/p>\n<p>Data: 30 martie-22 aprilie 2026<br \/>\nOra: \u2013<br \/>\nLoca\u0163ia: Casa de Cultur\u0103 \u201ePlaton Pard\u0103u\u201d (Salonul Alb)<br \/>\nDenumirea evenimentului: Expozi\u021bie de pictur\u0103 Radu Bercea-\u201eArhitectura emo\u021biei\u201d<br \/>\nOrganizator: Casa de Cultur\u0103 \u201ePlaton Pard\u0103u\u201d<\/p>\n<p>Data: 05 aprilie 2026<br \/>\nOra: 16:00<br \/>\nLoca\u0163ia: Casa de Cultur\u0103 \u201ePlaton Pard\u0103u\u201d<br \/>\nDenumirea evenimentului: Spectacol caritabil \u201eDe Florii, de la copii pentru copii\u201d<br \/>\nOrganizator: Clubul Copiilor \u0219i Elevilor Vatra Dornei \u0219i Casa de Cultur\u0103 \u201ePlaton Pard\u0103u\u201d<\/p>\n<p>Data: 14 aprilie 2026<br \/>\nOra: 16:00<br \/>\nLoca\u0163ia: Casa de Cultur\u0103 \u201ePlaton Pard\u0103u\u201d<br \/>\nDenumirea evenimentului: Spectacol de variet\u0103\u021bi muzicale \u201eE prim\u0103var\u0103-n ochii t\u0103i\u201d<br \/>\nOrganizator: Centrul Cultural Bucovina \u0219i Casa de Cultur\u0103 \u201ePlaton Pard\u0103u\u201d<\/p>\n<p>COMUNA CIOC\u0102NE\u0218TI<\/p>\n<p>Data: 28-29 martie 2026<br \/>\nOra: 10:30<br \/>\nLoca\u0163ia: Casa de Cultur\u0103 \u201eFlorin Gheuc\u0103\u201d<br \/>\nDenumirea evenimentului: Festivalul Na\u021bional al Ou\u0103lor \u00cencondeiate<br \/>\nOrganizator: Muzeul Na\u021bional al Ou\u0103lor \u00cencondeiate \u0219i Centrul Cultural \u201eBucovina\u201d<br \/>\nCOMUNA DORNA CANDRENILOR<\/p>\n<p>Data: 05 aprilie 2026<br \/>\nOra: \u2013<br \/>\nLoca\u0163ia: Prim\u0103ria Comunei Dorna Candrenilor<br \/>\nDenumirea evenimentului: Expozi\u021bie de ou\u0103 \u00eencondeiate<br \/>\nOrganizator: Prim\u0103ria Comunei Dorna Candrenilor<\/p>\n<p>Data: 13 aprilie 2026<br \/>\nOra: 17:00<br \/>\nLoca\u0163ia: C\u0103minul Cultural Dorna Candrenilor<br \/>\nDenumirea evenimentului: Balul Gospodarilor<br \/>\nOrganizator: Prim\u0103ria Comunei Dorna Candrenilor<\/p>\n<p>COMUNA POIANA STAMPEI<\/p>\n<p>Perioada: 05 aprilie 2026<br \/>\nOrele: 09:00-17:00<br \/>\nLoca\u0163ia: Biserica \u201eSfin\u021bii Arhangheli Mihail \u0219i Gavriil\u201d<br \/>\nDenumirea evenimentului: \u201eDe Florii la Poiana Stampei\u201d (expozi\u021bie de ou\u0103 \u00eencondeiate, degust\u0103ri produse pascale, concert pascal)<br \/>\nOrganizator: Prim\u0103ria Poiana Stampei \u0219i Biserica \u201eSfin\u021bii Arhangheli Mihail \u0219i Gavriil\u201d<\/p>\n<p>COMUNA \u0218ARU DORNEI<\/p>\n<p>Perioada: 31 martie 2026<br \/>\nOra: 12:00<br \/>\nLoca\u0163ia: C\u0103minul Cultural \u0218aru Dornei<br \/>\nDenumirea evenimentului: Concurs \u201eOul Magic\u201d<br \/>\nOrganizator: Prim\u0103ria \u0218aru Dornei \u0219i \u0218coala Gimnazial\u0103 \u0218aru Dornei<\/p>\n<p>ZONA F\u0102LTICENI<br \/>\nMUNICIPIUL F\u0102LTICENI<\/p>\n<p>Data: 01-30 aprilie 2026<br \/>\nOrele: 08:00-16:00 (Miercuri-Duminic\u0103)<br \/>\nLoca\u0163ia: Muzeul Apelor \u201eMihai B\u0103cescu\u201d<br \/>\nDenumirea evenimentului: \u201eOameni, locuri, obiceiuri\u201d (expozi\u021bie de desene cu plante medicinale \u2013 Plante din gr\u0103dina Maicii Domnului)<br \/>\nOrganizator: Muzeul Apelor \u201eMihai B\u0103cescu\u201d<\/p>\n<p>Data: 30 martie-03 aprilie 2026<br \/>\nOra: \u2013<br \/>\nLoca\u0163ia: \u0218coala Gimnazial\u0103 \u201eIon Irimescu\u201d<br \/>\nDenumirea evenimentului: Tradi\u021bii prin suflet de copil (atelier de crea\u021bie, pictur\u0103 pe ou\u0103 decorative)<br \/>\nOrganizator: Muzeul de Art\u0103 \u201eIon Irimescu\u201d, \u0218coala Gimnazial\u0103 \u201eIon Irimescu\u201d \u0219i \u0218coala Gimnazial\u0103 \u201eAl. I. Cuza\u201d<\/p>\n<p>Data: 14-30 aprilie 2026<br \/>\nOra: 16:00<br \/>\nLoca\u0163ia: Biblioteca Municipal\u0103 \u201eEugen Lovinescu\u201d<br \/>\nDenumirea evenimentului: Reprezent\u0103ri vizual plastice Mircea Bunescu -Expozi\u021bia \u201eAtaraxie\u201d<br \/>\nOrganizator: Muzeul de Art\u0103 \u201eIon Irimescu\u201d, Biblioteca Municipal\u0103 \u201eEugen Lovinescu\u201d \u0219i Prim\u0103ria Municipiului F\u0103lticeni<\/p>\n<p>Data: 03 aprilie 2026<br \/>\nOra: \u2013<br \/>\nLoca\u0163ia: Biserica \u201eSf. Ilie\u201d<br \/>\nDenumirea evenimentului: Atelier de \u00eencondeiat ou\u0103\u201d<br \/>\nOrganizator: Parohia \u201eSf. Ilie\u201d<\/p>\n<p>ORA\u015eUL LITENI<\/p>\n<p>Data: 17 aprilie 2026<br \/>\nOrele: 12:00-22:00<br \/>\nLoca\u0163ia: Izvorul T\u0103m\u0103duirii \u2013 Poiana Ursului \u0219i Stadionul \u201eIonel Pintiliescu\u201d Liteni<br \/>\nDenumirea evenimentului: Zilele ora\u0219ului Liteni (spectacol artistic)<br \/>\nOrganizator: Prim\u0103ria Ora\u0219ului Liteni<\/p>\n<p>COMUNA R\u0102D\u0102\u0218ENI<\/p>\n<p>Perioada: 30-31 martie 2026<br \/>\nOra: \u2013<br \/>\nLoca\u0163ia: Biserica \u201eSfin\u021bii Mercurie \u0219i Ecaterina\u201d<br \/>\nDenumirea evenimentului: Atelier de \u00eencondeiat ou\u0103 \u201e\u00cenvierea Domnului v\u0103zut\u0103 prin ochi de copil\u201d<br \/>\nOrganizator: Parohia \u201eSfin\u021bii Mucenici Mercurie \u0219i Ecaterina\u201d<\/p>\n<p>Perioada: 31 martie 2026<br \/>\nOrele: 11:00-14:00<br \/>\nLoca\u0163ia: Biserica \u201eSf\u00e2ntul Mercurie \u0219i Sf\u00e2nta Ecaterina\u201d<br \/>\nDenumirea evenimentului: Simboluri pe coaj\u0103 de ou<br \/>\nOrganizator: \u0218coala Gimnazial\u0103 \u201eIon Lovinescu\u201d \u0219i Biserica Voievodal\u0103 din R\u0103d\u0103\u0219eni<\/p>\n<p>* Slujbe religioase \u2013 Floriile, Deniile din S\u0103pt\u0103m\u00e2na Patimilor, \u00cenvierea Domnului, Sfin\u021birea co\u0219ului pascal \u2013 \u00een toate bisericile \u0219i m\u0103n\u0103stirile din jude\u021b<\/p>\n<p>\u00a0<\/p>\n<p>\u00a0<\/p>\n<p>\u00a0<\/p>\n<\/div>\n<p>[analyse_source url=&#8221;https:\/\/www.informatiata.ro\/manifestari-pastele-in-bucovina\/&#8221;]<\/p>\n","protected":false},"excerpt":{"rendered":"<p>[analyse_image type=&#8221;featured&#8221; src=&#8221;https:\/\/www.informatiata.ro\/wp-content\/uploads\/2026\/03\/IMG_20260323_150052-919&#215;1024.jpg&#8221;] Manifest\u0103ri culturale \u0219i religioase ample, \u00een cadru Programului Pa\u0219tele \u00een Bucovina 2026. Programul este organizat de Consiliul Jude\u021bean Suceava \u0219i Centrul Cultural Bucovina cu sprijinul prim\u0103riilor din jude\u021bul Suceava. E REZUMAT MANIFEST\u0102RI \u2013 \u201ePa\u0219tele \u00een Bucovina 2026\u201d \u25cf Festivalul Na\u021bional al Ou\u0103lor \u00cencondeiate \u2013 28-29 martie 2026, ora 11:00, Cioc\u0103ne\u0219ti, Casa de [&hellip;]<\/p>\n","protected":false},"author":1,"featured_media":0,"comment_status":"open","ping_status":"","sticky":false,"template":"","format":"standard","meta":{"footnotes":""},"categories":[89],"tags":[226,167],"class_list":["post-1842083","post","type-post","status-publish","format-standard","hentry","category-romania","tag-crawlmanager","tag-informatiata-ro"],"_links":{"self":[{"href":"https:\/\/analyse.optim.biz\/index.php?rest_route=\/wp\/v2\/posts\/1842083","targetHints":{"allow":["GET"]}}],"collection":[{"href":"https:\/\/analyse.optim.biz\/index.php?rest_route=\/wp\/v2\/posts"}],"about":[{"href":"https:\/\/analyse.optim.biz\/index.php?rest_route=\/wp\/v2\/types\/post"}],"author":[{"embeddable":true,"href":"https:\/\/analyse.optim.biz\/index.php?rest_route=\/wp\/v2\/users\/1"}],"replies":[{"embeddable":true,"href":"https:\/\/analyse.optim.biz\/index.php?rest_route=%2Fwp%2Fv2%2Fcomments&post=1842083"}],"version-history":[{"count":0,"href":"https:\/\/analyse.optim.biz\/index.php?rest_route=\/wp\/v2\/posts\/1842083\/revisions"}],"wp:attachment":[{"href":"https:\/\/analyse.optim.biz\/index.php?rest_route=%2Fwp%2Fv2%2Fmedia&parent=1842083"}],"wp:term":[{"taxonomy":"category","embeddable":true,"href":"https:\/\/analyse.optim.biz\/index.php?rest_route=%2Fwp%2Fv2%2Fcategories&post=1842083"},{"taxonomy":"post_tag","embeddable":true,"href":"https:\/\/analyse.optim.biz\/index.php?rest_route=%2Fwp%2Fv2%2Ftags&post=1842083"}],"curies":[{"name":"wp","href":"https:\/\/api.w.org\/{rel}","templated":true}]}}