{"id":184201,"date":"2015-03-28T17:46:41","date_gmt":"2015-03-28T14:46:41","guid":{"rendered":"https:\/\/analyse.optim.biz\/?p=184201"},"modified":"2015-03-28T17:46:41","modified_gmt":"2015-03-28T14:46:41","slug":"intelegerea-dintre-presedinte-si-parlament-a-durat-trei-luni","status":"publish","type":"post","link":"https:\/\/analyse.optim.biz\/?p=184201","title":{"rendered":"\u00cen\u0163elegerea dintre pre\u015fedinte \u015fi Parlament a durat trei luni"},"content":{"rendered":"<div class=\"entry data-app-meta data-app-meta-article\" data-embed-base-url-canonical=\"https:\/\/www.digi24.ro\/embed\/stiri\/actualitate\/politica\/intelegerea-dintre-presedinte-si-parlament-a-durat-trei-luni-598361\">\n<p data-index=\"1\"><strong>\u201eRog Parlamentul s\u0103 ia \u00een discu\u0163ie toate solicit\u0103rile venite din partea justi\u0163iei \u015fi s\u0103 le \u00eencuviin\u0163eze pe toate\u201d, spunea Klaus Iohannis \u00een noiembrie 2014.<\/strong><\/p>\n<p data-index=\"2\">A trecut doar o zi \u015fi deputa\u0163ii s-au mobilizat. Au l\u0103sat f\u0103r\u0103 imunitate trei parlamentari. A fost \u00eencuviin\u0163at\u0103 arestarea preventiv\u0103 pentru deputa\u0163ii <strong>Ion Dini\u0163\u0103, Mircea Ro\u015fca \u015fi Ioan Adam.<\/strong><\/p>\n<p data-index=\"3\">\u015ei senatorii s-au pus pe treab\u0103. <strong>Ecaterina Andronescu \u015fi \u015eerban Mih\u0103ilescu<\/strong>, ambii cerceta\u0163i \u00een dosarul Microsoft, au r\u0103mas f\u0103r\u0103 imunitate \u00een fa\u0163a justi\u0163iei.<\/p>\n<p data-index=\"4\">Au mai urmat \u00eenc\u0103 patru cereri din partea procurorilor, iar parlamentarii au reac\u0163ionat cu aceea\u015fi promptitudine. O alt\u0103 demonstra\u0163ie de for\u0163\u0103 a venit din partea deputa\u0163ilor care au stat p\u00e2n\u0103 t\u00e2rziu \u00een noapte s\u0103 voteze toate cele opt solicit\u0103ri DNA, pe numele fostului ministru <strong>Elena Udrea.<\/strong><\/p>\n<p data-index=\"5\">\u201eOrice fel de solicit\u0103ri care \u0163in de imunitate sau de incompatibilit\u0103\u0163i constatate de instan\u0163ele de judecat\u0103, grupurile PSD vor vota pentru\u201d, spunea, atunci, premierul Victor Ponta.<\/p>\n<p data-index=\"6\">Ritmul s-a domolit, \u00eens\u0103, c\u00e2nd a venit vorba despre senatorul <strong>Varujan Vosganian<\/strong>, acuzat de subminarea economiei na\u0163ionale. Rug\u0103ciunile \u015fi mirul l-au sc\u0103pat de urm\u0103rirea penal\u0103.<\/p>\n<p data-index=\"7\"><strong>Pre\u015fedintele Klaus Iohannis a criticat decizia senatorilor. Pe Facebook.<\/strong><\/p>\n<p data-index=\"8\">\u201e<span>Votul senatorilor arat\u0103 c\u0103 nu s-a \u00een\u021beles \u00eenc\u0103 pe deplin necesitatea schimb\u0103rii pentru care am pledat at\u00e2t la consult\u0103rile cu partidele politice parlamentare, c\u00e2t \u0219i \u00een recentul discurs \u021binut \u00een plenul Parlamentului\u201d, scria Klaus Iohannis pe Facebook.<\/span><\/p>\n<p data-index=\"9\">A mai trecut o lun\u0103 \u015fi deputa\u0163ii l-au f\u0103cut sc\u0103pat \u015fi ei pe un coleg: <strong>Laszlo Borbely<\/strong>.<\/p>\n<p data-index=\"10\"><strong>\u015ei de aceast\u0103 dat\u0103, \u015feful statului i-a certat pe parlamentari nu de la Cotroceni, ci pe Facebook.<\/strong><\/p>\n<p data-index=\"11\">\u201e<span>Am asistat recent la sfidarea justi\u021biei \u00een Parlament \u00een cazul Borbely\u201d, spunea pre\u015fedintele, tot pe Facebook.<\/span><\/p>\n<p data-index=\"12\">Cel mai recent caz a fost al lui <strong>Dan \u015eova<\/strong>, pe care senatorii l-au l\u0103sat cu imunitatea intact\u0103.<\/p>\n<p data-index=\"13\"><strong>De aceast\u0103 dat\u0103, \u00eens\u0103, pre\u015fedintele Klaus Iohannis s-a mutat de pe Facebook la Curtea Constitu\u0163ional\u0103, unde a f\u0103cut o sesizare referitoare la un posibil conflict juridic \u00eentre Parchet \u015fi Senat.<\/strong><\/p>\n<\/div>\n<p> Source URL: https:\/\/www.digi24.ro\/stiri\/actualitate\/politica\/intelegerea-dintre-presedinte-si-parlament-a-durat-trei-luni-598361<\/p>\n","protected":false},"excerpt":{"rendered":"<p>\u201eRog Parlamentul s\u0103 ia \u00een discu\u0163ie toate solicit\u0103rile venite din partea justi\u0163iei \u015fi s\u0103 le \u00eencuviin\u0163eze pe toate\u201d, spunea Klaus Iohannis \u00een noiembrie 2014. A trecut doar o zi \u015fi deputa\u0163ii s-au mobilizat. Au l\u0103sat f\u0103r\u0103 imunitate trei parlamentari. A fost \u00eencuviin\u0163at\u0103 arestarea preventiv\u0103 pentru deputa\u0163ii Ion Dini\u0163\u0103, Mircea Ro\u015fca \u015fi Ioan Adam. \u015ei senatorii [&hellip;]<\/p>\n","protected":false},"author":1,"featured_media":184202,"comment_status":"open","ping_status":"","sticky":false,"template":"","format":"standard","meta":{"footnotes":""},"categories":[2],"tags":[11],"class_list":["post-184201","post","type-post","status-publish","format-standard","has-post-thumbnail","hentry","category-politics","tag-digi24"],"_links":{"self":[{"href":"https:\/\/analyse.optim.biz\/index.php?rest_route=\/wp\/v2\/posts\/184201","targetHints":{"allow":["GET"]}}],"collection":[{"href":"https:\/\/analyse.optim.biz\/index.php?rest_route=\/wp\/v2\/posts"}],"about":[{"href":"https:\/\/analyse.optim.biz\/index.php?rest_route=\/wp\/v2\/types\/post"}],"author":[{"embeddable":true,"href":"https:\/\/analyse.optim.biz\/index.php?rest_route=\/wp\/v2\/users\/1"}],"replies":[{"embeddable":true,"href":"https:\/\/analyse.optim.biz\/index.php?rest_route=%2Fwp%2Fv2%2Fcomments&post=184201"}],"version-history":[{"count":0,"href":"https:\/\/analyse.optim.biz\/index.php?rest_route=\/wp\/v2\/posts\/184201\/revisions"}],"wp:featuredmedia":[{"embeddable":true,"href":"https:\/\/analyse.optim.biz\/index.php?rest_route=\/wp\/v2\/media\/184202"}],"wp:attachment":[{"href":"https:\/\/analyse.optim.biz\/index.php?rest_route=%2Fwp%2Fv2%2Fmedia&parent=184201"}],"wp:term":[{"taxonomy":"category","embeddable":true,"href":"https:\/\/analyse.optim.biz\/index.php?rest_route=%2Fwp%2Fv2%2Fcategories&post=184201"},{"taxonomy":"post_tag","embeddable":true,"href":"https:\/\/analyse.optim.biz\/index.php?rest_route=%2Fwp%2Fv2%2Ftags&post=184201"}],"curies":[{"name":"wp","href":"https:\/\/api.w.org\/{rel}","templated":true}]}}