{"id":184190,"date":"2015-03-28T22:26:28","date_gmt":"2015-03-28T19:26:28","guid":{"rendered":"https:\/\/analyse.optim.biz\/?p=184190"},"modified":"2015-03-28T22:26:28","modified_gmt":"2015-03-28T19:26:28","slug":"alesii-pregatesc-o-noua-lovitura-in-parlament-pedepese-mai-blande-pentru-incompatibili","status":"publish","type":"post","link":"https:\/\/analyse.optim.biz\/?p=184190","title":{"rendered":"Ale\u015fii preg\u0103tesc o nou\u0103 lovitur\u0103 \u00een Parlament. Pedepese mai bl\u00e2nde pentru incompatibili"},"content":{"rendered":"<div class=\"entry data-app-meta data-app-meta-article\" data-embed-base-url-canonical=\"https:\/\/www.digi24.ro\/embed\/stiri\/actualitate\/politica\/alesii-pregatesc-o-noua-lovitura-in-parlament-pedepese-mai-blande-pentru-incompatibili-598393\">\n<p data-index=\"1\">Cei nou\u0103 deputa\u0163i care vor s\u0103-i scape pe to\u0163i ale\u015fii de interdic\u0163ia de a ob\u0163ine o func\u0163ie public\u0103 dup\u0103 un proces de incompatibilitate sunt de la <strong>PSD, UDMR \u015fi minorit\u0103\u0163i<\/strong>. Ei spun c\u0103 unui parlamentar, spre exemplu, g\u0103sit incompatibil, ar trebui s\u0103-i fie ridicat\u0103 interdic\u0163ia ocup\u0103rii altor func\u0163ii \u00een afar\u0103 de cea de parlamentar. \u015ei este, spun ini\u0163iatorii, doar o clarificare a sensului sintagmei \u201eaceea\u015fi func\u0163ie\u201d din prevederile legii ANI. Sintagma face referire la sanc\u0163iunea pentru incompatibili, f\u0103r\u0103 vreo diferen\u0163\u0103 \u00eentre tipul func\u0163iilor.<\/p>\n<p data-index=\"2\">\u201ePentru mine ca maghiar e foarte interesant c\u0103 rom\u00e2nii nu \u00een\u0163eleg ce sens are cuv\u00e2ntul <em>aceea\u015fi.<\/em> Pentru mine este clar c\u0103 <em>aceea\u015fi func\u0163ie<\/em> este aceea\u015fi func\u0163ie. Adic\u0103 dac\u0103 eu sunt deputat, nu poate fi vorba de o func\u0163ie de a mea de acum 24 de ani de consilier local. Cel pu\u0163in pentru mintea mea, a\u015fa cum am \u00eenv\u0103\u0163at eu limba rom\u00e2n\u0103\u201d, a declarat pentru Digi24 <strong>Marton Arpad, deputat UDMR.<\/strong><\/p>\n<p data-index=\"3\">Incorect\u0103 vede legea actual\u0103 \u015fi senatorul conservator Cristiana Anghel:<\/p>\n<p data-index=\"4\">\u201e<span>Multe, multe legi \u015fi multe articole au trecut uite a\u015fa, ridic\u00e2nd degetul \u015fi oamenii necitind ce scriu acolo. Nu exist\u0103 niciun termen. Adic\u0103 o institu\u0163ie precum ANI se poate \u00eentoarce \u015fi cu 20 de ani \u00eenapoi. Nu se poate a\u015fa ceva. Adic\u0103 \u00een Legea judec\u0103torilor avem prescrip\u0163ie un an de zile \u015fi aici ajungi p\u00e2n\u0103 la 1990. C\u0103 te g\u0103se\u015fte c\u0103 ai fost, c\u0103 ai f\u0103cut o chestie \u00een &#8217;91 s\u0103 zicem, da? \u015ei vine \u015fi spune c\u0103 e\u015fti incompatibil. P\u0103i e posibil a\u015fa ceva? Dar \u00een momentul \u00een care tu ai intrat \u00een Parlament, c\u00e2nd \u0163i-a fost validat mandatul, deci nu mai exist\u0103 chestia aceea. Sunt mul\u0163i care, spre exemplu, au \u015fi uitat c\u0103 au o societate, au uitat pur \u015fi simplu\u201d, a declarat pentru Digi24 <strong>senatorul PC Cristiana Anghel.<\/strong><\/span><\/p>\n<p data-index=\"5\"><strong>Ambele proiecte vor intra \u00een dezbaterea deputa\u0163ilor, primii sesiza\u0163i cu aceast\u0103 problem\u0103.<\/strong><\/p>\n<h5>Ce spune Curtea Constitu\u021bional\u0103<\/h5>\n<p data-index=\"6\">La sf\u00e2r\u015fitul anului 2013, <strong>Curtea Constitu\u0163ional\u0103 a dispus Parlamentului s\u0103 clarifice sensul sintagmei \u201eaceea\u015fi func\u0163ie&#8221; din legea ANI.<\/strong> \u00cen lipsa unei reac\u0163ii, sesizat\u0103 \u00een vara lui 2014, <strong>Curtea a decis din nou s\u0103 le indice ale\u015filor exact ce a vrut s\u0103 spun\u0103 legiuitorul c\u00e2nd a f\u0103cut legea ANI<\/strong>: Ar fi de neconceput \u00eentr-un stat de drept, au spus judec\u0103torii, ca un incompatibil s\u0103 poat\u0103 ocupa orice alt\u0103 func\u0163ie, cu excep\u0163ia celei \u00een care se afl\u0103. Cu alte cuvinte, un consilier local sau jude\u0163ean g\u0103sit \u00een neregul\u0103 de instan\u0163\u0103, timp de trei ani nu mai poate fi nici senator, deputat, primar sau consilier. Doar a\u015fa cel care a gre\u015fit poate fi avertizat cu privire la gravitatea faptelor lui. Iar c\u00e2nd Curtea Constitu\u0163ional\u0103 hot\u0103r\u0103\u015fte c\u0103 numai o anumit\u0103 interpretare este conform\u0103 cu Constitu\u0163ia, instan\u0163ele \u015fi organele administrative trebuie s\u0103 se conformeze.<\/p>\n<p data-index=\"7\">Primul parlamentar care \u015fi-a pierdut mandatul de deputat pe motiv de incompatibilitate a fost <strong>Sergiu Andon,<\/strong> iar \u00een instan\u0163e sunt zeci de ale\u015fi locali \u015fi na\u0163ionali care se judec\u0103 cu inspectorii de integritate pe aceast\u0103 tem\u0103.<\/p>\n<p data-index=\"8\"><strong>Cum explic\u0103 CCR sanc\u0163iunile pentru incompatibili<\/strong><\/p>\n<p data-index=\"9\">(surs\u0103: Decizia CC 418\/2014)<\/p>\n<p data-index=\"10\">\u201eA accepta interpretarea conform c\u0103reia unei persoane constatate a fi \u00een stare de incompatibilitate sau conflict de interese \u00eei este interzis s\u0103 mai ocupe doar func\u021bia care a generat starea de incompatibilitate sau conflictul de interese, put\u00e2nd, \u00een schimb, ocupa orice alt\u0103 func\u021bie eligibil\u0103, ar pune, practic, la \u00eendem\u00e2na categoriilor de persoane vizate de Legea nr.176\/2010 un procedeu extrem de simplu de eludare a legii \u0219i a aplicabilit\u0103\u021bii sanc\u021biunilor instituite de aceasta, aspect de neconceput \u00eentr-un stat de drept\u201d.<\/p>\n<p data-index=\"11\">\u201e(&#8230;) \u00een litera \u0219i spiritul legii, poate subzista doar interpretarea potrivit c\u0103reia o persoan\u0103 care a ocupat, spre exemplu, func\u021bia de consilier local sau jude\u021bean \u0219i cu privire la care s-a constatat starea de incompatibilitate sau \u00eenc\u0103lcarea regimului privind conflictul de interese nu mai poate ocupa, pe o perioad\u0103 de 3 ani de la \u00eencetarea mandatului, nicio alt\u0103 func\u021bie eligibil\u0103 (spre exemplu, senator, deputat, primar, consilier local)&#8221;.<\/p>\n<p data-index=\"12\">\u201e (&#8230;) indiferent de interpret\u0103rile ce se pot aduce unui text, atunci c\u00e2nd Curtea Constitu\u021bional\u0103 a hot\u0103r\u00e2t c\u0103 numai o anumit\u0103 interpretare este conform\u0103 cu Constitu\u021bia, (&#8230;) instan\u021bele judec\u0103tore\u0219ti \u0219i organele administrative trebuie s\u0103 se conformeze deciziei \u015fi s\u0103 o aplice ca atare.&#8221;<\/p>\n<\/div>\n<p> Source URL: https:\/\/www.digi24.ro\/stiri\/actualitate\/politica\/alesii-pregatesc-o-noua-lovitura-in-parlament-pedepese-mai-blande-pentru-incompatibili-598393<\/p>\n","protected":false},"excerpt":{"rendered":"<p>Cei nou\u0103 deputa\u0163i care vor s\u0103-i scape pe to\u0163i ale\u015fii de interdic\u0163ia de a ob\u0163ine o func\u0163ie public\u0103 dup\u0103 un proces de incompatibilitate sunt de la PSD, UDMR \u015fi minorit\u0103\u0163i. Ei spun c\u0103 unui parlamentar, spre exemplu, g\u0103sit incompatibil, ar trebui s\u0103-i fie ridicat\u0103 interdic\u0163ia ocup\u0103rii altor func\u0163ii \u00een afar\u0103 de cea de parlamentar. \u015ei [&hellip;]<\/p>\n","protected":false},"author":1,"featured_media":184191,"comment_status":"open","ping_status":"","sticky":false,"template":"","format":"standard","meta":{"footnotes":""},"categories":[2],"tags":[11],"class_list":["post-184190","post","type-post","status-publish","format-standard","has-post-thumbnail","hentry","category-politics","tag-digi24"],"_links":{"self":[{"href":"https:\/\/analyse.optim.biz\/index.php?rest_route=\/wp\/v2\/posts\/184190","targetHints":{"allow":["GET"]}}],"collection":[{"href":"https:\/\/analyse.optim.biz\/index.php?rest_route=\/wp\/v2\/posts"}],"about":[{"href":"https:\/\/analyse.optim.biz\/index.php?rest_route=\/wp\/v2\/types\/post"}],"author":[{"embeddable":true,"href":"https:\/\/analyse.optim.biz\/index.php?rest_route=\/wp\/v2\/users\/1"}],"replies":[{"embeddable":true,"href":"https:\/\/analyse.optim.biz\/index.php?rest_route=%2Fwp%2Fv2%2Fcomments&post=184190"}],"version-history":[{"count":0,"href":"https:\/\/analyse.optim.biz\/index.php?rest_route=\/wp\/v2\/posts\/184190\/revisions"}],"wp:featuredmedia":[{"embeddable":true,"href":"https:\/\/analyse.optim.biz\/index.php?rest_route=\/wp\/v2\/media\/184191"}],"wp:attachment":[{"href":"https:\/\/analyse.optim.biz\/index.php?rest_route=%2Fwp%2Fv2%2Fmedia&parent=184190"}],"wp:term":[{"taxonomy":"category","embeddable":true,"href":"https:\/\/analyse.optim.biz\/index.php?rest_route=%2Fwp%2Fv2%2Fcategories&post=184190"},{"taxonomy":"post_tag","embeddable":true,"href":"https:\/\/analyse.optim.biz\/index.php?rest_route=%2Fwp%2Fv2%2Ftags&post=184190"}],"curies":[{"name":"wp","href":"https:\/\/api.w.org\/{rel}","templated":true}]}}