{"id":1841810,"date":"2026-03-23T11:00:59","date_gmt":"2026-03-23T08:00:59","guid":{"rendered":"https:\/\/analyse.optim.biz\/?p=1841810"},"modified":"2026-03-23T11:00:59","modified_gmt":"2026-03-23T08:00:59","slug":"mxgp-grandes-premieres-pour-camden-mclellan","status":"publish","type":"post","link":"https:\/\/analyse.optim.biz\/?p=1841810","title":{"rendered":"MXGP : grandes premi\u00e8res pour Camden McLellan !"},"content":{"rendered":"<div class=\"entry-content\">\n<p style=\"font-weight: 400\"><strong>Vainqueur de son premier GP MX2 hier en fin d\u2019apr\u00e8s-midi sur la piste espagnole d\u2019Almonte, Camden McLellan restera \u00e0 jamais l\u2019homme ayant offert \u00e0 l\u2019usine Triumph une premi\u00e8re victoire en championnat du monde. Nouveau leader du classement provisoire, le Sud-Africain de 21 ans portera la plaque rouge en Suisse le week-end prochain. <\/strong><\/p>\n<div id=\"attachment_724715\" style=\"width: 1010px\" class=\"wp-caption alignnone\"><img loading=\"lazy\" decoding=\"async\" aria-describedby=\"caption-attachment-724715\" class=\"wp-image-724715 size-full\" src=\"https:\/\/moto-station.com\/wp-content\/uploads\/2026\/03\/23\/McLellan_success_MXGP_2026_R02_Q6A9790.jpg\" alt=\"MX2 MXGP McLellan Triumph\" width=\"1000\" height=\"667\"><\/p>\n<p id=\"caption-attachment-724715\" class=\"wp-caption-text\">Premi\u00e8re victoire MX2 pour Camden McLellan et le team Triumph Racing en Espagne, la TF 250 portera \u00e9galement la plaque rouge pour la premi\u00e8re fois la semaine prochaine !<\/p>\n<\/div>\n<p style=\"font-weight: 400\">N\u00e9 le sept juin 2004, <strong>Camden McLellan<\/strong> f\u00eatera ses 22 ans dans deux mois et demi. Hier en Espagne, <a href=\"https:\/\/moto-station.com\/moto-verte\/mx-sx\/mxgp-espagne-les-plaques-rouges-pour-lucas-coenen-et-camden-mclellan\/724669\">le jeune homme a pass\u00e9 un cap tr\u00e8s important en ouvrant son compteur de victoire en mondial MX2.<\/a> Champion d\u2019Europe 85 en 2018, sixi\u00e8me du mondial 125 junior l\u2019ann\u00e9e suivante, le Sud-Africain a pass\u00e9 trois ans en EMX 250 (P17, P16, P4) avant de rejoindre le MX2 en 2023. Recrut\u00e9 par le team Honda JM Racing, c\u2019est donc sous les ordres de Jacky Martens que le jeune homme a lanc\u00e9 sa carri\u00e8re chez les grands. Bless\u00e9 en d\u00e9but de championnat et absent des six premi\u00e8res \u00e9preuves, il a d\u00e9but\u00e9 sa carri\u00e8re en France lors du GP de Villars-sous-\u00c9cot avant de monter en puissance et de terminer son championnat avec quelques r\u00e9sultats prometteurs. Sixi\u00e8me \u00e0 Loket, cinqui\u00e8me en Su\u00e8de, septi\u00e8me \u00e0 Arnhem, le Sudaf a tap\u00e9 dans l\u2019\u0153il de l\u2019usine Triumph qui pr\u00e9parait son arriv\u00e9e en mondial l\u2019ann\u00e9e suivante. Engag\u00e9 aux c\u00f4t\u00e9s de <strong>Mikkel Haarup<\/strong>, McLellan s\u2019est tr\u00e8s vite adapt\u00e9 \u00e0 sa nouvelle \u00e9quipe. Auteur de son premier podium en Sardaigne (P3, 3\/5), une blessure va malheureusement le priver ensuite de six courses. De retour en Indon\u00e9sie, il va reprendre du rythme et terminer sa campagne mondiale 2024 en neuvi\u00e8me position.<\/p>\n<div id=\"attachment_724716\" style=\"width: 1210px\" class=\"wp-caption alignnone\"><img loading=\"lazy\" decoding=\"async\" aria-describedby=\"caption-attachment-724716\" class=\"wp-image-724716 size-full\" src=\"https:\/\/moto-station.com\/wp-content\/uploads\/2026\/03\/23\/McLellan_MXGP_2026_R02_Q6A8986.jpg\" alt=\"MX2 MXGP McLellan Triumph\" width=\"1200\" height=\"800\"><\/p>\n<p id=\"caption-attachment-724716\" class=\"wp-caption-text\">Oui, Camden McLellan fait bien partie des candidats au titre mondial MX2 2026 !<\/p>\n<\/div>\n<h2 style=\"font-weight: 400\"><strong>Des progr\u00e8s constants\u00a0! <\/strong><\/h2>\n<p style=\"font-weight: 400\">L\u2019an dernier, le prot\u00e9g\u00e9 de Vincent Bereni a encore pass\u00e9 un cap important. Cinqui\u00e8me du classement final, vainqueur de sa premi\u00e8re manche \u00e0 Trentino, sur le podium en Sardaigne et \u00e0 Lommel, il s\u2019est montr\u00e9 tr\u00e8s constant toute la saison en \u00e9vitant de se blesser. Apr\u00e8s un hiver studieux, le pilote Triumph Racing est arriv\u00e9 en pleine confiance en Argentine. Sur le podium d\u2019entr\u00e9e (6\/2) derri\u00e8re <strong>Simon Laengenfelder<\/strong> et son teammate <strong>Guillem Farres<\/strong>, il a donc confirm\u00e9 dimanche dernier en s\u2019imposant avec la mani\u00e8re (2\/1). Fort physiquement, <strong>McLellan <\/strong>est un pilote qui met beaucoup d\u2019intensit\u00e9 et d\u2019engagement dans son pilotage. Redoutable sur les pistes sablonneuses, il a d\u00e9montr\u00e9 en Espagne qu\u2019il \u00e9tait bien l\u2019un des candidats au titre mondial MX2. Ce dimanche 22 mars 2026 restera donc un jour tr\u00e8s important pour lui, mais \u00e9galement pour le team Triumph Racing. Pour l\u2019usine anglaise, le bilan est incroyable avec un premi\u00e8re manche gagn\u00e9e par <strong>Farres <\/strong>(probl\u00e8me m\u00e9canique dans la seconde), la seconde par <strong>McLellan<\/strong> (premi\u00e8re fois que l\u2019\u00e9quipe remporte les deux manches d\u2019un GP), le GP pour le Sudaf et une premi\u00e8re plaque rouge qui sera inaugur\u00e9e la semaine prochaine en Suisse. Depuis l\u2019arriv\u00e9e de Triumph dans l\u2019univers du MX\/SX mondial, c\u2019est la seconde fois que la TF 250 X remporte une course apr\u00e8s le succ\u00e8s de <strong>Jordon Smith<\/strong> en finale SX West coast l\u2019an dernier \u00e0 Glendale. Apr\u00e8s ses compatriotes <strong>Greg Albertyn<\/strong> (1992\/93\/94), <strong>Grant Langston<\/strong> (2000) et <strong>Tyla Rattray<\/strong>(2008) tous titr\u00e9s en Europe, <strong>Camden McLellan <\/strong>a prouv\u00e9 qu\u2019il avait lui aussi le potentiel pour faire de grandes choses\u00a0!<\/p>\n<p style=\"font-weight: 400\"><strong>Palmar\u00e8s<\/strong><\/p>\n<p style=\"font-weight: 400\"><strong>\u2013 2018\u00a0<\/strong>: champion d\u2019Europe 85<\/p>\n<p style=\"font-weight: 400\"><strong>\u2013 2019<\/strong>\u00a0: P6 mondial 125, P18 EMX 125<\/p>\n<p style=\"font-weight: 400\"><strong>\u2013 2020<\/strong>\u00a0: P17 EMX 250<\/p>\n<p style=\"font-weight: 400\"><strong>\u2013 2021\u00a0<\/strong>: P16 EMX 250<\/p>\n<p style=\"font-weight: 400\"><strong>\u2013 2022<\/strong>\u00a0: P4 EMX 250<\/p>\n<p style=\"font-weight: 400\"><strong>\u2013 2023<\/strong>\u00a0: P13 MX2 (Honda JM Racing)<\/p>\n<p style=\"font-weight: 400\"><strong>\u2013 2024<\/strong>\u00a0: P9 MX2 (Triumph)<\/p>\n<p style=\"font-weight: 400\"><strong>\u2013 2025<\/strong>\u00a0: P5 MX2 (Triumph)<\/p>\n<\/p><\/div>\n","protected":false},"excerpt":{"rendered":"<p>Vainqueur de son premier GP MX2 hier en fin d\u2019apr\u00e8s-midi sur la piste espagnole d\u2019Almonte, Camden McLellan restera \u00e0 jamais l\u2019homme ayant offert \u00e0 l\u2019usine Triumph une premi\u00e8re victoire en championnat du monde. Nouveau leader du classement provisoire, le Sud-Africain de 21 ans portera la plaque rouge en Suisse le week-end prochain. Premi\u00e8re victoire MX2 [&hellip;]<\/p>\n","protected":false},"author":1,"featured_media":0,"comment_status":"open","ping_status":"","sticky":false,"template":"","format":"standard","meta":{"footnotes":""},"categories":[1],"tags":[226,240],"class_list":["post-1841810","post","type-post","status-publish","format-standard","hentry","category-uncategorized","tag-crawlmanager","tag-moto-station-com"],"_links":{"self":[{"href":"https:\/\/analyse.optim.biz\/index.php?rest_route=\/wp\/v2\/posts\/1841810","targetHints":{"allow":["GET"]}}],"collection":[{"href":"https:\/\/analyse.optim.biz\/index.php?rest_route=\/wp\/v2\/posts"}],"about":[{"href":"https:\/\/analyse.optim.biz\/index.php?rest_route=\/wp\/v2\/types\/post"}],"author":[{"embeddable":true,"href":"https:\/\/analyse.optim.biz\/index.php?rest_route=\/wp\/v2\/users\/1"}],"replies":[{"embeddable":true,"href":"https:\/\/analyse.optim.biz\/index.php?rest_route=%2Fwp%2Fv2%2Fcomments&post=1841810"}],"version-history":[{"count":0,"href":"https:\/\/analyse.optim.biz\/index.php?rest_route=\/wp\/v2\/posts\/1841810\/revisions"}],"wp:attachment":[{"href":"https:\/\/analyse.optim.biz\/index.php?rest_route=%2Fwp%2Fv2%2Fmedia&parent=1841810"}],"wp:term":[{"taxonomy":"category","embeddable":true,"href":"https:\/\/analyse.optim.biz\/index.php?rest_route=%2Fwp%2Fv2%2Fcategories&post=1841810"},{"taxonomy":"post_tag","embeddable":true,"href":"https:\/\/analyse.optim.biz\/index.php?rest_route=%2Fwp%2Fv2%2Ftags&post=1841810"}],"curies":[{"name":"wp","href":"https:\/\/api.w.org\/{rel}","templated":true}]}}