{"id":184173,"date":"2015-03-29T17:59:14","date_gmt":"2015-03-29T14:59:14","guid":{"rendered":"https:\/\/analyse.optim.biz\/?p=184173"},"modified":"2015-03-29T17:59:14","modified_gmt":"2015-03-29T14:59:14","slug":"traian-basescu-mesaj-catre-klaus-iohannis-si-eu-am-facut-erori","status":"publish","type":"post","link":"https:\/\/analyse.optim.biz\/?p=184173","title":{"rendered":"Traian B\u0103sescu, mesaj c\u0103tre Klaus Iohannis: \u015ei eu am f\u0103cut erori"},"content":{"rendered":"<div class=\"entry data-app-meta data-app-meta-article\" data-embed-base-url-canonical=\"https:\/\/www.digi24.ro\/embed\/stiri\/actualitate\/politica\/traian-basescu-mesaj-catre-klaus-iohannis-si-eu-am-facut-erori-598513\">\n<p data-index=\"1\"><img decoding=\"async\" src=\"https:\/\/analyse.optim.biz\/wp-content\/uploads\/2024\/09\/mme5ownlytfinwuwowq1mme4ntjiytjjmq-thumb_.jpg\" data-skip-htmlfix=\"1\" title=\"mme5ownlytfinwuwowq1mme4ntjiytjjmq-thumb_\"><\/p>\n<p data-index=\"2\"><em><span>FOTO: presidency.ro<\/span><\/em><\/p>\n<p data-index=\"3\">Traian B\u0103sescu mai postase vineri un <a href=\"https:\/\/www.digi24.ro\/Stiri\/Digi24\/Actualitate\/Politica\/Traian+Basescu+Bravos+natiune+halal+revolutie+pe+16+noiembrie+20\" target=\"_blank\" data-skip-linkfix=\"1\" rel=\"noopener\">mesaj pe tema numirii lui Teodorovici<\/a>, \u00een care avea un ton mult mai dur \u0219i \u00eel acuza pe Klaus Iohannis c\u0103 nu \u021bine seama de ceea ce dore\u0219te popula\u021bia care l-a votat la 16 noiembrie. \u201eGrivco \u015fi USL-ul sunt mai vii ca oric\u00eend, dar nu &#8220;pas cu pas&#8221;, ci buluc\u201d, spunea, ironic, fostul pre\u0219edinte critic\u00e2ndu-l pe Klaus Iohannis c\u0103 a acceptat numirea lui Teodorovici, cel care a votat pentru men\u021binerea imunit\u0103\u021bii senatorului Dan \u0218ova.<\/p>\n<p data-index=\"4\">\u00cen postarea de duminic\u0103, tonul fostului pre\u0219edinte se schimb\u0103 \u0219i este mult mai condescendent. \u201e\u0218i eu am f\u0103cut erori\u201d, recunoa\u0219te Traian B\u0103sescu, d\u00e2ndu-i actualului pre\u0219edinte circumstan\u021be atenuante: \u201ePoate nu a\u021bi \u0219tiut c\u0103 s-a opus re\u021binerii \u0219i arest\u0103rii lui Dan \u0218ova\u201d. Totu\u0219i, \u00eel avertizeaz\u0103 pe Klaus Iohannis: \u00a0numirea lui Teodorovici ar fi \u201eun semnal care v\u0103 trimite \u00eenapoi la Grivco \u015fi \u00een bra\u0163ele turn\u0103torului Felix\u201d.<\/p>\n<p data-index=\"5\">\u00cendemn\u00e2ndu-l pe actualul pre\u0219edinte s\u0103 revin\u0103 asupra deciziei de a-l numi pe Teodorovici la Finan\u021be, mesajul lui Traian B\u0103sescu se \u00eencheie \u00een not\u0103 sentimental\u0103, cu o rug\u0103minte: \u201eV\u0103 rog, r\u0103m\u00eene\u0163i pentru rom\u00e2ni cel din 16 noiembrie 2014. To\u0163i avem nevoie de speran\u0163\u0103, inclusiv un fost pre\u015fedinte\u201d.<\/p>\n<p data-index=\"6\">Mesajul postat de Traian B\u0103sescu:<\/p>\n<p data-index=\"7\">\u201eDomnule pre\u015fedinte Iohannis,<\/p>\n<p data-index=\"8\">\u00cen\u0163eleg c\u0103 v-a\u0163i \u00een\u0163eles cu V.V.Ponta pentru desemnarea lui Eugen Teodorovici la Finan\u0163e. \u015ei eu am f\u0103cut erori. Poate nu a\u0163i \u015ftiut c\u0103 s-a opus re\u0163inerii \u015fi arest\u0103rii lui Dan \u015eova pentru falsificarea probelor.<br \/>Dar ast\u0103zi c\u00e2nd \u015fti\u0163i acest lucru din imaginile de la G\u00e2ndul, a-l valida pe Teodorovici, care a votat pentru ascunderea adev\u0103rului, este un semnal care v\u0103 trimite \u00eenapoi la Grivco \u015fi \u00een bra\u0163ele turn\u0103torului Felix.<br \/>V\u0103 rog, r\u0103m\u00e2ne\u0163i pentru rom\u00e2ni cel din 16 noiembrie 2014. To\u0163i avem nevoie de speran\u0163\u0103, inclusiv un fost pre\u015fedinte\u201d.<\/p>\n<div class=\"fb-post\">\n<div class=\"fb-xfbml-parse-ignore\">\n<blockquote cite=\"https:\/\/www.facebook.com\/PresedinteleTraianBasescu\/posts\/1023157911031093\">\n<p data-index=\"9\">Domnule pre\u015fedinte Iohannis,\u00cen\u0163eleg c\u0103 v-a\u0163i \u00een\u0163eles cu V.V.Ponta pentru desemnarea lui Eugen Teodorovici la Finan\u0163e. \u015e&#8230;<\/p>\n<p>Posted by <a href=\"https:\/\/www.facebook.com\/PresedinteleTraianBasescu\" data-skip-linkfix=\"1\">Traian B\u0103sescu<\/a> on <a href=\"https:\/\/www.facebook.com\/PresedinteleTraianBasescu\/posts\/1023157911031093\" data-skip-linkfix=\"1\">Sunday, March 29, 2015<\/a><\/p><\/blockquote>\n<\/div>\n<\/div>\n<\/div>\n<p> Source URL: https:\/\/www.digi24.ro\/stiri\/actualitate\/politica\/traian-basescu-mesaj-catre-klaus-iohannis-si-eu-am-facut-erori-598513<\/p>\n","protected":false},"excerpt":{"rendered":"<p>FOTO: presidency.ro Traian B\u0103sescu mai postase vineri un mesaj pe tema numirii lui Teodorovici, \u00een care avea un ton mult mai dur \u0219i \u00eel acuza pe Klaus Iohannis c\u0103 nu \u021bine seama de ceea ce dore\u0219te popula\u021bia care l-a votat la 16 noiembrie. \u201eGrivco \u015fi USL-ul sunt mai vii ca oric\u00eend, dar nu &#8220;pas cu [&hellip;]<\/p>\n","protected":false},"author":1,"featured_media":184174,"comment_status":"open","ping_status":"","sticky":false,"template":"","format":"standard","meta":{"footnotes":""},"categories":[2],"tags":[11],"class_list":["post-184173","post","type-post","status-publish","format-standard","has-post-thumbnail","hentry","category-politics","tag-digi24"],"_links":{"self":[{"href":"https:\/\/analyse.optim.biz\/index.php?rest_route=\/wp\/v2\/posts\/184173","targetHints":{"allow":["GET"]}}],"collection":[{"href":"https:\/\/analyse.optim.biz\/index.php?rest_route=\/wp\/v2\/posts"}],"about":[{"href":"https:\/\/analyse.optim.biz\/index.php?rest_route=\/wp\/v2\/types\/post"}],"author":[{"embeddable":true,"href":"https:\/\/analyse.optim.biz\/index.php?rest_route=\/wp\/v2\/users\/1"}],"replies":[{"embeddable":true,"href":"https:\/\/analyse.optim.biz\/index.php?rest_route=%2Fwp%2Fv2%2Fcomments&post=184173"}],"version-history":[{"count":0,"href":"https:\/\/analyse.optim.biz\/index.php?rest_route=\/wp\/v2\/posts\/184173\/revisions"}],"wp:featuredmedia":[{"embeddable":true,"href":"https:\/\/analyse.optim.biz\/index.php?rest_route=\/wp\/v2\/media\/184174"}],"wp:attachment":[{"href":"https:\/\/analyse.optim.biz\/index.php?rest_route=%2Fwp%2Fv2%2Fmedia&parent=184173"}],"wp:term":[{"taxonomy":"category","embeddable":true,"href":"https:\/\/analyse.optim.biz\/index.php?rest_route=%2Fwp%2Fv2%2Fcategories&post=184173"},{"taxonomy":"post_tag","embeddable":true,"href":"https:\/\/analyse.optim.biz\/index.php?rest_route=%2Fwp%2Fv2%2Ftags&post=184173"}],"curies":[{"name":"wp","href":"https:\/\/api.w.org\/{rel}","templated":true}]}}