{"id":1841719,"date":"2026-03-21T18:46:38","date_gmt":"2026-03-21T15:46:38","guid":{"rendered":"https:\/\/analyse.optim.biz\/?p=1841719"},"modified":"2026-03-21T18:46:38","modified_gmt":"2026-03-21T15:46:38","slug":"accident-mortal-pe-raza-localitatii-patrauti-s-au-ciocnit-doua-masini-in-care-se-aflau-trei-persoane-foto","status":"publish","type":"post","link":"https:\/\/analyse.optim.biz\/?p=1841719","title":{"rendered":"Accident mortal pe raza localit\u0103\u021bii P\u0103tr\u0103u\u021bi. S-au ciocnit dou\u0103 ma\u0219ini \u00een care se aflau trei persoane (Foto)"},"content":{"rendered":"<p>[analyse_image type=&#8221;featured&#8221; src=&#8221;https:\/\/www.radiotop.ro\/img\/media\/2026\/03\/accident-mortal-patrauti-2.jpghttps:\/\/www.radiotop.ro\/img\/media\/2026\/03\/accident-mortal-patrauti-2.jpg&#8221;]<\/p>\n<div class=\"entry-content no-share\">\n<div class=\"content-inner \">\n<div class=\"jeg_preview_slider gallery_1\" data-selector=\"gallery_1\">\n<div class=\"jeg_preview_holder\">\n<div class=\"jeg_preview_media\">\n<div class=\"jeg_preview_media_holder\">\n<h3>\u00a0<\/h3>\n<div class=\"jeg_preview_control\">\n<div class=\"left_control\">\n<div class=\"counter\"><span class=\"current\">1<\/span> of  2<\/div>\n<\/div>\n<div class=\"zoom\"><span class=\"reduce\">&#8211;<\/span><span class=\"increase\">+<\/span><\/div>\n<\/div>\n<\/div>\n<\/div>\n<div class=\"jeg_preview_bottom_slider\"><a data-id=\"0\" data-title data-image=\"https:\/\/www.radiotop.ro\/img\/media\/2026\/03\/accident-mortal-patrauti.jpg\" href=\"https:\/\/www.radiotop.ro\/img\/media\/2026\/03\/accident-mortal-patrauti.jpg\" class=\"jeg_preview_item active\"><\/p>\n<div class=\"jeg_preview_item_thumbnail\"><img loading=\"lazy\" decoding=\"async\" width=\"120\" height=\"86\" src=\"https:\/\/www.radiotop.ro\/img\/media\/2026\/03\/accident-mortal-patrauti-120x86.jpg\" class=\"attachment-jnews-120x86 size-jnews-120x86\" alt><\/div>\n<p><\/a><a data-id=\"1\" data-title data-image=\"https:\/\/www.radiotop.ro\/img\/media\/2026\/03\/accident-mortal-patrauti-1.jpg\" href=\"https:\/\/www.radiotop.ro\/img\/media\/2026\/03\/accident-mortal-patrauti-1.jpg\" class=\"jeg_preview_item \"><\/p>\n<div class=\"jeg_preview_item_thumbnail\"><img loading=\"lazy\" decoding=\"async\" width=\"120\" height=\"86\" src=\"https:\/\/www.radiotop.ro\/img\/media\/2026\/03\/accident-mortal-patrauti-1-120x86.jpg\" class=\"attachment-jnews-120x86 size-jnews-120x86\" alt><\/div>\n<p><\/a><\/div>\n<\/div>\n<\/div>\n<p>La ora 20 \u0219i 34 de minute, Inspectoratul pentru Situa\u021bii de Urgen\u021b\u0103 Suceava a anun\u021bat producerea unui accident mortal pe DN2, pe raza comunei P\u0103tr\u0103u\u021bi.<\/p>\n<p>Conform purt\u0103torului de cuv\u00eent al ISU, Radu Gabriel, \u201deste vorba despre impactul frontal \u00eentre dou\u0103 autoturisme, trei persoane implicate. \u00centr-unul dintre autoturisme se afla un b\u0103rbat \u00eencarcerat, incon\u0219tient. Dup\u0103 extragerea acestuia dintre fiarele contorsionate s-a declarat decesul de c\u0103tre medicul de pe ambulan\u021ba SAJ, acesta prezent\u00e2nd leziuni incompatibile cu via\u021ba. \u00cen cel de al doilea autoturism se aflau un b\u0103rbat \u0219i o femeie, con\u0219tien\u021bi, b\u0103rbatul fiind \u00eencarcerat \u00een interiorul autoturismului. Dup\u0103 extragerea acestuia a fost predat echipajelor medicale \u0219i paramedicale. Ambele victime din cel de al doilea autoturism sunt transportate la spital pentru investiga\u021bii suplimentare \u0219i tratament de specialitate\u201d.<\/p>\n<p>Ulterior, ISU a comunicat c\u0103 \u00een evenimentul rutier a fost implicat \u0219i un microbuz \u00een care se afla doar conduc\u0103torul acestuia, care nu a necesitat \u00eengrijiri medicale.<\/p>\n<p>La accident au intervenit pompierii din cadrului Deta\u0219amentului Suceava cu o autospecial\u0103 pentru descarcerare, o autospecial\u0103 de stingere \u0219i o ambulan\u021b\u0103 SMURD B2, cu sprijinul a dou\u0103 echipaje SAJ, dintre care una fiind \u00eencadrat\u0103 cu medic.<\/p>\n<div class=\"x14z9mp xat24cr x1lziwak x1vvkbs xtlvy1s x126k92a\">\n<div dir=\"auto\">A urmat \u0219i comunicatul purt\u0103torului de cuv\u00eent al IPJ Suceava, Ionu\u021b Epureanu:<\/div>\n<\/div>\n<div class=\"x14z9mp xat24cr x1lziwak x1vvkbs xtlvy1s x126k92a\">\n<div dir=\"auto\">\u201dLa data de 21.03.2026, \u00een jurul orei 19:45, Poli\u021bia Municipiului Suceava a fost sesizat\u0103 cu privire la producerea unui accident rutier pe DN2 \u2013 E85.<\/div>\n<\/div>\n<div class=\"x14z9mp xat24cr x1lziwak x1vvkbs xtlvy1s x126k92a\">\n<div dir=\"auto\">Din primele verific\u0103ri efectuate s-a constatat faptul c\u0103 un b\u0103rbat de 58 de ani din ora\u0219ul Vicovu de Sus a condus autoturismul pe DN 2, \u00een zona localit\u0103\u021bii P\u0103tr\u0103u\u021bi, pe direc\u021bia Suceava c\u0103tre Siret, a ini\u021biat o manevr\u0103 de dep\u0103\u0219ire \u0219i a intrat \u00een coliziune frontal\u0103 cu autoturismul care circula din sens opus \u0219i care era condus de c\u0103tre un b\u0103rbat de 26 ani din comuna Ipote\u0219ti, jud. Suceava.<\/div>\n<\/div>\n<div class=\"x14z9mp xat24cr x1lziwak x1vvkbs xtlvy1s x126k92a\">\n<div dir=\"auto\">\u00cen urma impactului a rezultat decesul \u0219oferului de 58 de ani, v\u0103t\u0103marea corporal\u0103 a \u0219oferului de 26 ani, precum \u0219i a pasagerei din ma\u0219ina acestuia, respectiv o t\u00e2n\u0103r\u0103 de 25 ani din comuna F\u00e2nt\u00e2nele, jud. Suceava.<\/div>\n<\/div>\n<div class=\"x14z9mp xat24cr x1lziwak x1vvkbs xtlvy1s x126k92a\">\n<div dir=\"auto\">\u00cen dinamica evenimentului a fost surprins \u0219i un microbuz condus de c\u0103tre un cet\u0103\u021bean ucrainean \u00een v\u00e2rst\u0103 de 33 ani, acesta fiind tamponat u\u0219or, f\u0103r\u0103 ca \u0219oferul s\u0103 necesitate \u00eengrijiri medicale. B\u0103rbatul a fost testat cu aparatul etilotest rezultatul fiind negativ.<\/div>\n<\/div>\n<div class=\"x14z9mp xat24cr x1lziwak x1vvkbs xtlvy1s x126k92a\">\n<div dir=\"auto\">\u0218oferul de 26 ani nu a putut fi testat la fa\u021ba locului cu aparatul etilometru, fiind transportat la unitate medical\u0103 pentru acordarea de \u00eengrijiri medicale de specialitate, fiindu-i recoltate \u00eens\u0103 probe biologice de s\u00e2nge.<\/div>\n<\/div>\n<div class=\"x14z9mp xat24cr x1lziwak x1vvkbs xtlvy1s x126k92a\">\n<div dir=\"auto\">\u00cen cauz\u0103, poli\u021bi\u0219tii au \u00eentocmit dosar penal sub aspectul s\u0103v\u00e2r\u0219irii infrac\u021biunilor de v\u0103t\u0103mare corporal\u0103 din culp\u0103 \u0219i ucidere din culp\u0103, urm\u00e2nd a fi stabilite toate circumstan\u021bele producerii evenimentului rutier \u0219i a se dispune m\u0103surile conforme\u201d.<\/div>\n<\/div>\n<p>\u00a0<\/p>\n<\/div>\n<\/div>\n<div class=\"content-inner \">\n<div class=\"jeg_preview_slider gallery_1\" data-selector=\"gallery_1\">\n<div class=\"jeg_preview_holder\">\n<div class=\"jeg_preview_media\">\n<div class=\"jeg_preview_media_holder\">\n<h3>\u00a0<\/h3>\n<div class=\"jeg_preview_control\">\n<div class=\"left_control\">\n<div class=\"counter\"><span class=\"current\">1<\/span> of  2<\/div>\n<\/div>\n<div class=\"zoom\"><span class=\"reduce\">&#8211;<\/span><span class=\"increase\">+<\/span><\/div>\n<\/div>\n<\/div>\n<\/div>\n<div class=\"jeg_preview_bottom_slider\"><a data-id=\"0\" data-title data-image=\"https:\/\/www.radiotop.ro\/img\/media\/2026\/03\/accident-mortal-patrauti.jpg\" href=\"https:\/\/www.radiotop.ro\/img\/media\/2026\/03\/accident-mortal-patrauti.jpg\" class=\"jeg_preview_item active\"><\/p>\n<div class=\"jeg_preview_item_thumbnail\"><img loading=\"lazy\" decoding=\"async\" width=\"120\" height=\"86\" src=\"https:\/\/www.radiotop.ro\/img\/media\/2026\/03\/accident-mortal-patrauti-120x86.jpg\" class=\"attachment-jnews-120x86 size-jnews-120x86\" alt><\/div>\n<p><\/a><a data-id=\"1\" data-title data-image=\"https:\/\/www.radiotop.ro\/img\/media\/2026\/03\/accident-mortal-patrauti-1.jpg\" href=\"https:\/\/www.radiotop.ro\/img\/media\/2026\/03\/accident-mortal-patrauti-1.jpg\" class=\"jeg_preview_item \"><\/p>\n<div class=\"jeg_preview_item_thumbnail\"><img loading=\"lazy\" decoding=\"async\" width=\"120\" height=\"86\" src=\"https:\/\/www.radiotop.ro\/img\/media\/2026\/03\/accident-mortal-patrauti-1-120x86.jpg\" class=\"attachment-jnews-120x86 size-jnews-120x86\" alt><\/div>\n<p><\/a><\/div>\n<\/div>\n<\/div>\n<p>La ora 20 \u0219i 34 de minute, Inspectoratul pentru Situa\u021bii de Urgen\u021b\u0103 Suceava a anun\u021bat producerea unui accident mortal pe DN2, pe raza comunei P\u0103tr\u0103u\u021bi.<\/p>\n<p>Conform purt\u0103torului de cuv\u00eent al ISU, Radu Gabriel, \u201deste vorba despre impactul frontal \u00eentre dou\u0103 autoturisme, trei persoane implicate. \u00centr-unul dintre autoturisme se afla un b\u0103rbat \u00eencarcerat, incon\u0219tient. Dup\u0103 extragerea acestuia dintre fiarele contorsionate s-a declarat decesul de c\u0103tre medicul de pe ambulan\u021ba SAJ, acesta prezent\u00e2nd leziuni incompatibile cu via\u021ba. \u00cen cel de al doilea autoturism se aflau un b\u0103rbat \u0219i o femeie, con\u0219tien\u021bi, b\u0103rbatul fiind \u00eencarcerat \u00een interiorul autoturismului. Dup\u0103 extragerea acestuia a fost predat echipajelor medicale \u0219i paramedicale. Ambele victime din cel de al doilea autoturism sunt transportate la spital pentru investiga\u021bii suplimentare \u0219i tratament de specialitate\u201d.<\/p>\n<p>Ulterior, ISU a comunicat c\u0103 \u00een evenimentul rutier a fost implicat \u0219i un microbuz \u00een care se afla doar conduc\u0103torul acestuia, care nu a necesitat \u00eengrijiri medicale.<\/p>\n<p>La accident au intervenit pompierii din cadrului Deta\u0219amentului Suceava cu o autospecial\u0103 pentru descarcerare, o autospecial\u0103 de stingere \u0219i o ambulan\u021b\u0103 SMURD B2, cu sprijinul a dou\u0103 echipaje SAJ, dintre care una fiind \u00eencadrat\u0103 cu medic.<\/p>\n<div class=\"x14z9mp xat24cr x1lziwak x1vvkbs xtlvy1s x126k92a\">\n<div dir=\"auto\">A urmat \u0219i comunicatul purt\u0103torului de cuv\u00eent al IPJ Suceava, Ionu\u021b Epureanu:<\/div>\n<\/div>\n<div class=\"x14z9mp xat24cr x1lziwak x1vvkbs xtlvy1s x126k92a\">\n<div dir=\"auto\">\u201dLa data de 21.03.2026, \u00een jurul orei 19:45, Poli\u021bia Municipiului Suceava a fost sesizat\u0103 cu privire la producerea unui accident rutier pe DN2 \u2013 E85.<\/div>\n<\/div>\n<div class=\"x14z9mp xat24cr x1lziwak x1vvkbs xtlvy1s x126k92a\">\n<div dir=\"auto\">Din primele verific\u0103ri efectuate s-a constatat faptul c\u0103 un b\u0103rbat de 58 de ani din ora\u0219ul Vicovu de Sus a condus autoturismul pe DN 2, \u00een zona localit\u0103\u021bii P\u0103tr\u0103u\u021bi, pe direc\u021bia Suceava c\u0103tre Siret, a ini\u021biat o manevr\u0103 de dep\u0103\u0219ire \u0219i a intrat \u00een coliziune frontal\u0103 cu autoturismul care circula din sens opus \u0219i care era condus de c\u0103tre un b\u0103rbat de 26 ani din comuna Ipote\u0219ti, jud. Suceava.<\/div>\n<\/div>\n<div class=\"x14z9mp xat24cr x1lziwak x1vvkbs xtlvy1s x126k92a\">\n<div dir=\"auto\">\u00cen urma impactului a rezultat decesul \u0219oferului de 58 de ani, v\u0103t\u0103marea corporal\u0103 a \u0219oferului de 26 ani, precum \u0219i a pasagerei din ma\u0219ina acestuia, respectiv o t\u00e2n\u0103r\u0103 de 25 ani din comuna F\u00e2nt\u00e2nele, jud. Suceava.<\/div>\n<\/div>\n<div class=\"x14z9mp xat24cr x1lziwak x1vvkbs xtlvy1s x126k92a\">\n<div dir=\"auto\">\u00cen dinamica evenimentului a fost surprins \u0219i un microbuz condus de c\u0103tre un cet\u0103\u021bean ucrainean \u00een v\u00e2rst\u0103 de 33 ani, acesta fiind tamponat u\u0219or, f\u0103r\u0103 ca \u0219oferul s\u0103 necesitate \u00eengrijiri medicale. B\u0103rbatul a fost testat cu aparatul etilotest rezultatul fiind negativ.<\/div>\n<\/div>\n<div class=\"x14z9mp xat24cr x1lziwak x1vvkbs xtlvy1s x126k92a\">\n<div dir=\"auto\">\u0218oferul de 26 ani nu a putut fi testat la fa\u021ba locului cu aparatul etilometru, fiind transportat la unitate medical\u0103 pentru acordarea de \u00eengrijiri medicale de specialitate, fiindu-i recoltate \u00eens\u0103 probe biologice de s\u00e2nge.<\/div>\n<\/div>\n<div class=\"x14z9mp xat24cr x1lziwak x1vvkbs xtlvy1s x126k92a\">\n<div dir=\"auto\">\u00cen cauz\u0103, poli\u021bi\u0219tii au \u00eentocmit dosar penal sub aspectul s\u0103v\u00e2r\u0219irii infrac\u021biunilor de v\u0103t\u0103mare corporal\u0103 din culp\u0103 \u0219i ucidere din culp\u0103, urm\u00e2nd a fi stabilite toate circumstan\u021bele producerii evenimentului rutier \u0219i a se dispune m\u0103surile conforme\u201d.<\/div>\n<\/div>\n<p>\u00a0<\/p>\n<\/div>\n<p>[analyse_source url=&#8221;https:\/\/www.radiotop.ro\/actualitate\/accident-mortal-pe-raza-localitatii-patrauti-s-au-ciocnit-doua-masini-in-care-se-aflau-trei-persoane-foto.html&#8221;]<\/p>\n","protected":false},"excerpt":{"rendered":"<p>[analyse_image type=&#8221;featured&#8221; src=&#8221;https:\/\/www.radiotop.ro\/img\/media\/2026\/03\/accident-mortal-patrauti-2.jpghttps:\/\/www.radiotop.ro\/img\/media\/2026\/03\/accident-mortal-patrauti-2.jpg&#8221;] \u00a0 1 of 2 &#8211;+ La ora 20 \u0219i 34 de minute, Inspectoratul pentru Situa\u021bii de Urgen\u021b\u0103 Suceava a anun\u021bat producerea unui accident mortal pe DN2, pe raza comunei P\u0103tr\u0103u\u021bi. Conform purt\u0103torului de cuv\u00eent al ISU, Radu Gabriel, \u201deste vorba despre impactul frontal \u00eentre dou\u0103 autoturisme, trei persoane implicate. \u00centr-unul dintre autoturisme [&hellip;]<\/p>\n","protected":false},"author":1,"featured_media":0,"comment_status":"open","ping_status":"","sticky":false,"template":"","format":"standard","meta":{"footnotes":""},"categories":[89],"tags":[226,163],"class_list":["post-1841719","post","type-post","status-publish","format-standard","hentry","category-romania","tag-crawlmanager","tag-radiotop-ro"],"_links":{"self":[{"href":"https:\/\/analyse.optim.biz\/index.php?rest_route=\/wp\/v2\/posts\/1841719","targetHints":{"allow":["GET"]}}],"collection":[{"href":"https:\/\/analyse.optim.biz\/index.php?rest_route=\/wp\/v2\/posts"}],"about":[{"href":"https:\/\/analyse.optim.biz\/index.php?rest_route=\/wp\/v2\/types\/post"}],"author":[{"embeddable":true,"href":"https:\/\/analyse.optim.biz\/index.php?rest_route=\/wp\/v2\/users\/1"}],"replies":[{"embeddable":true,"href":"https:\/\/analyse.optim.biz\/index.php?rest_route=%2Fwp%2Fv2%2Fcomments&post=1841719"}],"version-history":[{"count":0,"href":"https:\/\/analyse.optim.biz\/index.php?rest_route=\/wp\/v2\/posts\/1841719\/revisions"}],"wp:attachment":[{"href":"https:\/\/analyse.optim.biz\/index.php?rest_route=%2Fwp%2Fv2%2Fmedia&parent=1841719"}],"wp:term":[{"taxonomy":"category","embeddable":true,"href":"https:\/\/analyse.optim.biz\/index.php?rest_route=%2Fwp%2Fv2%2Fcategories&post=1841719"},{"taxonomy":"post_tag","embeddable":true,"href":"https:\/\/analyse.optim.biz\/index.php?rest_route=%2Fwp%2Fv2%2Ftags&post=1841719"}],"curies":[{"name":"wp","href":"https:\/\/api.w.org\/{rel}","templated":true}]}}