{"id":1841718,"date":"2026-03-21T12:51:01","date_gmt":"2026-03-21T09:51:01","guid":{"rendered":"https:\/\/analyse.optim.biz\/?p=1841718"},"modified":"2026-03-21T12:51:01","modified_gmt":"2026-03-21T09:51:01","slug":"pieton-in-coma-dupa-un-accident-care-a-avut-loc-in-zona-pietei-agroalimentare-din-falticeni-in-accident-au-fost-implicate-trei-masini-si-au-fost-acrosati-doi-pietoni","status":"publish","type":"post","link":"https:\/\/analyse.optim.biz\/?p=1841718","title":{"rendered":"Pieton \u00een com\u0103, dup\u0103 un accident care a avut loc \u00een zona pie\u021bei agroalimentare din F\u0103lticeni. \u00cen accident au fost implicate trei ma\u0219ini \u0219i au fost acro\u0219a\u021bi doi pietoni"},"content":{"rendered":"<p>[analyse_image type=&#8221;featured&#8221; src=&#8221;https:\/\/www.radiotop.ro\/img\/media\/2026\/03\/accident-grav-falticeni.jpghttps:\/\/www.radiotop.ro\/img\/media\/2026\/03\/accident-grav-falticeni.jpg&#8221;]<\/p>\n<div class=\"entry-content no-share\">\n<div class=\"content-inner \">\n<p>Un pieton aflat \u00een com\u0103 a fost transportat la Urgen\u021bele spitalului f\u0103lticenean, dup\u0103 un accident produs \u00een jurul orei 13.40 \u00een zona pie\u021bei agroalimentare F\u0103lticeni.<\/p>\n<p>\u00a0<\/p>\n<p>La ora 13.46, Inspectoratul pentru Situa\u021bii de Urgen\u021be Suceava a transmis urm\u0103torul mesaj: \u201dIntervin pompierii din cadrul Deta\u0219amentului F\u0103lticeni cu o autospecial\u0103 pentru descarcerare \u0219i o ambulan\u021b\u0103 SMURD B2, cu sprijinul a trei echipaje SAJ, dintre care una cu medic. Este vorba despre un accident rutier \u00eentre trei autoturisme, \u00een urma coliziunii acestora fiind acro\u0219a\u021bi \u0219i doi pietoni. Din cele 5 persoane implicate, 4 au nevoie de \u00eengrijiri medicale, unul dintre pietoni fiind \u00een stare de incon\u0219tien\u021b\u0103, cu func\u021bii vitale. Cele patru victime vor fi transportate la spital\u201d.<\/p>\n<p>La ora 14.34, purt\u0103torul de cuv\u00eent al Serviciului Jude\u021bean de Ambulan\u021b\u0103, dr. Dan Teodorovici, a transmis um\u0103torul mesaj: \u201dEchipajele medicale ajunse la fa\u021ba locului au g\u0103sit 5 victime, 3 b\u0103rba\u021bi \u0219i 2 femei, cu v\u00e2rste cuprinse \u00eentre 30 \u0219i 40 de ani. Echipajul tip C2 a preluat o victim\u0103 politraumatizat\u0103, \u00een com\u0103, stare grav\u0103, cu traumatism cranio- cerebral, traumatism toracic \u0219i abdominal, suspiciune de pneumotorax. Acesta era unul dintre pietoni. Dup\u0103 stabilizare a fost transportat la UPU Suceava. Dintre celelalte 4 victime, 2 persoane prezint\u0103 fracturi la nivelul membrelor inferioare, un b\u0103rbat prezint\u0103 un traumatism toracic, iar ultima victim\u0103 un traumatism cranio-facial. Acestea au fost transportate la CPU Falticeni\u201d.<\/p>\n<div class=\"x14z9mp xat24cr x1lziwak x1vvkbs xtlvy1s x126k92a\">\n<div dir=\"auto\">La ora 15.29 a venit \u0219i un comunicat din partea Inspectoratului Jude\u021bean de Poli\u021bie Suceava:<\/div>\n<\/div>\n<div class=\"x14z9mp xat24cr x1lziwak x1vvkbs xtlvy1s x126k92a\">\n<div dir=\"auto\">\u201d\u00cen cursul acestei zile, \u00een jurul orei 13:30, Poli\u021bia Municipiului F\u0103lticeni a fost sesizat\u0103 cu privire la producerea unui accident rutier cu victime pe raza municipiului F\u0103lticeni, jud. Suceava.<\/div>\n<\/div>\n<div class=\"x14z9mp xat24cr x1lziwak x1vvkbs xtlvy1s x126k92a\">\n<div dir=\"auto\">Din primele verific\u0103ri efectuate de c\u0103tre poli\u021bi\u0219ti s-a stabilit faptul c\u0103 un b\u0103rbat de 38 de ani din municipiul F\u0103lticeni a condus autoturismul pe strada Nicolae Beldiceanu, din direc\u021bia bulevardul Revolu\u021biei c\u0103tre strada Mihai Eminescu din municipiul F\u0103lticeni, a pierdut controlul asupra direc\u021biei de deplasare, a p\u0103truns pe trotuar unde a acro\u0219at pe doi pietoni, un barbat de 42 de ani \u0219i o femeie de 38 de ani.<\/div>\n<div dir=\"auto\">Totodat\u0103, autoturismul condus de b\u0103rbatul de 38 ani a intrat in coliziune cu st\u00e2lpii unui gard, fiind proiectat in alte dou\u0103 autoturisme parcate. \u00cen unul dintre aceate autoturisme se aflau un barbat de 43 de ani din comuna For\u0103\u0219ti, jud. Suceava, si o femeie de 34 ani din aceea\u0219i localitate, ambii suferind leziuni u\u0219oare.<\/div>\n<\/div>\n<div class=\"x14z9mp xat24cr x1lziwak x1vvkbs xtlvy1s x126k92a\">\n<div dir=\"auto\">Pietonul de 42 de ani din municipiul F\u0103lticeni a suferit leziuni grave fiind transportat la unitate medical\u0103. De asemenea, femeia de 38 ani care se deplasa pe trotuar a suferit leziuni ce necesita \u00eengrijirii medicale, totodat\u0103 fiind r\u0103nite u\u0219or si personele de 43 \u0219i 34 ani aflate in autoturismul \u00een sta\u021bionare, precum \u0219i \u0219oferul de 38 ani.<\/div>\n<\/div>\n<div class=\"x14z9mp xat24cr x1lziwak x1vvkbs xtlvy1s x126k92a\">\n<div dir=\"auto\">\u0218oferul de 38 ani a fost testat cu aparatul etilotest, rezultatul fiind negativ. De asemenea, acesta a fost testat \u0219i cu aparatul pentru detectarea consumului de substan\u021be interzise, rezultatul fiind negativ.<\/div>\n<\/div>\n<div class=\"x14z9mp xat24cr x1lziwak x1vvkbs xtlvy1s x126k92a\">\n<div dir=\"auto\">\u00cen cauz\u0103 a fost \u00eentocmit dosar penal sub aspectul s\u0103v\u00e2r\u0219irii infrac\u021biunii de v\u0103t\u0103mare corporal\u0103 din culp\u0103, urm\u00e2nd a fi efectuate cercet\u0103ri sub coordonarea Parchetului de pe l\u00e2ng\u0103 Judec\u0103toria F\u0103lticeni \u00een vederea stabilirii tuturor circumstan\u021belor producerii evenimentului \u0219i dispunerii m\u0103surilor conforme\u201d.<\/div>\n<\/div>\n<p>\u00a0<\/p>\n<\/div>\n<\/div>\n<div class=\"content-inner \">\n<p>Un pieton aflat \u00een com\u0103 a fost transportat la Urgen\u021bele spitalului f\u0103lticenean, dup\u0103 un accident produs \u00een jurul orei 13.40 \u00een zona pie\u021bei agroalimentare F\u0103lticeni.<\/p>\n<p>\u00a0<\/p>\n<p>La ora 13.46, Inspectoratul pentru Situa\u021bii de Urgen\u021be Suceava a transmis urm\u0103torul mesaj: \u201dIntervin pompierii din cadrul Deta\u0219amentului F\u0103lticeni cu o autospecial\u0103 pentru descarcerare \u0219i o ambulan\u021b\u0103 SMURD B2, cu sprijinul a trei echipaje SAJ, dintre care una cu medic. Este vorba despre un accident rutier \u00eentre trei autoturisme, \u00een urma coliziunii acestora fiind acro\u0219a\u021bi \u0219i doi pietoni. Din cele 5 persoane implicate, 4 au nevoie de \u00eengrijiri medicale, unul dintre pietoni fiind \u00een stare de incon\u0219tien\u021b\u0103, cu func\u021bii vitale. Cele patru victime vor fi transportate la spital\u201d.<\/p>\n<p>La ora 14.34, purt\u0103torul de cuv\u00eent al Serviciului Jude\u021bean de Ambulan\u021b\u0103, dr. Dan Teodorovici, a transmis um\u0103torul mesaj: \u201dEchipajele medicale ajunse la fa\u021ba locului au g\u0103sit 5 victime, 3 b\u0103rba\u021bi \u0219i 2 femei, cu v\u00e2rste cuprinse \u00eentre 30 \u0219i 40 de ani. Echipajul tip C2 a preluat o victim\u0103 politraumatizat\u0103, \u00een com\u0103, stare grav\u0103, cu traumatism cranio- cerebral, traumatism toracic \u0219i abdominal, suspiciune de pneumotorax. Acesta era unul dintre pietoni. Dup\u0103 stabilizare a fost transportat la UPU Suceava. Dintre celelalte 4 victime, 2 persoane prezint\u0103 fracturi la nivelul membrelor inferioare, un b\u0103rbat prezint\u0103 un traumatism toracic, iar ultima victim\u0103 un traumatism cranio-facial. Acestea au fost transportate la CPU Falticeni\u201d.<\/p>\n<div class=\"x14z9mp xat24cr x1lziwak x1vvkbs xtlvy1s x126k92a\">\n<div dir=\"auto\">La ora 15.29 a venit \u0219i un comunicat din partea Inspectoratului Jude\u021bean de Poli\u021bie Suceava:<\/div>\n<\/div>\n<div class=\"x14z9mp xat24cr x1lziwak x1vvkbs xtlvy1s x126k92a\">\n<div dir=\"auto\">\u201d\u00cen cursul acestei zile, \u00een jurul orei 13:30, Poli\u021bia Municipiului F\u0103lticeni a fost sesizat\u0103 cu privire la producerea unui accident rutier cu victime pe raza municipiului F\u0103lticeni, jud. Suceava.<\/div>\n<\/div>\n<div class=\"x14z9mp xat24cr x1lziwak x1vvkbs xtlvy1s x126k92a\">\n<div dir=\"auto\">Din primele verific\u0103ri efectuate de c\u0103tre poli\u021bi\u0219ti s-a stabilit faptul c\u0103 un b\u0103rbat de 38 de ani din municipiul F\u0103lticeni a condus autoturismul pe strada Nicolae Beldiceanu, din direc\u021bia bulevardul Revolu\u021biei c\u0103tre strada Mihai Eminescu din municipiul F\u0103lticeni, a pierdut controlul asupra direc\u021biei de deplasare, a p\u0103truns pe trotuar unde a acro\u0219at pe doi pietoni, un barbat de 42 de ani \u0219i o femeie de 38 de ani.<\/div>\n<div dir=\"auto\">Totodat\u0103, autoturismul condus de b\u0103rbatul de 38 ani a intrat in coliziune cu st\u00e2lpii unui gard, fiind proiectat in alte dou\u0103 autoturisme parcate. \u00cen unul dintre aceate autoturisme se aflau un barbat de 43 de ani din comuna For\u0103\u0219ti, jud. Suceava, si o femeie de 34 ani din aceea\u0219i localitate, ambii suferind leziuni u\u0219oare.<\/div>\n<\/div>\n<div class=\"x14z9mp xat24cr x1lziwak x1vvkbs xtlvy1s x126k92a\">\n<div dir=\"auto\">Pietonul de 42 de ani din municipiul F\u0103lticeni a suferit leziuni grave fiind transportat la unitate medical\u0103. De asemenea, femeia de 38 ani care se deplasa pe trotuar a suferit leziuni ce necesita \u00eengrijirii medicale, totodat\u0103 fiind r\u0103nite u\u0219or si personele de 43 \u0219i 34 ani aflate in autoturismul \u00een sta\u021bionare, precum \u0219i \u0219oferul de 38 ani.<\/div>\n<\/div>\n<div class=\"x14z9mp xat24cr x1lziwak x1vvkbs xtlvy1s x126k92a\">\n<div dir=\"auto\">\u0218oferul de 38 ani a fost testat cu aparatul etilotest, rezultatul fiind negativ. De asemenea, acesta a fost testat \u0219i cu aparatul pentru detectarea consumului de substan\u021be interzise, rezultatul fiind negativ.<\/div>\n<\/div>\n<div class=\"x14z9mp xat24cr x1lziwak x1vvkbs xtlvy1s x126k92a\">\n<div dir=\"auto\">\u00cen cauz\u0103 a fost \u00eentocmit dosar penal sub aspectul s\u0103v\u00e2r\u0219irii infrac\u021biunii de v\u0103t\u0103mare corporal\u0103 din culp\u0103, urm\u00e2nd a fi efectuate cercet\u0103ri sub coordonarea Parchetului de pe l\u00e2ng\u0103 Judec\u0103toria F\u0103lticeni \u00een vederea stabilirii tuturor circumstan\u021belor producerii evenimentului \u0219i dispunerii m\u0103surilor conforme\u201d.<\/div>\n<\/div>\n<p>\u00a0<\/p>\n<\/div>\n<p>[analyse_source url=&#8221;https:\/\/www.radiotop.ro\/actualitate\/pieton-in-coma-dupa-un-accident-care-a-avut-loc-in-zona-pietei-agroalimentare-din-falticeni-in-accident-au-fost-implicate-trei-masini-si-au-fost-acrosati-doi-pietoni.html&#8221;]<\/p>\n","protected":false},"excerpt":{"rendered":"<p>[analyse_image type=&#8221;featured&#8221; src=&#8221;https:\/\/www.radiotop.ro\/img\/media\/2026\/03\/accident-grav-falticeni.jpghttps:\/\/www.radiotop.ro\/img\/media\/2026\/03\/accident-grav-falticeni.jpg&#8221;] Un pieton aflat \u00een com\u0103 a fost transportat la Urgen\u021bele spitalului f\u0103lticenean, dup\u0103 un accident produs \u00een jurul orei 13.40 \u00een zona pie\u021bei agroalimentare F\u0103lticeni. \u00a0 La ora 13.46, Inspectoratul pentru Situa\u021bii de Urgen\u021be Suceava a transmis urm\u0103torul mesaj: \u201dIntervin pompierii din cadrul Deta\u0219amentului F\u0103lticeni cu o autospecial\u0103 pentru descarcerare \u0219i o [&hellip;]<\/p>\n","protected":false},"author":1,"featured_media":0,"comment_status":"open","ping_status":"","sticky":false,"template":"","format":"standard","meta":{"footnotes":""},"categories":[89],"tags":[226,163],"class_list":["post-1841718","post","type-post","status-publish","format-standard","hentry","category-romania","tag-crawlmanager","tag-radiotop-ro"],"_links":{"self":[{"href":"https:\/\/analyse.optim.biz\/index.php?rest_route=\/wp\/v2\/posts\/1841718","targetHints":{"allow":["GET"]}}],"collection":[{"href":"https:\/\/analyse.optim.biz\/index.php?rest_route=\/wp\/v2\/posts"}],"about":[{"href":"https:\/\/analyse.optim.biz\/index.php?rest_route=\/wp\/v2\/types\/post"}],"author":[{"embeddable":true,"href":"https:\/\/analyse.optim.biz\/index.php?rest_route=\/wp\/v2\/users\/1"}],"replies":[{"embeddable":true,"href":"https:\/\/analyse.optim.biz\/index.php?rest_route=%2Fwp%2Fv2%2Fcomments&post=1841718"}],"version-history":[{"count":0,"href":"https:\/\/analyse.optim.biz\/index.php?rest_route=\/wp\/v2\/posts\/1841718\/revisions"}],"wp:attachment":[{"href":"https:\/\/analyse.optim.biz\/index.php?rest_route=%2Fwp%2Fv2%2Fmedia&parent=1841718"}],"wp:term":[{"taxonomy":"category","embeddable":true,"href":"https:\/\/analyse.optim.biz\/index.php?rest_route=%2Fwp%2Fv2%2Fcategories&post=1841718"},{"taxonomy":"post_tag","embeddable":true,"href":"https:\/\/analyse.optim.biz\/index.php?rest_route=%2Fwp%2Fv2%2Ftags&post=1841718"}],"curies":[{"name":"wp","href":"https:\/\/api.w.org\/{rel}","templated":true}]}}