{"id":1841717,"date":"2026-03-22T11:57:43","date_gmt":"2026-03-22T08:57:43","guid":{"rendered":"https:\/\/analyse.optim.biz\/?p=1841717"},"modified":"2026-03-22T11:57:43","modified_gmt":"2026-03-22T08:57:43","slug":"consiliul-judetean-suceava-15-000-de-lei-pentru-marsul-pentru-viata-care-este-organizat-de-arhiepiscopie-si-care-va-avea-loc-pe-28-martie-in-municipiul-resedinta-de-judet","status":"publish","type":"post","link":"https:\/\/analyse.optim.biz\/?p=1841717","title":{"rendered":"Consiliul Jude\u021bean Suceava, 15.000 de lei pentru \u201dMar\u0219ul pentru Via\u021b\u0103\u201d care este organizat de Arhiepiscopie \u0219i care va avea loc pe 28 martie \u00een municipiul re\u0219edin\u021b\u0103 de jude\u021b"},"content":{"rendered":"<p>[analyse_image type=&#8221;featured&#8221; src=&#8221;https:\/\/www.radiotop.ro\/img\/media\/2022\/02\/arhiepiscopia-steaguri.jpeghttps:\/\/www.radiotop.ro\/img\/media\/2022\/02\/arhiepiscopia-steaguri.jpeg&#8221;]<\/p>\n<div class=\"entry-content no-share\">\n<div class=\"content-inner \">\n<p>Consiliul Jude\u021bean Suceava urmeaz\u0103 s\u0103 \u00eencheie un acord de parteneriat cu Arhiepiscopia Sucevei \u0219i R\u0103d\u0103u\u021bilor pentru organizarea \u201eMar\u0219ului pentru Via\u021b\u0103\u201d. Pre\u0219edintele administra\u021biei jude\u021bene, Gheorghe \u0218oldan, a ini\u021biat un proiect de hot\u0103r\u00eere \u00een acest sens, care urmeaz\u0103 s\u0103 fie aprobat \u00een \u0219edin\u021ba din 26 martie. \u00cen motivarea domnului \u0218oldan se arat\u0103: \u201eUn jude\u0163 mai social, prin protec\u0163ie \u015fi incluziune social\u0103, condi\u0163ii de munc\u0103 echitabile, egalitate de \u015fanse, sistem sanitar performant \u015fi acces pe pia\u0163a for\u0163ei de munc\u0103, este unul dintre principalele obiective prin care se urm\u0103re\u015fte dezvoltarea socio-economic\u0103 a jude\u021bului \u015fi care faciliteaz\u0103 accesul la sistemele de s\u0103n\u0103tate, sociale \u015fi de educa\u0163ie. Evenimentul Mar\u015ful pentru via\u0163\u0103 este organizat anual \u00een numeroase localit\u0103\u0163i din Rom\u00e2nia \u015fi Republica Moldova \u015fi are ca scop promovarea valorilor familiale, a respectului pentru via\u0163\u0103 \u015fi a solidarit\u0103\u0163ii comunitare. Manifestarea reune\u015fte participan\u0163i de diferite v\u00e2rste, reprezentan\u0163i ai comunit\u0103\u0163ii locale, ai institu\u0163iilor publice, ai mediului educa\u0163ional \u015fi ai organiza\u0163iilor neguvernamentale. Tema din acest an este &lt;Solidaritate pentru am\u00e2ndoi&gt; \u015fi eviden\u0163iaz\u0103 necesitatea sprijinului real pentru mam\u0103 \u015fi copil, \u00eenainte \u015fi dup\u0103 na\u015ftere, ca responsabilitate comun\u0103 a societ\u0103\u0163ii\u201d.<\/p>\n<p>Pentru buna desf\u0103\u015furare a evenimentului, Arhiepiscopia Sucevei \u015fi R\u0103d\u0103u\u0163ilor a solicitat un sprijin financiar \u00een valoare de 15.000 lei, pentru acoperirea unei p\u0103r\u0163i din cheltuielile necesare organiz\u0103rii unui concert dedicat persoanelor prezente la eveniment, aceast\u0103 sum\u0103 urm\u00eend s\u0103 fie alocat\u0103 de Consiliul Jude\u021bean Suceava.<\/p>\n<p>\u201dMar\u0219ul pentru Via\u021b\u0103\u201d va avea loc la Suceava pe 28 martie \u0219i va \u00eencepe la ora 12:00 de la M\u0103n\u0103stirea \u201eSf\u00eentul Ioan cel Nou\u201d \u0219i se va \u00eencheia pe esplanada Casei de Cultur\u0103 din centrul Sucevei.<\/p>\n<p>\u00a0<\/p>\n<\/div>\n<\/div>\n<div class=\"content-inner \">\n<p>Consiliul Jude\u021bean Suceava urmeaz\u0103 s\u0103 \u00eencheie un acord de parteneriat cu Arhiepiscopia Sucevei \u0219i R\u0103d\u0103u\u021bilor pentru organizarea \u201eMar\u0219ului pentru Via\u021b\u0103\u201d. Pre\u0219edintele administra\u021biei jude\u021bene, Gheorghe \u0218oldan, a ini\u021biat un proiect de hot\u0103r\u00eere \u00een acest sens, care urmeaz\u0103 s\u0103 fie aprobat \u00een \u0219edin\u021ba din 26 martie. \u00cen motivarea domnului \u0218oldan se arat\u0103: \u201eUn jude\u0163 mai social, prin protec\u0163ie \u015fi incluziune social\u0103, condi\u0163ii de munc\u0103 echitabile, egalitate de \u015fanse, sistem sanitar performant \u015fi acces pe pia\u0163a for\u0163ei de munc\u0103, este unul dintre principalele obiective prin care se urm\u0103re\u015fte dezvoltarea socio-economic\u0103 a jude\u021bului \u015fi care faciliteaz\u0103 accesul la sistemele de s\u0103n\u0103tate, sociale \u015fi de educa\u0163ie. Evenimentul Mar\u015ful pentru via\u0163\u0103 este organizat anual \u00een numeroase localit\u0103\u0163i din Rom\u00e2nia \u015fi Republica Moldova \u015fi are ca scop promovarea valorilor familiale, a respectului pentru via\u0163\u0103 \u015fi a solidarit\u0103\u0163ii comunitare. Manifestarea reune\u015fte participan\u0163i de diferite v\u00e2rste, reprezentan\u0163i ai comunit\u0103\u0163ii locale, ai institu\u0163iilor publice, ai mediului educa\u0163ional \u015fi ai organiza\u0163iilor neguvernamentale. Tema din acest an este &lt;Solidaritate pentru am\u00e2ndoi&gt; \u015fi eviden\u0163iaz\u0103 necesitatea sprijinului real pentru mam\u0103 \u015fi copil, \u00eenainte \u015fi dup\u0103 na\u015ftere, ca responsabilitate comun\u0103 a societ\u0103\u0163ii\u201d.<\/p>\n<p>Pentru buna desf\u0103\u015furare a evenimentului, Arhiepiscopia Sucevei \u015fi R\u0103d\u0103u\u0163ilor a solicitat un sprijin financiar \u00een valoare de 15.000 lei, pentru acoperirea unei p\u0103r\u0163i din cheltuielile necesare organiz\u0103rii unui concert dedicat persoanelor prezente la eveniment, aceast\u0103 sum\u0103 urm\u00eend s\u0103 fie alocat\u0103 de Consiliul Jude\u021bean Suceava.<\/p>\n<p>\u201dMar\u0219ul pentru Via\u021b\u0103\u201d va avea loc la Suceava pe 28 martie \u0219i va \u00eencepe la ora 12:00 de la M\u0103n\u0103stirea \u201eSf\u00eentul Ioan cel Nou\u201d \u0219i se va \u00eencheia pe esplanada Casei de Cultur\u0103 din centrul Sucevei.<\/p>\n<p>\u00a0<\/p>\n<\/div>\n<p>[analyse_source url=&#8221;https:\/\/www.radiotop.ro\/actualitate\/consiliul-judetean-suceava-15-000-de-lei-pentru-marsul-pentru-viata-care-este-organizat-de-arhiepiscopie-si-care-va-avea-loc-pe-28-martie-in-municipiul-resedinta-de-judet.html&#8221;]<\/p>\n","protected":false},"excerpt":{"rendered":"<p>[analyse_image type=&#8221;featured&#8221; src=&#8221;https:\/\/www.radiotop.ro\/img\/media\/2022\/02\/arhiepiscopia-steaguri.jpeghttps:\/\/www.radiotop.ro\/img\/media\/2022\/02\/arhiepiscopia-steaguri.jpeg&#8221;] Consiliul Jude\u021bean Suceava urmeaz\u0103 s\u0103 \u00eencheie un acord de parteneriat cu Arhiepiscopia Sucevei \u0219i R\u0103d\u0103u\u021bilor pentru organizarea \u201eMar\u0219ului pentru Via\u021b\u0103\u201d. Pre\u0219edintele administra\u021biei jude\u021bene, Gheorghe \u0218oldan, a ini\u021biat un proiect de hot\u0103r\u00eere \u00een acest sens, care urmeaz\u0103 s\u0103 fie aprobat \u00een \u0219edin\u021ba din 26 martie. \u00cen motivarea domnului \u0218oldan se arat\u0103: \u201eUn jude\u0163 [&hellip;]<\/p>\n","protected":false},"author":1,"featured_media":0,"comment_status":"open","ping_status":"","sticky":false,"template":"","format":"standard","meta":{"footnotes":""},"categories":[89],"tags":[226,163],"class_list":["post-1841717","post","type-post","status-publish","format-standard","hentry","category-romania","tag-crawlmanager","tag-radiotop-ro"],"_links":{"self":[{"href":"https:\/\/analyse.optim.biz\/index.php?rest_route=\/wp\/v2\/posts\/1841717","targetHints":{"allow":["GET"]}}],"collection":[{"href":"https:\/\/analyse.optim.biz\/index.php?rest_route=\/wp\/v2\/posts"}],"about":[{"href":"https:\/\/analyse.optim.biz\/index.php?rest_route=\/wp\/v2\/types\/post"}],"author":[{"embeddable":true,"href":"https:\/\/analyse.optim.biz\/index.php?rest_route=\/wp\/v2\/users\/1"}],"replies":[{"embeddable":true,"href":"https:\/\/analyse.optim.biz\/index.php?rest_route=%2Fwp%2Fv2%2Fcomments&post=1841717"}],"version-history":[{"count":0,"href":"https:\/\/analyse.optim.biz\/index.php?rest_route=\/wp\/v2\/posts\/1841717\/revisions"}],"wp:attachment":[{"href":"https:\/\/analyse.optim.biz\/index.php?rest_route=%2Fwp%2Fv2%2Fmedia&parent=1841717"}],"wp:term":[{"taxonomy":"category","embeddable":true,"href":"https:\/\/analyse.optim.biz\/index.php?rest_route=%2Fwp%2Fv2%2Fcategories&post=1841717"},{"taxonomy":"post_tag","embeddable":true,"href":"https:\/\/analyse.optim.biz\/index.php?rest_route=%2Fwp%2Fv2%2Ftags&post=1841717"}],"curies":[{"name":"wp","href":"https:\/\/api.w.org\/{rel}","templated":true}]}}