{"id":1841299,"date":"2026-03-23T08:17:18","date_gmt":"2026-03-23T05:17:18","guid":{"rendered":"https:\/\/analyse.optim.biz\/?p=1841299"},"modified":"2026-03-23T08:17:18","modified_gmt":"2026-03-23T05:17:18","slug":"cjrae-suceava-tirg-educational-cu-oferta-a-37-de-licee-si-a-unei-unitati-de-invatamint-postliceal-pe-27-martie","status":"publish","type":"post","link":"https:\/\/analyse.optim.biz\/?p=1841299","title":{"rendered":"CJRAE Suceava, t\u00eerg educa\u021bional cu oferta a 37 de licee \u0219i a unei unit\u0103\u021bi de \u00eenv\u0103\u021b\u0103m\u00eent postliceal, pe 27 martie"},"content":{"rendered":"<p>[analyse_image type=&#8221;featured&#8221; src=&#8221;https:\/\/www.radiotop.ro\/img\/media\/2025\/03\/tirg-oferta-educationala-2.jpghttps:\/\/www.radiotop.ro\/img\/media\/2025\/03\/tirg-oferta-educationala-2.jpg&#8221;]<\/p>\n<div class=\"entry-content no-share\">\n<div class=\"content-inner \">\n<p>Centrul Jude\u021bean de Resurse \u0219i Asisten\u021b\u0103 Educa\u021bional\u0103 (CJRAE) Suceava organizeaz\u0103 vineri, 27 martie 2026, T\u00eergul Oefrtelor Educa\u021bionale \u2013 C\u0103l\u0103torie spre orizonturi profesionale, edi\u021bia a XXVI-a. Evenimentul va avea loc \u00eentre orele 10:00 \u0219i 16:00 la Iulius Mall Suceava, se adreseaz\u0103 elevilor \u0219i p\u0103rin\u021bilor, \u0219i are ca scop informarea acestora privind oferta educa\u021bional\u0103 a institu\u021biilor liceale \u0219i postliceale, \u00een perspectiva alegerilor de dup\u0103 \u00eencheierea \u00eenv\u0103\u021b\u0103m\u00e2ntului gimnazial.<\/p>\n<p>Iat\u0103 oferta: prezentarea ofertei educa\u021bionale a institu\u021biilor de \u00eenv\u0103\u021b\u0103m\u00e2nt liceal \u0219i postliceal; workshop-uri dedicate profesorilor dirigin\u021bi, axate pe consilierea \u0219i orientarea \u00een carier\u0103 a elevilor; program artistic sus\u021binut de elevi ai institu\u021biilor participante.<\/p>\n<p>\u0218i-au anun\u021bat prezen\u021ba la standuri 37 de unit\u0103\u021bi de \u00eenv\u0103\u021b\u0103m\u00eent liceal \u0219i o unitate de \u00eenv\u0103\u021b\u0103m\u00eent postliceal. Vor fi prezente toate liceele speciale din jude\u021bul Suceava, precum \u0219i Liceul Special \u201eMoldova\u201d T\u00eergu Frumos. De asemenea, pentru prima data, Consiliul Jude\u021bean al Elevilor Suceava va avea propriul stand \u00een cadrul t\u00eergului, oferind informa\u021bii despre activitatea de reprezentare a elevilor \u0219i oportunit\u0103\u021bile de implicare.<\/p>\n<p>Nout\u0103\u021bile acestui an s\u00eent: dou\u0103 workshop-uri pentru profesorii dirigin\u021bi, pe tema consilierii \u0219i orient\u0103rii \u00een carier\u0103, care vor oferi instrumente \u0219i resurse practice pentru sprijinirea elevilor \u00een alegerea traseului profesional; parteneriatul consolidat cu Consiliul Jude\u021bean al Elevilor Suceava, prin intermediul c\u0103ruia voluntarii se vor implica activ \u00een organizarea \u0219i buna desf\u0103\u0219urare a evenimentului, al\u0103turi de organizatorul principal; participarea extins\u0103 a unit\u0103\u021bilor de \u00eenv\u0103\u021b\u0103m\u00e2nt, marc\u00e2nd cea mai ampl\u0103 edi\u021bie de p\u00e2n\u0103 acum.<\/p>\n<p>\u00a0<\/p>\n<\/div>\n<\/div>\n<div class=\"content-inner \">\n<p>Centrul Jude\u021bean de Resurse \u0219i Asisten\u021b\u0103 Educa\u021bional\u0103 (CJRAE) Suceava organizeaz\u0103 vineri, 27 martie 2026, T\u00eergul Oefrtelor Educa\u021bionale \u2013 C\u0103l\u0103torie spre orizonturi profesionale, edi\u021bia a XXVI-a. Evenimentul va avea loc \u00eentre orele 10:00 \u0219i 16:00 la Iulius Mall Suceava, se adreseaz\u0103 elevilor \u0219i p\u0103rin\u021bilor, \u0219i are ca scop informarea acestora privind oferta educa\u021bional\u0103 a institu\u021biilor liceale \u0219i postliceale, \u00een perspectiva alegerilor de dup\u0103 \u00eencheierea \u00eenv\u0103\u021b\u0103m\u00e2ntului gimnazial.<\/p>\n<p>Iat\u0103 oferta: prezentarea ofertei educa\u021bionale a institu\u021biilor de \u00eenv\u0103\u021b\u0103m\u00e2nt liceal \u0219i postliceal; workshop-uri dedicate profesorilor dirigin\u021bi, axate pe consilierea \u0219i orientarea \u00een carier\u0103 a elevilor; program artistic sus\u021binut de elevi ai institu\u021biilor participante.<\/p>\n<p>\u0218i-au anun\u021bat prezen\u021ba la standuri 37 de unit\u0103\u021bi de \u00eenv\u0103\u021b\u0103m\u00eent liceal \u0219i o unitate de \u00eenv\u0103\u021b\u0103m\u00eent postliceal. Vor fi prezente toate liceele speciale din jude\u021bul Suceava, precum \u0219i Liceul Special \u201eMoldova\u201d T\u00eergu Frumos. De asemenea, pentru prima data, Consiliul Jude\u021bean al Elevilor Suceava va avea propriul stand \u00een cadrul t\u00eergului, oferind informa\u021bii despre activitatea de reprezentare a elevilor \u0219i oportunit\u0103\u021bile de implicare.<\/p>\n<p>Nout\u0103\u021bile acestui an s\u00eent: dou\u0103 workshop-uri pentru profesorii dirigin\u021bi, pe tema consilierii \u0219i orient\u0103rii \u00een carier\u0103, care vor oferi instrumente \u0219i resurse practice pentru sprijinirea elevilor \u00een alegerea traseului profesional; parteneriatul consolidat cu Consiliul Jude\u021bean al Elevilor Suceava, prin intermediul c\u0103ruia voluntarii se vor implica activ \u00een organizarea \u0219i buna desf\u0103\u0219urare a evenimentului, al\u0103turi de organizatorul principal; participarea extins\u0103 a unit\u0103\u021bilor de \u00eenv\u0103\u021b\u0103m\u00e2nt, marc\u00e2nd cea mai ampl\u0103 edi\u021bie de p\u00e2n\u0103 acum.<\/p>\n<p>\u00a0<\/p>\n<\/div>\n<p>[analyse_source url=&#8221;https:\/\/www.radiotop.ro\/educatie\/cjrae-suceava-tirg-educational-cu-oferta-a-37-de-licee-si-a-unei-unitati-de-invatamint-postliceal-pe-27-martie.html&#8221;]<\/p>\n","protected":false},"excerpt":{"rendered":"<p>[analyse_image type=&#8221;featured&#8221; src=&#8221;https:\/\/www.radiotop.ro\/img\/media\/2025\/03\/tirg-oferta-educationala-2.jpghttps:\/\/www.radiotop.ro\/img\/media\/2025\/03\/tirg-oferta-educationala-2.jpg&#8221;] Centrul Jude\u021bean de Resurse \u0219i Asisten\u021b\u0103 Educa\u021bional\u0103 (CJRAE) Suceava organizeaz\u0103 vineri, 27 martie 2026, T\u00eergul Oefrtelor Educa\u021bionale \u2013 C\u0103l\u0103torie spre orizonturi profesionale, edi\u021bia a XXVI-a. Evenimentul va avea loc \u00eentre orele 10:00 \u0219i 16:00 la Iulius Mall Suceava, se adreseaz\u0103 elevilor \u0219i p\u0103rin\u021bilor, \u0219i are ca scop informarea acestora privind oferta educa\u021bional\u0103 [&hellip;]<\/p>\n","protected":false},"author":1,"featured_media":0,"comment_status":"open","ping_status":"","sticky":false,"template":"","format":"standard","meta":{"footnotes":""},"categories":[89],"tags":[226,163],"class_list":["post-1841299","post","type-post","status-publish","format-standard","hentry","category-romania","tag-crawlmanager","tag-radiotop-ro"],"_links":{"self":[{"href":"https:\/\/analyse.optim.biz\/index.php?rest_route=\/wp\/v2\/posts\/1841299","targetHints":{"allow":["GET"]}}],"collection":[{"href":"https:\/\/analyse.optim.biz\/index.php?rest_route=\/wp\/v2\/posts"}],"about":[{"href":"https:\/\/analyse.optim.biz\/index.php?rest_route=\/wp\/v2\/types\/post"}],"author":[{"embeddable":true,"href":"https:\/\/analyse.optim.biz\/index.php?rest_route=\/wp\/v2\/users\/1"}],"replies":[{"embeddable":true,"href":"https:\/\/analyse.optim.biz\/index.php?rest_route=%2Fwp%2Fv2%2Fcomments&post=1841299"}],"version-history":[{"count":0,"href":"https:\/\/analyse.optim.biz\/index.php?rest_route=\/wp\/v2\/posts\/1841299\/revisions"}],"wp:attachment":[{"href":"https:\/\/analyse.optim.biz\/index.php?rest_route=%2Fwp%2Fv2%2Fmedia&parent=1841299"}],"wp:term":[{"taxonomy":"category","embeddable":true,"href":"https:\/\/analyse.optim.biz\/index.php?rest_route=%2Fwp%2Fv2%2Fcategories&post=1841299"},{"taxonomy":"post_tag","embeddable":true,"href":"https:\/\/analyse.optim.biz\/index.php?rest_route=%2Fwp%2Fv2%2Ftags&post=1841299"}],"curies":[{"name":"wp","href":"https:\/\/api.w.org\/{rel}","templated":true}]}}