{"id":1841293,"date":"2026-03-23T05:19:41","date_gmt":"2026-03-23T02:19:41","guid":{"rendered":"https:\/\/analyse.optim.biz\/?p=1841293"},"modified":"2026-03-23T05:19:41","modified_gmt":"2026-03-23T02:19:41","slug":"elevi-suceveni-de-la-stefan-si-petru-calificati-la-olimpiada-nationala-de-inteligenta-artificiala","status":"publish","type":"post","link":"https:\/\/analyse.optim.biz\/?p=1841293","title":{"rendered":"Elevi suceveni de la \u201d\u0218tefan\u201d \u0219i \u201dPetru\u201d, califica\u021bi la Olimpiada Na\u021bional\u0103 de inteligen\u021b\u0103 artificial\u0103"},"content":{"rendered":"<p>[analyse_image type=&#8221;featured&#8221; src=&#8221;https:\/\/www.radiotop.ro\/img\/media\/2024\/09\/clasa-verde-clung.jpeghttps:\/\/www.radiotop.ro\/img\/media\/2024\/09\/clasa-verde-clung.jpeg&#8221;]<\/p>\n<div class=\"entry-content no-share\">\n<div class=\"content-inner \">\n<p>\u0218ase elevi suceveni s-au calificat la Olimpiada Na\u021bional\u0103 de inteligen\u021b\u0103 artificial\u0103, care va avea loc la Bucure\u0219ti, \u00een perioada 17-20 aprilie 2026. Etapa jude\u021bean\u0103 a Olimpiadei na\u021bionale de inteligen\u021b\u0103 artificial\u0103, desf\u0103\u0219urat\u0103 de la Colegiul Na\u021bional de Informatic\u0103 \u201dSpiru Haret\u201d Suceava, a fost coordonat\u0103 de inspector \u0219colar pentru informatic\u0103, prof. Narcisa \u2013 Daniela \u0218tef\u0103nescu.<\/p>\n<p>Elevii califica\u021bi \u0219i profesorii \u00eendrum\u0103tori s\u00eent urm\u0103torii:<\/p>\n<ul>\n<li>Herea G.D. Isidor, clasa a X-a, Colegiul Na\u021bionl \u201ePetru Rare\u0219\u201d Suceava, profesori \u00eendrum\u0103tori: \u0218tef\u0103nescu Narcisa \u0219i Erhan Mihail<\/li>\n<li>Holot\u0103 C. Tudor-Matei, clasa a X-a, Colegiul Na\u021bional \u201e\u0218tefan cel Mare\u201d Suceava, profesori \u00eendrum\u0103tori: Petri\u0219or Adrian \u0219i Costineanu Raluca<\/li>\n<li>Tipa V.C. Fabian Alexandru, clasa a X-a, Colegiul Na\u021bional \u201e\u0218tefan cel Mare\u201d Suceava, profesori \u00eendrum\u0103tori: Petri\u0219or Adrian \u0219i Costineanu Raluca<\/li>\n<li>Gr\u0103dinariu L.O. Anastasia, clasa a X-a, Colegiul Na\u021bional \u201e\u0218tefan cel Mare\u201d Suceava, profesori \u00eendrum\u0103tori: Marcu Daniela \u0219i Marcu Ovidiu<\/li>\n<li>Apetrei V. Alexandru, clasa a XI-a, Colegiul Na\u021bional \u201e\u0218tefan cel Mare\u201d Suceava, profesor \u00eendrum\u0103tor Marcu Ovidiu<\/li>\n<li>Poinaru D.R. Rare\u0219-Aurel, clasa a XII-a, Colegiul Na\u021bional \u201e\u0218tefan cel Mare\u201d Suceava, profesori \u00eendrum\u0103tori: Petri\u0219or Adrian \u0219i Costineanu Raluca.<\/li>\n<\/ul>\n<p>\u00a0<\/p>\n<\/div>\n<\/div>\n<div class=\"content-inner \">\n<p>\u0218ase elevi suceveni s-au calificat la Olimpiada Na\u021bional\u0103 de inteligen\u021b\u0103 artificial\u0103, care va avea loc la Bucure\u0219ti, \u00een perioada 17-20 aprilie 2026. Etapa jude\u021bean\u0103 a Olimpiadei na\u021bionale de inteligen\u021b\u0103 artificial\u0103, desf\u0103\u0219urat\u0103 de la Colegiul Na\u021bional de Informatic\u0103 \u201dSpiru Haret\u201d Suceava, a fost coordonat\u0103 de inspector \u0219colar pentru informatic\u0103, prof. Narcisa \u2013 Daniela \u0218tef\u0103nescu.<\/p>\n<p>Elevii califica\u021bi \u0219i profesorii \u00eendrum\u0103tori s\u00eent urm\u0103torii:<\/p>\n<ul>\n<li>Herea G.D. Isidor, clasa a X-a, Colegiul Na\u021bionl \u201ePetru Rare\u0219\u201d Suceava, profesori \u00eendrum\u0103tori: \u0218tef\u0103nescu Narcisa \u0219i Erhan Mihail<\/li>\n<li>Holot\u0103 C. Tudor-Matei, clasa a X-a, Colegiul Na\u021bional \u201e\u0218tefan cel Mare\u201d Suceava, profesori \u00eendrum\u0103tori: Petri\u0219or Adrian \u0219i Costineanu Raluca<\/li>\n<li>Tipa V.C. Fabian Alexandru, clasa a X-a, Colegiul Na\u021bional \u201e\u0218tefan cel Mare\u201d Suceava, profesori \u00eendrum\u0103tori: Petri\u0219or Adrian \u0219i Costineanu Raluca<\/li>\n<li>Gr\u0103dinariu L.O. Anastasia, clasa a X-a, Colegiul Na\u021bional \u201e\u0218tefan cel Mare\u201d Suceava, profesori \u00eendrum\u0103tori: Marcu Daniela \u0219i Marcu Ovidiu<\/li>\n<li>Apetrei V. Alexandru, clasa a XI-a, Colegiul Na\u021bional \u201e\u0218tefan cel Mare\u201d Suceava, profesor \u00eendrum\u0103tor Marcu Ovidiu<\/li>\n<li>Poinaru D.R. Rare\u0219-Aurel, clasa a XII-a, Colegiul Na\u021bional \u201e\u0218tefan cel Mare\u201d Suceava, profesori \u00eendrum\u0103tori: Petri\u0219or Adrian \u0219i Costineanu Raluca.<\/li>\n<\/ul>\n<p>\u00a0<\/p>\n<\/div>\n<p>[analyse_source url=&#8221;https:\/\/www.radiotop.ro\/featured\/elevi-suceveni-de-la-stefan-si-petru-calificati-la-olimpiada-nationala-de-inteligenta-artificiala.html&#8221;]<\/p>\n","protected":false},"excerpt":{"rendered":"<p>[analyse_image type=&#8221;featured&#8221; src=&#8221;https:\/\/www.radiotop.ro\/img\/media\/2024\/09\/clasa-verde-clung.jpeghttps:\/\/www.radiotop.ro\/img\/media\/2024\/09\/clasa-verde-clung.jpeg&#8221;] \u0218ase elevi suceveni s-au calificat la Olimpiada Na\u021bional\u0103 de inteligen\u021b\u0103 artificial\u0103, care va avea loc la Bucure\u0219ti, \u00een perioada 17-20 aprilie 2026. Etapa jude\u021bean\u0103 a Olimpiadei na\u021bionale de inteligen\u021b\u0103 artificial\u0103, desf\u0103\u0219urat\u0103 de la Colegiul Na\u021bional de Informatic\u0103 \u201dSpiru Haret\u201d Suceava, a fost coordonat\u0103 de inspector \u0219colar pentru informatic\u0103, prof. Narcisa \u2013 Daniela [&hellip;]<\/p>\n","protected":false},"author":1,"featured_media":0,"comment_status":"open","ping_status":"","sticky":false,"template":"","format":"standard","meta":{"footnotes":""},"categories":[89],"tags":[226,163],"class_list":["post-1841293","post","type-post","status-publish","format-standard","hentry","category-romania","tag-crawlmanager","tag-radiotop-ro"],"_links":{"self":[{"href":"https:\/\/analyse.optim.biz\/index.php?rest_route=\/wp\/v2\/posts\/1841293","targetHints":{"allow":["GET"]}}],"collection":[{"href":"https:\/\/analyse.optim.biz\/index.php?rest_route=\/wp\/v2\/posts"}],"about":[{"href":"https:\/\/analyse.optim.biz\/index.php?rest_route=\/wp\/v2\/types\/post"}],"author":[{"embeddable":true,"href":"https:\/\/analyse.optim.biz\/index.php?rest_route=\/wp\/v2\/users\/1"}],"replies":[{"embeddable":true,"href":"https:\/\/analyse.optim.biz\/index.php?rest_route=%2Fwp%2Fv2%2Fcomments&post=1841293"}],"version-history":[{"count":0,"href":"https:\/\/analyse.optim.biz\/index.php?rest_route=\/wp\/v2\/posts\/1841293\/revisions"}],"wp:attachment":[{"href":"https:\/\/analyse.optim.biz\/index.php?rest_route=%2Fwp%2Fv2%2Fmedia&parent=1841293"}],"wp:term":[{"taxonomy":"category","embeddable":true,"href":"https:\/\/analyse.optim.biz\/index.php?rest_route=%2Fwp%2Fv2%2Fcategories&post=1841293"},{"taxonomy":"post_tag","embeddable":true,"href":"https:\/\/analyse.optim.biz\/index.php?rest_route=%2Fwp%2Fv2%2Ftags&post=1841293"}],"curies":[{"name":"wp","href":"https:\/\/api.w.org\/{rel}","templated":true}]}}