{"id":184088,"date":"2015-03-30T12:01:17","date_gmt":"2015-03-30T09:01:17","guid":{"rendered":"https:\/\/analyse.optim.biz\/?p=184088"},"modified":"2015-03-30T12:01:17","modified_gmt":"2015-03-30T09:01:17","slug":"victor-ponta-nu-i-normal-ca-presedintele-si-premierul-sa-castige-sub-un-angajat-dintr-o-companie-de-stat","status":"publish","type":"post","link":"https:\/\/analyse.optim.biz\/?p=184088","title":{"rendered":"Victor Ponta: Nu-i normal ca pre\u015fedintele \u015fi premierul s\u0103 c\u00e2\u015ftige sub un angajat dintr-o companie de stat"},"content":{"rendered":"<div class=\"entry data-app-meta data-app-meta-article\" data-embed-base-url-canonical=\"https:\/\/www.digi24.ro\/embed\/stiri\/actualitate\/politica\/victor-ponta-nu-i-normal-ca-presedintele-si-premierul-sa-castige-sub-un-angajat-dintr-o-companie-de-stat-598650\">\n<p data-index=\"1\"><img decoding=\"async\" src=\"https:\/\/analyse.optim.biz\/wp-content\/uploads\/2024\/09\/mdjizde4ndvhzwu4ytvlnwrioda4nzezzwzinzm-thumb_.jpg\" data-skip-htmlfix=\"1\" title=\"mdjizde4ndvhzwu4ytvlnwrioda4nzezzwzinzm-thumb_\">\u00a0<\/p>\n<p data-index=\"2\"><span><em><strong>Foto: Facebook<\/strong><\/em><\/span><\/p>\n<p data-index=\"3\">\u201e<em><span>Trebuie s\u0103 rearanj\u0103m, totu\u015fi, scara normal\u0103 a valorilor, trebuie s\u0103 existe \u00een primul r\u00e2nd o ordine.\u00a0<\/span><span><strong>Nu-i normal ca pre\u015fedintele \u0163\u0103rii, primul-ministru, pre\u015fedin\u0163ii Camerelor s\u0103 c\u00e2\u015ftige mai pu\u0163in dec\u00e2t cine \u015ftie ce angajat dintr-o institu\u0163ie militarizat\u0103 sau dintr-o companie de stat<\/strong><\/span><\/em><span><em>, pentru c\u0103 nu exist\u0103 nicio \u0163ar\u0103 european\u0103 unde s\u0103 se \u00eent\u00e2mple chestia asta.\u00a0Cerem performan\u0163\u0103 de la cei care conduc institu\u0163ii, dar \u00een schimb credem c\u0103 nu trebuie nimic altceva pentru performan\u0163\u0103<\/em>\u201d, a spus <strong>Victor Ponta<\/strong>, \u00een deschiderea Biroului Permanent Na\u0163ional al PSD.<\/span><\/p>\n<p data-index=\"4\">El a ad\u0103ugat c\u0103 \u015fi medicilor, profesorilor, militarilor, poli\u0163i\u015ftilor trebuie s\u0103 li se asigure un plan de carier\u0103 \u015fi a precizat c\u0103 noua lege a salariz\u0103rii va fi definitivat\u0103 \u00een a doua parte a acestui an.<\/p>\n<h5><span>Citi\u021bi \u0219i: <a href=\"https:\/\/www.digi24.ro\/Stiri\/Digi24\/Actualitate\/Social\/Noua+lege+a+salarizarii+Guvernul+propune+bugetarilor+salarii+bru\" data-skip-linkfix=\"1\">Noua lege a salariz\u0103rii: Guvernul propune bugetarilor salarii brute \u00eentre 1.200 lei-22.000 lei. Sindicatele acuz\u0103 incompeten\u0163a<\/a><\/span><\/h5>\n<\/div>\n<p> Source URL: https:\/\/www.digi24.ro\/stiri\/actualitate\/politica\/victor-ponta-nu-i-normal-ca-presedintele-si-premierul-sa-castige-sub-un-angajat-dintr-o-companie-de-stat-598650<\/p>\n","protected":false},"excerpt":{"rendered":"<p>\u00a0 Foto: Facebook \u201eTrebuie s\u0103 rearanj\u0103m, totu\u015fi, scara normal\u0103 a valorilor, trebuie s\u0103 existe \u00een primul r\u00e2nd o ordine.\u00a0Nu-i normal ca pre\u015fedintele \u0163\u0103rii, primul-ministru, pre\u015fedin\u0163ii Camerelor s\u0103 c\u00e2\u015ftige mai pu\u0163in dec\u00e2t cine \u015ftie ce angajat dintr-o institu\u0163ie militarizat\u0103 sau dintr-o companie de stat, pentru c\u0103 nu exist\u0103 nicio \u0163ar\u0103 european\u0103 unde s\u0103 se \u00eent\u00e2mple chestia [&hellip;]<\/p>\n","protected":false},"author":1,"featured_media":184089,"comment_status":"open","ping_status":"","sticky":false,"template":"","format":"standard","meta":{"footnotes":""},"categories":[2],"tags":[11],"class_list":["post-184088","post","type-post","status-publish","format-standard","has-post-thumbnail","hentry","category-politics","tag-digi24"],"_links":{"self":[{"href":"https:\/\/analyse.optim.biz\/index.php?rest_route=\/wp\/v2\/posts\/184088","targetHints":{"allow":["GET"]}}],"collection":[{"href":"https:\/\/analyse.optim.biz\/index.php?rest_route=\/wp\/v2\/posts"}],"about":[{"href":"https:\/\/analyse.optim.biz\/index.php?rest_route=\/wp\/v2\/types\/post"}],"author":[{"embeddable":true,"href":"https:\/\/analyse.optim.biz\/index.php?rest_route=\/wp\/v2\/users\/1"}],"replies":[{"embeddable":true,"href":"https:\/\/analyse.optim.biz\/index.php?rest_route=%2Fwp%2Fv2%2Fcomments&post=184088"}],"version-history":[{"count":0,"href":"https:\/\/analyse.optim.biz\/index.php?rest_route=\/wp\/v2\/posts\/184088\/revisions"}],"wp:featuredmedia":[{"embeddable":true,"href":"https:\/\/analyse.optim.biz\/index.php?rest_route=\/wp\/v2\/media\/184089"}],"wp:attachment":[{"href":"https:\/\/analyse.optim.biz\/index.php?rest_route=%2Fwp%2Fv2%2Fmedia&parent=184088"}],"wp:term":[{"taxonomy":"category","embeddable":true,"href":"https:\/\/analyse.optim.biz\/index.php?rest_route=%2Fwp%2Fv2%2Fcategories&post=184088"},{"taxonomy":"post_tag","embeddable":true,"href":"https:\/\/analyse.optim.biz\/index.php?rest_route=%2Fwp%2Fv2%2Ftags&post=184088"}],"curies":[{"name":"wp","href":"https:\/\/api.w.org\/{rel}","templated":true}]}}