{"id":184085,"date":"2015-03-30T12:15:07","date_gmt":"2015-03-30T09:15:07","guid":{"rendered":"https:\/\/analyse.optim.biz\/?p=184085"},"modified":"2015-03-30T12:15:07","modified_gmt":"2015-03-30T09:15:07","slug":"laszlo-tokes-atac-la-klaus-iohannis-pentru-sprijinul-moral-si-politic-acordat-sri","status":"publish","type":"post","link":"https:\/\/analyse.optim.biz\/?p=184085","title":{"rendered":"Laszlo Tokes, atac la Klaus Iohannis pentru sprijinul moral \u0219i politic acordat SRI"},"content":{"rendered":"<div class=\"entry data-app-meta data-app-meta-article\" data-embed-base-url-canonical=\"https:\/\/www.digi24.ro\/embed\/stiri\/actualitate\/politica\/laszlo-tokes-atac-la-klaus-iohannis-pentru-sprijinul-moral-si-politic-acordat-sri-598658\">\n<p data-index=\"1\"><img decoding=\"async\" src=\"https:\/\/analyse.optim.biz\/wp-content\/uploads\/2024\/09\/zyz3ptgwmczoyxnopwjhztuwm2e2zwnlnjdhmwq1yznmnzg4ownkodm1zdhk-thumb_.jpg\" data-skip-htmlfix=\"1\" title=\"zyz3ptgwmczoyxnopwjhztuwm2e2zwnlnjdhmwq1yznmnzg4ownkodm1zdhk-thumb_\"><\/p>\n<p data-index=\"2\"><span><em><strong>Foto: Mediafax<\/strong><\/em><\/span><\/p>\n<p data-index=\"3\">\u201e<span>Ministerul rom\u00e2n al administra\u021biei \u0219i internelor a postat \u00een data de 23 martie pe propria pagin\u0103 de internet a\u0219a-zisa Strategie Na\u021bional\u0103 de Ordine Public\u0103 2015-2020 sub forma unui proiect supus dezbaterii publice conform legii. (&#8230;) Dup\u0103 ce va fi adoptat\u0103 de cabinet, strategia respectiv\u0103 va deveni liter\u0103 de lege ce stipuleaz\u0103 c\u0103 <\/span><span>\u201e<\/span><span><strong>dinamica fenomenului infrac\u021bional r\u0103m\u00e2ne o amenin\u021bare permanent\u0103 asupra climatului de siguran\u021b\u0103 \u0219i bun\u0103st\u0103rii cet\u0103\u021benilor, prin posibile amenin\u021b\u0103ri precum: manifest\u0103ri de rasism, xenofobie, extremism \u0219i alte forme de intoleran\u021b\u0103, av\u00e2nd drept scop ob\u021binerea autonomiei unor zone\/regiuni pe criterii etnice!<\/strong><\/span><span>\u201d<\/span><span>. <\/span><span><em>Mai pe \u0219leau, documentul spune c\u0103 reprezint\u0103 pericol pentru siguran\u021ba public\u0103 solicitarea autonomiei de c\u0103tre comunit\u0103\u021bile etnice.<\/em><\/span><span> Este de-a dreptul revolt\u0103tor s\u0103 asociezi no\u021biuni ca rasism, xenofobie, extremism, intoleran\u021b\u0103 cu cel al autonomiei, a\u0219a cum procedeaz\u0103 ministerul afacerilor interne\u201d, a afirmat <strong>Laszlo Tokes<\/strong>, citat de Agerpres.<\/span><\/p>\n<p data-index=\"4\">Europarlamentarul critic\u0103 \u0219i Serviciul Rom\u00e2n de Informa\u021bii \u0219i faptul c\u0103 pre\u0219edintele Klaus Iohannis \u0219i-a manifestat \u201esprijinul moral \u0219i politic fa\u021b\u0103 de aceast\u0103 organiza\u021bie\u201d.<\/p>\n<p data-index=\"5\">\u201ePre\u0219edintele Klaus Iohannis, ales \u0219i de c\u0103tre maghiarii din Rom\u00e2nia, \u0219i-a manifestat sprijinul moral \u0219i politic fa\u021b\u0103 de aceast\u0103 organiza\u021bie, al c\u0103rui fost director s-a pronun\u021bat \u0219i el \u00eempotriva demersurilor autonomiste, de regionalizare \u0219i descentralizare. Mai grav, <strong>\u0219eful de stat a l\u0103udat profesionalismul SRI, care dup\u0103 cuno\u0219tin\u021bele sale s-a lep\u0103dat de trecut \u0219i a devenit demn de orientarea nord-atlantic\u0103 a \u021b\u0103rii. De\u0219i este de notorietate c\u0103 acest serviciu e urma\u0219ul poli\u021biei politice a dictatorului Ceau\u0219escu, creat \u00een martie 1990 cu pretextul necesit\u0103\u021bii anihil\u0103rii presupusului iredentism maghiar, prelu\u00e2nd personalul, logistica \u0219i metodele Securit\u0103\u021bii<\/strong>\u201d, a sus\u021binut <strong>Laszlo Tokes<\/strong>.<\/p>\n<p data-index=\"6\">Potrivit acestuia, \u201e<strong>\u00eencercarea criminaliz\u0103rii autonomiei de c\u0103tre autorit\u0103\u021bile rom\u00e2ne\u0219ti trebuie urgent supus\u0103 aten\u021biei Parlamentului European, trebuie informat\u0103 comunitatea interna\u021bional\u0103 c\u0103 Rom\u00e2nia violeaz\u0103 principiile statului de drept \u0219i al autonomiei locale, \u00eengr\u0103de\u0219te grav drepturile comunitare \u0219i dreptul la autodeterminare, iar pe deasupra prolifereaz\u0103 amenin\u021b\u0103ri la adresa comunit\u0103\u021bilor etnice, administra\u021biilor locale \u0219i organiza\u021biilor ob\u0219te\u0219ti care ridic\u0103 problema autonomiei<\/strong>\u201d.<\/p>\n<\/div>\n<p> Source URL: https:\/\/www.digi24.ro\/stiri\/actualitate\/politica\/laszlo-tokes-atac-la-klaus-iohannis-pentru-sprijinul-moral-si-politic-acordat-sri-598658<\/p>\n","protected":false},"excerpt":{"rendered":"<p>Foto: Mediafax \u201eMinisterul rom\u00e2n al administra\u021biei \u0219i internelor a postat \u00een data de 23 martie pe propria pagin\u0103 de internet a\u0219a-zisa Strategie Na\u021bional\u0103 de Ordine Public\u0103 2015-2020 sub forma unui proiect supus dezbaterii publice conform legii. (&#8230;) Dup\u0103 ce va fi adoptat\u0103 de cabinet, strategia respectiv\u0103 va deveni liter\u0103 de lege ce stipuleaz\u0103 c\u0103 \u201edinamica [&hellip;]<\/p>\n","protected":false},"author":1,"featured_media":184086,"comment_status":"open","ping_status":"","sticky":false,"template":"","format":"standard","meta":{"footnotes":""},"categories":[2],"tags":[11],"class_list":["post-184085","post","type-post","status-publish","format-standard","has-post-thumbnail","hentry","category-politics","tag-digi24"],"_links":{"self":[{"href":"https:\/\/analyse.optim.biz\/index.php?rest_route=\/wp\/v2\/posts\/184085","targetHints":{"allow":["GET"]}}],"collection":[{"href":"https:\/\/analyse.optim.biz\/index.php?rest_route=\/wp\/v2\/posts"}],"about":[{"href":"https:\/\/analyse.optim.biz\/index.php?rest_route=\/wp\/v2\/types\/post"}],"author":[{"embeddable":true,"href":"https:\/\/analyse.optim.biz\/index.php?rest_route=\/wp\/v2\/users\/1"}],"replies":[{"embeddable":true,"href":"https:\/\/analyse.optim.biz\/index.php?rest_route=%2Fwp%2Fv2%2Fcomments&post=184085"}],"version-history":[{"count":0,"href":"https:\/\/analyse.optim.biz\/index.php?rest_route=\/wp\/v2\/posts\/184085\/revisions"}],"wp:featuredmedia":[{"embeddable":true,"href":"https:\/\/analyse.optim.biz\/index.php?rest_route=\/wp\/v2\/media\/184086"}],"wp:attachment":[{"href":"https:\/\/analyse.optim.biz\/index.php?rest_route=%2Fwp%2Fv2%2Fmedia&parent=184085"}],"wp:term":[{"taxonomy":"category","embeddable":true,"href":"https:\/\/analyse.optim.biz\/index.php?rest_route=%2Fwp%2Fv2%2Fcategories&post=184085"},{"taxonomy":"post_tag","embeddable":true,"href":"https:\/\/analyse.optim.biz\/index.php?rest_route=%2Fwp%2Fv2%2Ftags&post=184085"}],"curies":[{"name":"wp","href":"https:\/\/api.w.org\/{rel}","templated":true}]}}