{"id":184082,"date":"2015-03-30T12:20:04","date_gmt":"2015-03-30T09:20:04","guid":{"rendered":"https:\/\/analyse.optim.biz\/?p=184082"},"modified":"2015-03-30T12:20:04","modified_gmt":"2015-03-30T09:20:04","slug":"traian-basescu-o-noua-reactie-la-instalarea-lui-eugen-teodorovici-la-finante","status":"publish","type":"post","link":"https:\/\/analyse.optim.biz\/?p=184082","title":{"rendered":"Traian B\u0103sescu, o nou\u0103 reac\u021bie la instalarea lui Eugen Teodorovici la Finan\u021be"},"content":{"rendered":"<div class=\"entry data-app-meta data-app-meta-article\" data-embed-base-url-canonical=\"https:\/\/www.digi24.ro\/embed\/stiri\/actualitate\/politica\/traian-basescu-o-noua-reactie-la-instalarea-lui-eugen-teodorovici-la-finante-598665\">\n<p data-index=\"1\">\u00a0\u00a0<img decoding=\"async\" src=\"https:\/\/analyse.optim.biz\/wp-content\/uploads\/2024\/09\/odbiowzjmwzjmjvlzde1njqyytdmm2qwntyyzgy3oq-thumb_.jpg\" data-skip-htmlfix=\"1\" title=\"odbiowzjmwzjmjvlzde1njqyytdmm2qwntyyzgy3oq-thumb_\"><\/p>\n<p data-index=\"2\"><em>Eugen Teodorovici \u0219i Traian B\u0103sescu dau m\u00e2na la ceremonia de depunere a jur\u0103m\u00e2ntului de \u00eenvestitur\u0103 \u00een func\u0163ie a membrilor Guvernului Rom\u00e2niei, \u00een decembrie 2012. Foto: <a href=\"http:\/\/www.presidency.ro\/?_RID=fdet&amp;id=3624\" target=\"_blank\" data-skip-linkfix=\"1\" rel=\"noopener\">presidency.ro<\/a>.<\/em><\/p>\n<p data-index=\"3\"><strong>\u201eCu jur\u0103m\u00eentul depus de Teodorovici, asta e. Punct \u015fi de la&#8230;vara lui 2012, \u00ceNAINTE!\u201d<\/strong>, a scris B\u0103sescu pe Facebook.<\/p>\n<p data-index=\"4\">Fostul pre\u015fedinte a transmis \u0219i duminic\u0103 sear\u0103 <a href=\"https:\/\/www.digi24.ro\/Stiri\/Digi24\/Actualitate\/Politica\/Traian+Basescu+mesaj+catre+Iohannis+Si+eu+am+facut+erori\" data-skip-linkfix=\"1\">un mesaj pe Facebook adresat \u015fefului statului<\/a>, Klaus Iohannis, \u00een care spune c\u0103 a-l valida pe Eugen Teodorovici la Finan\u0163e, dup\u0103 votul din Senat privind cazul \u015eova, este \u201eun semnal\u201d care \u00eel \u201etrimite \u00eenapoi la Grivco\u201d.<\/p>\n<p data-index=\"5\">Traian B\u0103sescu a postat \u015fi vineri sear\u0103 un mesaj pe Facebook, \u00een care aminte\u015fte de reac\u0163ia, pe care o consider\u0103 t\u00e2rzie, a pre\u015fedintelui Klaus Iohannis la momentul respingerii de c\u0103tre Senat a cererii DNA de arestare a lui Dan \u015eova \u015fi o leag\u0103 de faptul c\u0103 pre\u015fedintele a acceptat propunerea premierului Victor Ponta de a-l numi ministru la Finan\u0163e pe Eugen Teodorovici, despre care arat\u0103 c\u0103 \u201ea votat \u00eempotriva re\u0163inerii \u015fi arest\u0103rii lui Dan \u015eova\u201d.<\/p>\n<p data-index=\"6\"><a href=\"https:\/\/www.digi24.ro\/Stiri\/Digi24\/Actualitate\/Politica\/Eugen+Teodorovici+si+Marius+Nica+depun+juramintele+ca+ministri\" data-skip-linkfix=\"1\">Eugen Teodorovici \u015fi Marius Nica au depus jur\u0103m\u00e2ntul de \u00eenvestitur\u0103<\/a> \u00een calitate de mini\u015ftri ai Finan\u0163elor, respectiv Fondurilor Europene, \u00een aceast\u0103 diminea\u021b\u0103.<\/p>\n<p data-index=\"7\">Postul de ministru al Finan\u0163elor a devenit vacant dup\u0103 ce Darius V\u00e2lcov, cercetat de DNA pentru trafic de influen\u0163\u0103, a demisionat, postul fiind preluat, \u00een urm\u0103 cu o s\u0103pt\u0103m\u00e2n\u0103, cu titlu de interimat, de c\u0103tre premierul Ponta.<\/p>\n<p data-index=\"8\">Eugen Teodorovici a fost desemnat la sf\u00e2r\u015fitul s\u0103pt\u0103m\u00e2nii trecute pentru func\u0163ia de ministru al Finan\u0163elor, func\u0163ie de\u0163inut\u0103 p\u00e2n\u0103 acum de acesta, de ministru al Fondurilor Europene, fiind preluat\u0103 de Marius Nica.<\/p>\n<\/div>\n<p> Source URL: https:\/\/www.digi24.ro\/stiri\/actualitate\/politica\/traian-basescu-o-noua-reactie-la-instalarea-lui-eugen-teodorovici-la-finante-598665<\/p>\n","protected":false},"excerpt":{"rendered":"<p>\u00a0\u00a0 Eugen Teodorovici \u0219i Traian B\u0103sescu dau m\u00e2na la ceremonia de depunere a jur\u0103m\u00e2ntului de \u00eenvestitur\u0103 \u00een func\u0163ie a membrilor Guvernului Rom\u00e2niei, \u00een decembrie 2012. Foto: presidency.ro. \u201eCu jur\u0103m\u00eentul depus de Teodorovici, asta e. Punct \u015fi de la&#8230;vara lui 2012, \u00ceNAINTE!\u201d, a scris B\u0103sescu pe Facebook. Fostul pre\u015fedinte a transmis \u0219i duminic\u0103 sear\u0103 un mesaj [&hellip;]<\/p>\n","protected":false},"author":1,"featured_media":184083,"comment_status":"open","ping_status":"","sticky":false,"template":"","format":"standard","meta":{"footnotes":""},"categories":[2],"tags":[11],"class_list":["post-184082","post","type-post","status-publish","format-standard","has-post-thumbnail","hentry","category-politics","tag-digi24"],"_links":{"self":[{"href":"https:\/\/analyse.optim.biz\/index.php?rest_route=\/wp\/v2\/posts\/184082","targetHints":{"allow":["GET"]}}],"collection":[{"href":"https:\/\/analyse.optim.biz\/index.php?rest_route=\/wp\/v2\/posts"}],"about":[{"href":"https:\/\/analyse.optim.biz\/index.php?rest_route=\/wp\/v2\/types\/post"}],"author":[{"embeddable":true,"href":"https:\/\/analyse.optim.biz\/index.php?rest_route=\/wp\/v2\/users\/1"}],"replies":[{"embeddable":true,"href":"https:\/\/analyse.optim.biz\/index.php?rest_route=%2Fwp%2Fv2%2Fcomments&post=184082"}],"version-history":[{"count":0,"href":"https:\/\/analyse.optim.biz\/index.php?rest_route=\/wp\/v2\/posts\/184082\/revisions"}],"wp:featuredmedia":[{"embeddable":true,"href":"https:\/\/analyse.optim.biz\/index.php?rest_route=\/wp\/v2\/media\/184083"}],"wp:attachment":[{"href":"https:\/\/analyse.optim.biz\/index.php?rest_route=%2Fwp%2Fv2%2Fmedia&parent=184082"}],"wp:term":[{"taxonomy":"category","embeddable":true,"href":"https:\/\/analyse.optim.biz\/index.php?rest_route=%2Fwp%2Fv2%2Fcategories&post=184082"},{"taxonomy":"post_tag","embeddable":true,"href":"https:\/\/analyse.optim.biz\/index.php?rest_route=%2Fwp%2Fv2%2Ftags&post=184082"}],"curies":[{"name":"wp","href":"https:\/\/api.w.org\/{rel}","templated":true}]}}