{"id":1840714,"date":"2026-03-22T22:12:20","date_gmt":"2026-03-22T19:12:20","guid":{"rendered":"https:\/\/analyse.optim.biz\/?p=1840714"},"modified":"2026-03-22T22:12:20","modified_gmt":"2026-03-22T19:12:20","slug":"mxgp-espagne-les-plaques-rouges-pour-lucas-coenen-et-camden-mclellan-abonne","status":"publish","type":"post","link":"https:\/\/analyse.optim.biz\/?p=1840714","title":{"rendered":"MXGP Espagne\u00a0: Les plaques rouges pour Lucas Coenen et Camden McLellan ABONN\u00c9"},"content":{"rendered":"<div class=\"entry-content\">\n<p><strong>Les plaques rouges ont chang\u00e9 de mains \u00e0 plusieurs reprises ce weekend, et en s\u2019imposant tous deux dans leur cat\u00e9gorie Camden McLellan et Lucas Coenen ont subtilis\u00e9 celles-ci \u00e0 Simon L\u00e4ngenfelder et Tom Vialle. Une premi\u00e8re pour le Sud-Africain et le Belge, qui ne l\u2019ont pas vol\u00e9\u00a0!<\/strong><\/p>\n<p>Du soleil (enfin\u00a0!), un public nombreux et supporter des pilotes Espagnols, une piste tr\u00e8s rapide et pi\u00e9geuse par endroits, c\u2019\u00e9tait la cadre de ce premier GP en Europe. Un GP qui a \u00e9t\u00e9 tr\u00e8s disput\u00e9 en MX2, beaucoup moins en MXGP\u00a0!<\/p>\n<div id=\"attachment_724693\" style=\"width: 1210px\" class=\"wp-caption alignnone\"><img loading=\"lazy\" decoding=\"async\" aria-describedby=\"caption-attachment-724693\" class=\"wp-image-724693 size-full\" src=\"https:\/\/moto-station.com\/wp-content\/uploads\/2026\/03\/22\/741063_Coenen_Sacha_02_MXGP_Andalucia_2026_Q0A0870_2nd-Rd-MXGP-2026-_-Almonte_-Andalucia-_ESP_.jpg\" alt width=\"1200\" height=\"800\"><\/p>\n<p id=\"caption-attachment-724693\" class=\"wp-caption-text\">Sacha Coenen s\u2019est bien repris apr\u00e8s sa chute en premi\u00e8re manche.<\/p>\n<\/div>\n<h2><strong>MX2\u00a0: Un Triumph pour Mc Lellan<\/strong><\/h2>\n<p>Les Triumph avaient fait parler d\u2019elles en Argentine, o\u00f9 Camden Mc Lellan et Guillem Farres avaient partag\u00e9 le podium avec Simon L\u00e4ngenfelder. Ce weekend elles auraient du faire encore mieux, si l\u2019Espagnol vainqueur de la premi\u00e8re manche devant son co\u00e9quipier n\u2019avait pas \u00e9t\u00e9 victime d\u2019un probl\u00e8me m\u00e9canique d\u00e8s le baisser de grille de la seconde manche. La route \u00e9tait libre pour Mc Lellan, qui a pris le meilleur sur Sacha Coenen premier leader de cette manche pour aller s\u2019imposer et offrir \u00e0 Triumph un premier succ\u00e8s en GP. Il s\u2019impose devant Simon L\u00e4ngenfelder qui se classe \u00e0 deux reprises en troisi\u00e8me position, et Sacha Coenen (7\/2) qui s\u2019est bien repris apr\u00e8s sa chute en premi\u00e8re manche. Quatri\u00e8me, Mathis Valin (4\/6) a fait un beau GP, juste d\u00e9\u00e7u d\u2019avoir chut\u00e9 et perdu une place dans le dernier tour de la seconde manche. Suivent Janis Reisulis (5\/5), Valerio Lata (8\/4) et Liam Everts (6\/7) qui a roul\u00e9 avec une cheville abim\u00e9e samedi lors des essais chronom\u00e9tr\u00e9s.<\/p>\n<div id=\"attachment_724694\" style=\"width: 1210px\" class=\"wp-caption alignnone\"><img loading=\"lazy\" decoding=\"async\" aria-describedby=\"caption-attachment-724694\" class=\"wp-image-724694 size-full\" src=\"https:\/\/moto-station.com\/wp-content\/uploads\/2026\/03\/22\/741102_Podium_MX2_02_MXGP_Andalucia_2026_Q0A2205_2nd-Rd-MXGP-2026-_-Almonte_-Andalucia-_ESP_.jpg\" alt width=\"1200\" height=\"800\"><\/p>\n<p id=\"caption-attachment-724694\" class=\"wp-caption-text\">Triomphe de Triumph et de Camden McLellan en Espagne !<\/p>\n<\/div>\n<h2><strong>MXGP : Intouchable Coenen !<\/strong><\/h2>\n<p>Ce weekend Lucas Coenen \u00e9voluait sur une autre plan\u00e8te, une plan\u00e8te que m\u00eame Jeffrey Herlings n\u2019a pu atteindre\u00a0! A la d\u00e9charge du N\u00e9erlandais (2\/2), sa chute hier au d\u00e9part de la manche qualificative a laiss\u00e9 des traces, avec des douleurs au dos et \u00e0 la nuque qui ne lui ont pas permis de s\u2019exprimer comme \u00e0 son habitude dans le sable. Avec honn\u00eatet\u00e9, il confiait en conf\u00e9rence de presse \u2018que ce n\u2019\u00e9tait pas une excuse\u2019. Troisi\u00e8me du GP, Tim Gajser (6\/3) souffle cette troisi\u00e8me marche du podium \u00e0 Maxime Renaux (4\/6), faisant comme en Argentine une bien meilleure seconde manche apr\u00e8s que son team ait boss\u00e9 sur les r\u00e9glages entre les deux manches. Bien parti en premi\u00e8re manche, un peu moins bien en seconde, Tom Vialle (5\/7) a baiss\u00e9 de rythme en seconde partie de manches\u00a0; il termine sixi\u00e8me du GP, derri\u00e8re Andrea Adamo (7\/4) et devant Kay De Wolf (10\/8) auteur d\u2019une grosse remont\u00e9e depuis le fond du pack en seconde manche. Troisi\u00e8me de la premi\u00e8re manche, Romain Febvre occupait de nouveau cette position dans la seconde, en baston avec Tim Gajser, quand il est parti \u00e0 la faute dans une courbe \u00e0 droite. Le choc a \u00e9t\u00e9 violent, Romain prenant le guidon dans l\u2019estomac\u00a0; les examens pass\u00e9s sur place n\u2019ont r\u00e9v\u00e9l\u00e9 aucune fracture ni h\u00e9morragie, mais Romain va avoir besoin de quelques jours pour r\u00e9cup\u00e9rer. La suite d\u00e8s le weekend prochain \u00e0 Frauenfeld, un circuit dont Tim Gajser ne garde pas un bon souvenir\u00a0!<\/p>\n<div id=\"attachment_724689\" style=\"width: 1210px\" class=\"wp-caption alignnone\"><img loading=\"lazy\" decoding=\"async\" aria-describedby=\"caption-attachment-724689\" class=\"wp-image-724689 size-full\" src=\"https:\/\/moto-station.com\/wp-content\/uploads\/2026\/03\/22\/741048_Coenen_Lucas_02_MXGP_Andalucia_2026_Q0A4961_2nd-Rd-MXGP-2026-_-Almonte_-Andalucia-_ESP_.jpg\" alt width=\"1200\" height=\"800\"><\/p>\n<p id=\"caption-attachment-724689\" class=\"wp-caption-text\">Lucas Coenen devance Jeffrey Herlings et Tim Gajser !<\/p>\n<\/div><\/div>\n","protected":false},"excerpt":{"rendered":"<p>Les plaques rouges ont chang\u00e9 de mains \u00e0 plusieurs reprises ce weekend, et en s\u2019imposant tous deux dans leur cat\u00e9gorie Camden McLellan et Lucas Coenen ont subtilis\u00e9 celles-ci \u00e0 Simon L\u00e4ngenfelder et Tom Vialle. Une premi\u00e8re pour le Sud-Africain et le Belge, qui ne l\u2019ont pas vol\u00e9\u00a0! Du soleil (enfin\u00a0!), un public nombreux et supporter [&hellip;]<\/p>\n","protected":false},"author":1,"featured_media":0,"comment_status":"open","ping_status":"","sticky":false,"template":"","format":"standard","meta":{"footnotes":""},"categories":[1],"tags":[226,240],"class_list":["post-1840714","post","type-post","status-publish","format-standard","hentry","category-uncategorized","tag-crawlmanager","tag-moto-station-com"],"_links":{"self":[{"href":"https:\/\/analyse.optim.biz\/index.php?rest_route=\/wp\/v2\/posts\/1840714","targetHints":{"allow":["GET"]}}],"collection":[{"href":"https:\/\/analyse.optim.biz\/index.php?rest_route=\/wp\/v2\/posts"}],"about":[{"href":"https:\/\/analyse.optim.biz\/index.php?rest_route=\/wp\/v2\/types\/post"}],"author":[{"embeddable":true,"href":"https:\/\/analyse.optim.biz\/index.php?rest_route=\/wp\/v2\/users\/1"}],"replies":[{"embeddable":true,"href":"https:\/\/analyse.optim.biz\/index.php?rest_route=%2Fwp%2Fv2%2Fcomments&post=1840714"}],"version-history":[{"count":0,"href":"https:\/\/analyse.optim.biz\/index.php?rest_route=\/wp\/v2\/posts\/1840714\/revisions"}],"wp:attachment":[{"href":"https:\/\/analyse.optim.biz\/index.php?rest_route=%2Fwp%2Fv2%2Fmedia&parent=1840714"}],"wp:term":[{"taxonomy":"category","embeddable":true,"href":"https:\/\/analyse.optim.biz\/index.php?rest_route=%2Fwp%2Fv2%2Fcategories&post=1840714"},{"taxonomy":"post_tag","embeddable":true,"href":"https:\/\/analyse.optim.biz\/index.php?rest_route=%2Fwp%2Fv2%2Ftags&post=1840714"}],"curies":[{"name":"wp","href":"https:\/\/api.w.org\/{rel}","templated":true}]}}