{"id":184071,"date":"2015-03-30T13:01:13","date_gmt":"2015-03-30T10:01:13","guid":{"rendered":"https:\/\/analyse.optim.biz\/?p=184071"},"modified":"2015-03-30T13:01:13","modified_gmt":"2015-03-30T10:01:13","slug":"premierul-victor-ponta-vrea-referendum-pentru-modificarea-constitutiei-pana-la-sfarsitul-anului","status":"publish","type":"post","link":"https:\/\/analyse.optim.biz\/?p=184071","title":{"rendered":"Premierul Victor Ponta vrea referendum pentru modificarea Constitu\u021biei p\u00e2n\u0103 la sf\u00e2r\u0219itul anului"},"content":{"rendered":"<div class=\"entry data-app-meta data-app-meta-article\" data-embed-base-url-canonical=\"https:\/\/www.digi24.ro\/embed\/stiri\/actualitate\/politica\/premierul-victor-ponta-vrea-referendum-pentru-modificarea-constitutiei-pana-la-sfarsitul-anului-598708\">\n<p data-index=\"1\">Premierul Victor Ponta spune c\u0103 revizuirea ar putea fi adoptat\u0103 \u00een aceast\u0103 sesiune parlamentar\u0103, dac\u0103 liberalii nu blocheaz\u0103 proiectul. \u201e<span><strong>\u00cen aceast\u0103 sesiune parlamentar\u0103 urmeaza a fi adoptat\u0103 revizuirea Constitu\u021biei. Aici exist\u0103 o mare reticen\u021b\u0103 din partea colegilor de la PNL. Tot ce au sus\u021binut p\u00e2n\u0103 acum \u00een ultimii doi ani \u00een cadrul comisiei, acum, \u00eentr-un fel s-au razgandit. Fac apel la seriozitate, \u0219i la decizie. Dac\u0103 nu mai e valabil ce au sus\u021binut \u00een ultimii doi ani, s\u0103 o spun\u0103. Probabil c\u0103 influen\u021ba PDL va fi cov\u00e2r\u0219itoare asupra lor. Altfel putem merge mai departe<\/strong>\u201d, a declarat premierul.<\/span><\/p>\n<p data-index=\"2\"> \u201ePropunerile au fost examinate de Curtea Constitu\u021bional\u0103 a Rom\u00e2niei \u0219i Comisia de la Vene\u021bia \u0219i practic trebuie doar s\u0103 finaliz\u0103m textul \u0219i s\u0103 avem p\u00e2n\u0103 la sf\u00e2r\u0219itul acestui an referendumul cu 30% cvorum\u201d, a mai spus Victor Ponta.<\/p>\n<\/div>\n<p> Source URL: https:\/\/www.digi24.ro\/stiri\/actualitate\/politica\/premierul-victor-ponta-vrea-referendum-pentru-modificarea-constitutiei-pana-la-sfarsitul-anului-598708<\/p>\n","protected":false},"excerpt":{"rendered":"<p>Premierul Victor Ponta spune c\u0103 revizuirea ar putea fi adoptat\u0103 \u00een aceast\u0103 sesiune parlamentar\u0103, dac\u0103 liberalii nu blocheaz\u0103 proiectul. \u201e\u00cen aceast\u0103 sesiune parlamentar\u0103 urmeaza a fi adoptat\u0103 revizuirea Constitu\u021biei. Aici exist\u0103 o mare reticen\u021b\u0103 din partea colegilor de la PNL. Tot ce au sus\u021binut p\u00e2n\u0103 acum \u00een ultimii doi ani \u00een cadrul comisiei, acum, \u00eentr-un [&hellip;]<\/p>\n","protected":false},"author":1,"featured_media":184072,"comment_status":"open","ping_status":"","sticky":false,"template":"","format":"standard","meta":{"footnotes":""},"categories":[2],"tags":[11],"class_list":["post-184071","post","type-post","status-publish","format-standard","has-post-thumbnail","hentry","category-politics","tag-digi24"],"_links":{"self":[{"href":"https:\/\/analyse.optim.biz\/index.php?rest_route=\/wp\/v2\/posts\/184071","targetHints":{"allow":["GET"]}}],"collection":[{"href":"https:\/\/analyse.optim.biz\/index.php?rest_route=\/wp\/v2\/posts"}],"about":[{"href":"https:\/\/analyse.optim.biz\/index.php?rest_route=\/wp\/v2\/types\/post"}],"author":[{"embeddable":true,"href":"https:\/\/analyse.optim.biz\/index.php?rest_route=\/wp\/v2\/users\/1"}],"replies":[{"embeddable":true,"href":"https:\/\/analyse.optim.biz\/index.php?rest_route=%2Fwp%2Fv2%2Fcomments&post=184071"}],"version-history":[{"count":0,"href":"https:\/\/analyse.optim.biz\/index.php?rest_route=\/wp\/v2\/posts\/184071\/revisions"}],"wp:featuredmedia":[{"embeddable":true,"href":"https:\/\/analyse.optim.biz\/index.php?rest_route=\/wp\/v2\/media\/184072"}],"wp:attachment":[{"href":"https:\/\/analyse.optim.biz\/index.php?rest_route=%2Fwp%2Fv2%2Fmedia&parent=184071"}],"wp:term":[{"taxonomy":"category","embeddable":true,"href":"https:\/\/analyse.optim.biz\/index.php?rest_route=%2Fwp%2Fv2%2Fcategories&post=184071"},{"taxonomy":"post_tag","embeddable":true,"href":"https:\/\/analyse.optim.biz\/index.php?rest_route=%2Fwp%2Fv2%2Ftags&post=184071"}],"curies":[{"name":"wp","href":"https:\/\/api.w.org\/{rel}","templated":true}]}}