{"id":184068,"date":"2015-03-30T13:12:51","date_gmt":"2015-03-30T10:12:51","guid":{"rendered":"https:\/\/analyse.optim.biz\/?p=184068"},"modified":"2015-03-30T13:12:51","modified_gmt":"2015-03-30T10:12:51","slug":"pmp-presedintele-iohannis-complice-la-obstructionarea-justitiei","status":"publish","type":"post","link":"https:\/\/analyse.optim.biz\/?p=184068","title":{"rendered":"PMP: Pre\u0219edintele Iohannis, complice la obstruc\u021bionarea justi\u021biei"},"content":{"rendered":"<div class=\"entry data-app-meta data-app-meta-article\" data-embed-base-url-canonical=\"https:\/\/www.digi24.ro\/embed\/stiri\/actualitate\/politica\/pmp-presedintele-iohannis-complice-la-obstructionarea-justitiei-598716\">\n<p data-index=\"1\"><img decoding=\"async\" src=\"https:\/\/analyse.optim.biz\/wp-content\/uploads\/2024\/09\/ptqzywy3ndhhymniywnkzjhmzdninwfkyjc4zthmywm3-thumb_.jpg\" data-skip-htmlfix=\"1\" title=\"ptqzywy3ndhhymniywnkzjhmzdninwfkyjc4zthmywm3-thumb_\"><\/p>\n<p data-index=\"2\"><span><em><strong>Foto: presidency.ro<\/strong><\/em><\/span><\/p>\n<p data-index=\"3\">\u201e<span>De\u015fi o \u0163ar\u0103 \u00eentreag\u0103 a constatat c\u0103 <\/span><span><strong>ministrul Teodorovici a votat \u00een cazul \u0218ova \u00eempotriva cererii DNA, pre\u015fedintele Iohannis n-a avut nimic de obiectat \u015fi a semnat decretul de numire a acestuia \u00een func\u0163ia de ministru al Finan\u0163elor Publice.<\/strong><\/span><\/p>\n<p data-index=\"4\">Eugen Teodorovici, senator, a avut prilejul s\u0103 constate din dosar acuza\u0163iile DNA \u00een cazul \u0218ova, de falsificarea unor documente, de distrugerea altor probe. Acesta a \u015fi fost temeiul juridic al solicit\u0103rilor DNA.<\/p>\n<p data-index=\"5\">Teodorovici, al\u0103turi de Ponta \u015fi Iohannis, au devenit exponen\u0163ii opozi\u0163iei fa\u0163\u0103 de o justi\u0163ie independent\u0103, fa\u0163\u0103 de ac\u0163iunile DNA de cur\u0103\u0163are a Rom\u00e2niei de corup\u0163i.<\/p>\n<p data-index=\"6\">Mai mult, cei trei sunt complici, al\u0103turi de C\u0103lin Popescu T\u0103riceanu,\u00a0 la \u00eenc\u0103lcarea art. 76 (2) din Constitu\u0163ie, care prevede c\u0103 \u201elegile ordinare \u015fi hot\u0103r\u00e2rile se adopt\u0103 cu votul majorit\u0103\u0163ii membrilor prezen\u0163i din fiecare Camer\u0103.\u201d<\/p>\n<p data-index=\"7\">Prin asocierea Pre\u015fedintelui Iohannis la aceast\u0103 opozi\u0163ie, Rom\u00e2nia are enorm de pierdut \u00een planul parteneriatului euroatlantic, ambasadele str\u0103ine \u015fi oficiali str\u0103ini avertiz\u00e2nd \u00een repetate r\u00e2nduri Rom\u00e2nia c\u0103 va pierde credibilitate \u015fi oportunit\u0103\u0163i de investi\u0163ii, situa\u0163ie cu efect asupra nivelului de trai al fiec\u0103rui rom\u00e2n.<\/p>\n<p data-index=\"8\">Pre\u015fedintele Iohannis, \u00a0conform art 80 din Constitu\u0163ie\u00a0(2)\u00a0\u201ePre\u015fedintele Rom\u00e2niei vegheaz\u0103 la respectarea Constitu\u0163iei \u015fi la bun\u0103 func\u0163ionare a autorit\u0103\u0163ilor publice. \u00cen acest scop, Pre\u015fedintele exercit\u0103 func\u0163ia de mediere \u00eentre puterile statului, precum \u015fi \u00eentre stat \u015fi societate\u201d, este obligat s\u0103 vegheze la buna func\u0163ionare a Guvernului \u015fi Senatului.<\/p>\n<p data-index=\"9\">\u00cen ciuda acestor prevederi, Pre\u015fedintele\u00a0 Rom\u00e2niei\u00a0 se complace s\u0103 asiste nep\u0103s\u0103tor la \u00eenc\u0103lcarea Constitu\u0163iei, la obstruc\u0163ionarea justi\u0163iei \u015fi s\u0103 \u201epremieze\u201d premierul \u015fi ministrul care o \u00eencalc\u0103.<\/p>\n<p data-index=\"10\">Din aceste motive, pre\u015fedintele Klaus Iohannis dezam\u0103ge\u0219te tot mai mul\u021bi rom\u00e2ni care au investit \u00eencredere \u00een domnia sa la ultimele alegeri<span>\u201d, se arat\u0103 \u00een comunicatul de pres\u0103 al PMP.<\/span><\/p>\n<\/div>\n<p> Source URL: https:\/\/www.digi24.ro\/stiri\/actualitate\/politica\/pmp-presedintele-iohannis-complice-la-obstructionarea-justitiei-598716<\/p>\n","protected":false},"excerpt":{"rendered":"<p>Foto: presidency.ro \u201eDe\u015fi o \u0163ar\u0103 \u00eentreag\u0103 a constatat c\u0103 ministrul Teodorovici a votat \u00een cazul \u0218ova \u00eempotriva cererii DNA, pre\u015fedintele Iohannis n-a avut nimic de obiectat \u015fi a semnat decretul de numire a acestuia \u00een func\u0163ia de ministru al Finan\u0163elor Publice. Eugen Teodorovici, senator, a avut prilejul s\u0103 constate din dosar acuza\u0163iile DNA \u00een cazul [&hellip;]<\/p>\n","protected":false},"author":1,"featured_media":184069,"comment_status":"open","ping_status":"","sticky":false,"template":"","format":"standard","meta":{"footnotes":""},"categories":[2],"tags":[11],"class_list":["post-184068","post","type-post","status-publish","format-standard","has-post-thumbnail","hentry","category-politics","tag-digi24"],"_links":{"self":[{"href":"https:\/\/analyse.optim.biz\/index.php?rest_route=\/wp\/v2\/posts\/184068","targetHints":{"allow":["GET"]}}],"collection":[{"href":"https:\/\/analyse.optim.biz\/index.php?rest_route=\/wp\/v2\/posts"}],"about":[{"href":"https:\/\/analyse.optim.biz\/index.php?rest_route=\/wp\/v2\/types\/post"}],"author":[{"embeddable":true,"href":"https:\/\/analyse.optim.biz\/index.php?rest_route=\/wp\/v2\/users\/1"}],"replies":[{"embeddable":true,"href":"https:\/\/analyse.optim.biz\/index.php?rest_route=%2Fwp%2Fv2%2Fcomments&post=184068"}],"version-history":[{"count":0,"href":"https:\/\/analyse.optim.biz\/index.php?rest_route=\/wp\/v2\/posts\/184068\/revisions"}],"wp:featuredmedia":[{"embeddable":true,"href":"https:\/\/analyse.optim.biz\/index.php?rest_route=\/wp\/v2\/media\/184069"}],"wp:attachment":[{"href":"https:\/\/analyse.optim.biz\/index.php?rest_route=%2Fwp%2Fv2%2Fmedia&parent=184068"}],"wp:term":[{"taxonomy":"category","embeddable":true,"href":"https:\/\/analyse.optim.biz\/index.php?rest_route=%2Fwp%2Fv2%2Fcategories&post=184068"},{"taxonomy":"post_tag","embeddable":true,"href":"https:\/\/analyse.optim.biz\/index.php?rest_route=%2Fwp%2Fv2%2Ftags&post=184068"}],"curies":[{"name":"wp","href":"https:\/\/api.w.org\/{rel}","templated":true}]}}