{"id":1840582,"date":"2026-03-21T13:42:41","date_gmt":"2026-03-21T10:42:41","guid":{"rendered":"https:\/\/analyse.optim.biz\/?p=1840582"},"modified":"2026-03-21T13:42:41","modified_gmt":"2026-03-21T10:42:41","slug":"ioan-mateo-matescu-va-conduce-destinele-fotbalului-timisean","status":"publish","type":"post","link":"https:\/\/analyse.optim.biz\/?p=1840582","title":{"rendered":"Ioan \u201eMateo\u201d Matescu va conduce destinele fotbalului timi\u0219ean"},"content":{"rendered":"<p>[analyse_image type=&#8221;featured&#8221; src=&#8221;https:\/\/gazetadinvest.ro\/wp-content\/uploads\/2026\/03\/ajf1.jpg&#8221;]<\/p>\n<div class=\"td-post-content tagdiv-type\">\n<div class=\"td-post-featured-image\"><a href=\"https:\/\/gazetadinvest.ro\/wp-content\/uploads\/2026\/03\/ajf1.jpg\" data-caption><img loading=\"lazy\" decoding=\"async\" width=\"696\" height=\"522\" class=\"entry-thumb td-modal-image\" src=\"https:\/\/gazetadinvest.ro\/wp-content\/uploads\/2026\/03\/ajf1-696x522.jpg\" alt title=\"ajf1\"><\/a><\/div>\n<p><strong>Asocia\u021bia Jude\u021bean\u0103 de fotbal are un nou pre\u0219edinte. Unic, candidat, \u201eMateo\u201d a demonstrat c\u0103 numele s\u0103u inspir\u0103 credibilitate \u0219i a primit girul cluburilor din jude\u021bul Timi\u0219.<\/strong><\/p>\n<p>S\u00e2mb\u0103t\u0103 la CJT au avut loc alegerile, iar aproape 120 de delega\u021bi ai cluburilor din Timi\u0219 au spus prezent la \u00eentrunire.<\/p>\n<p><em>\u201eAm candidat din respect pentru fotbalul timi\u0219ean, pentru oamenii care \u00eel \u021bin viu zi de zi \u0219i pentru cluburile care merit\u0103 un partener corect, deschis \u0219i profesionist. Cred \u00eentr-o Asocia\u021bie modern\u0103 \u0219i transparent\u0103, \u00een care fiecare club s\u0103 simt\u0103 c\u0103 este ascultat \u0219i sprijinit. Fotbalul jude\u021bean are nevoie de stabilitate, reguli clare, sus\u021binere real\u0103 pentru copii \u0219i juniori, dar \u0219i de un dialog onest \u00eentre toate p\u0103r\u021bile implicate. Nu vin cu sloganuri mari. Vin cu dorin\u021ba sincer\u0103 de a construi un sistem mai bun, mai eficient, mai aproape de nevoile reale ale fotbalului timi\u0219ean\u201d,<\/em> spune Ioan Mateescu, om cu referin\u021be puternice \u00een sportul timi\u0219ean, dar \u0219i \u00een alte domenii \u00een care a activat cu succes.<\/p>\n<p>Miza a fost la alegeri pe posturile de vicepre\u0219edin\u021bi, acolo unde Alin Ignea, Romeo Malac \u0219i Ciprian Tranc\u0103, din echipa Mateescu, i-au dep\u0103\u0219it categoric pe Nicu\u0219or Tanasoglu, Pavel Velcot\u0103 \u0219i Traian Dejeu. Mai intr\u0103 \u00een echip\u0103, de fapt r\u0103m\u00e2ne Ionel Poclid, secrertar AJF, \u00een timp ce Raul Ghiciulescu se va ocupa d epartea d earbitraj.<\/p>\n<p>\u201e<em>Al\u0103turi de echipa \u00een care cred: Romeo Malac, Ciprian Tranc\u0103, Alin Ignea, Ionel Poclid \u0219i Raul Ghiciulescu. Ne dorim un mod de lucru mai clar, mai organizat \u0219i mai apropiat de cluburi, cu respect pentru fiecare dintre ele\u201d<\/em>, Ioan Mateescui, noul \u0219ef AJF.<\/p>\n<p><img loading=\"lazy\" decoding=\"async\" class=\"alignnone size-medium wp-image-83360\" src=\"https:\/\/gazetadinvest.ro\/wp-content\/uploads\/2026\/03\/ajf-667x500.jpg\" alt width=\"667\" height=\"500\"><\/p>\n<\/div>\n<div class=\"td-post-content tagdiv-type\">\n<div class=\"td-post-featured-image\"><a href=\"https:\/\/gazetadinvest.ro\/wp-content\/uploads\/2026\/03\/ajf1.jpg\" data-caption><img loading=\"lazy\" decoding=\"async\" width=\"696\" height=\"522\" class=\"entry-thumb td-modal-image\" src=\"https:\/\/gazetadinvest.ro\/wp-content\/uploads\/2026\/03\/ajf1-696x522.jpg\" alt title=\"ajf1\"><\/a><\/div>\n<p><strong>Asocia\u021bia Jude\u021bean\u0103 de fotbal are un nou pre\u0219edinte. Unic, candidat, \u201eMateo\u201d a demonstrat c\u0103 numele s\u0103u inspir\u0103 credibilitate \u0219i a primit girul cluburilor din jude\u021bul Timi\u0219.<\/strong><\/p>\n<p>S\u00e2mb\u0103t\u0103 la CJT au avut loc alegerile, iar aproape 120 de delega\u021bi ai cluburilor din Timi\u0219 au spus prezent la \u00eentrunire.<\/p>\n<p><em>\u201eAm candidat din respect pentru fotbalul timi\u0219ean, pentru oamenii care \u00eel \u021bin viu zi de zi \u0219i pentru cluburile care merit\u0103 un partener corect, deschis \u0219i profesionist. Cred \u00eentr-o Asocia\u021bie modern\u0103 \u0219i transparent\u0103, \u00een care fiecare club s\u0103 simt\u0103 c\u0103 este ascultat \u0219i sprijinit. Fotbalul jude\u021bean are nevoie de stabilitate, reguli clare, sus\u021binere real\u0103 pentru copii \u0219i juniori, dar \u0219i de un dialog onest \u00eentre toate p\u0103r\u021bile implicate. Nu vin cu sloganuri mari. Vin cu dorin\u021ba sincer\u0103 de a construi un sistem mai bun, mai eficient, mai aproape de nevoile reale ale fotbalului timi\u0219ean\u201d,<\/em> spune Ioan Mateescu, om cu referin\u021be puternice \u00een sportul timi\u0219ean, dar \u0219i \u00een alte domenii \u00een care a activat cu succes.<\/p>\n<p>Miza a fost la alegeri pe posturile de vicepre\u0219edin\u021bi, acolo unde Alin Ignea, Romeo Malac \u0219i Ciprian Tranc\u0103, din echipa Mateescu, i-au dep\u0103\u0219it categoric pe Nicu\u0219or Tanasoglu, Pavel Velcot\u0103 \u0219i Traian Dejeu. Mai intr\u0103 \u00een echip\u0103, de fapt r\u0103m\u00e2ne Ionel Poclid, secrertar AJF, \u00een timp ce Raul Ghiciulescu se va ocupa d epartea d earbitraj.<\/p>\n<p>\u201e<em>Al\u0103turi de echipa \u00een care cred: Romeo Malac, Ciprian Tranc\u0103, Alin Ignea, Ionel Poclid \u0219i Raul Ghiciulescu. Ne dorim un mod de lucru mai clar, mai organizat \u0219i mai apropiat de cluburi, cu respect pentru fiecare dintre ele\u201d<\/em>, Ioan Mateescui, noul \u0219ef AJF.<\/p>\n<p><img loading=\"lazy\" decoding=\"async\" class=\"alignnone size-medium wp-image-83360\" src=\"https:\/\/gazetadinvest.ro\/wp-content\/uploads\/2026\/03\/ajf-667x500.jpg\" alt width=\"667\" height=\"500\"><\/p>\n<\/div>\n<p>[analyse_source url=&#8221;https:\/\/gazetadinvest.ro\/ioan-mateo-matescu-va-conduce-destinele-fotbalului-timisean\/&#8221;]<\/p>\n","protected":false},"excerpt":{"rendered":"<p>[analyse_image type=&#8221;featured&#8221; src=&#8221;https:\/\/gazetadinvest.ro\/wp-content\/uploads\/2026\/03\/ajf1.jpg&#8221;] Asocia\u021bia Jude\u021bean\u0103 de fotbal are un nou pre\u0219edinte. Unic, candidat, \u201eMateo\u201d a demonstrat c\u0103 numele s\u0103u inspir\u0103 credibilitate \u0219i a primit girul cluburilor din jude\u021bul Timi\u0219. S\u00e2mb\u0103t\u0103 la CJT au avut loc alegerile, iar aproape 120 de delega\u021bi ai cluburilor din Timi\u0219 au spus prezent la \u00eentrunire. \u201eAm candidat din respect pentru [&hellip;]<\/p>\n","protected":false},"author":1,"featured_media":0,"comment_status":"open","ping_status":"","sticky":false,"template":"","format":"standard","meta":{"footnotes":""},"categories":[89],"tags":[226,203],"class_list":["post-1840582","post","type-post","status-publish","format-standard","hentry","category-romania","tag-crawlmanager","tag-gazetadinvest-ro"],"_links":{"self":[{"href":"https:\/\/analyse.optim.biz\/index.php?rest_route=\/wp\/v2\/posts\/1840582","targetHints":{"allow":["GET"]}}],"collection":[{"href":"https:\/\/analyse.optim.biz\/index.php?rest_route=\/wp\/v2\/posts"}],"about":[{"href":"https:\/\/analyse.optim.biz\/index.php?rest_route=\/wp\/v2\/types\/post"}],"author":[{"embeddable":true,"href":"https:\/\/analyse.optim.biz\/index.php?rest_route=\/wp\/v2\/users\/1"}],"replies":[{"embeddable":true,"href":"https:\/\/analyse.optim.biz\/index.php?rest_route=%2Fwp%2Fv2%2Fcomments&post=1840582"}],"version-history":[{"count":0,"href":"https:\/\/analyse.optim.biz\/index.php?rest_route=\/wp\/v2\/posts\/1840582\/revisions"}],"wp:attachment":[{"href":"https:\/\/analyse.optim.biz\/index.php?rest_route=%2Fwp%2Fv2%2Fmedia&parent=1840582"}],"wp:term":[{"taxonomy":"category","embeddable":true,"href":"https:\/\/analyse.optim.biz\/index.php?rest_route=%2Fwp%2Fv2%2Fcategories&post=1840582"},{"taxonomy":"post_tag","embeddable":true,"href":"https:\/\/analyse.optim.biz\/index.php?rest_route=%2Fwp%2Fv2%2Ftags&post=1840582"}],"curies":[{"name":"wp","href":"https:\/\/api.w.org\/{rel}","templated":true}]}}