{"id":184045,"date":"2015-03-30T13:50:11","date_gmt":"2015-03-30T10:50:11","guid":{"rendered":"https:\/\/analyse.optim.biz\/?p=184045"},"modified":"2015-03-30T13:50:11","modified_gmt":"2015-03-30T10:50:11","slug":"victor-ponta-premierul-nu-stiu","status":"publish","type":"post","link":"https:\/\/analyse.optim.biz\/?p=184045","title":{"rendered":"Victor Ponta, premierul \u201eNu \u015etiu\u201d"},"content":{"rendered":"<div class=\"entry data-app-meta data-app-meta-article\" data-embed-base-url-canonical=\"https:\/\/www.digi24.ro\/embed\/stiri\/actualitate\/politica\/victor-ponta-premierul-nu-stiu-598761\">\n<p data-index=\"1\"><img decoding=\"async\" src=\"https:\/\/analyse.optim.biz\/wp-content\/uploads\/2024\/09\/odawjmhhc2g9ngrhmjm3zdc4mmm3ymnlyzlhy2zhyzmwnjbmmzdmnwm-thumb_.jpg\" data-skip-htmlfix=\"1\" title=\"odawjmhhc2g9ngrhmjm3zdc4mmm3ymnlyzlhy2zhyzmwnjbmmzdmnwm-thumb_\"><\/p>\n<p data-index=\"2\"><strong>Actualizare 15:30.<\/strong> Victor Ponta a reac\u021bionat pe contul de Facebook la criticile aduse \u00een spa\u021biul public la adresa sa.<\/p>\n<div class=\"fb-post\">\n<div class=\"fb-xfbml-parse-ignore\">\n<blockquote cite=\"https:\/\/www.facebook.com\/victor.ponta\/posts\/932369186802969\">\n<p data-index=\"4\">Doresc s\u0103 l\u0103muresc situa\u021bia foarte clar \u0219i s\u0103 explic refuzul meu de azi de a r\u0103spunde la \u00eentrebarea unui anume jurnalist&#8230;<\/p>\n<p>Posted by <a href=\"https:\/\/www.facebook.com\/victor.ponta\" data-skip-linkfix=\"1\">Victor Ponta<\/a> on <a href=\"https:\/\/www.facebook.com\/victor.ponta\/posts\/932369186802969\" data-skip-linkfix=\"1\">Monday, March 30, 2015<\/a><\/p><\/blockquote>\n<\/div>\n<\/div>\n<hr>\n<p data-index=\"5\">\u00a0\u00a0<\/p>\n<p data-index=\"6\">\u00centrebat despre posibile modific\u0103ri la Codul de procedur\u0103 penal\u0103, <strong>Victor Ponta<\/strong> a r\u0103spuns: \u201e<em>Nu cunosc aceste lucruri<\/em>\u201d.<\/p>\n<p data-index=\"7\">Jurnalistul a insistat, \u00eentreb\u00e2ndu-l pe premier<strong> de ce nu ar mai putea fi \u00eenc\u0103tu\u015fat\u0103 sau adus\u0103 cu mandat o persoan\u0103 acuzat\u0103 de corup\u0163ie, <\/strong>iar <strong>Victor Ponta<\/strong> a r\u0103spuns, vizibil deranjat<strong>: \u201e<em>Nu cunosc ceea ce m\u0103 \u00eentreba\u0163i. O s\u0103 facem o dezbatere, eu cu dumneavoastr\u0103<\/em>\u201d.<\/strong><\/p>\n<p data-index=\"8\">\u201e<em>Nu cunoa\u015fte\u0163i faptul c\u0103 senatori PSD vor s\u0103 modifice Codul de procedur\u0103 penal\u0103?\u201d, <\/em>l-a \u00eentrebat unul dintre jurnali\u015fti pe premier<em>. \u201eNu cunosc proiectul de care m\u0103 \u00eentreba\u0163i \u015fi, dac\u0103 vre\u0163i s\u0103 monopoliza\u0163i \u00eent\u00e2lnirea, eu v\u0103 mul\u0163umesc<\/em>\u201d, a r\u0103spuns <strong>Victor Ponta<\/strong>.<\/p>\n<p data-index=\"9\">Jurnalistul a insistat s\u0103 afle dac\u0103 pre\u015fedintele PSD are sau nu cuno\u015ftin\u0163\u0103 despre faptul c\u0103 senatori social-democra\u0163i au \u00een inten\u0163ie modificarea Codului de procedur\u0103 penal\u0103<strong>. \u201e<em>Dumneavoastr\u0103 de unde ave\u0163i aceast\u0103 informa\u0163ie? Nu cunosc. C\u00e2nd o s\u0103 le cunosc, o s\u0103 comentez<\/em>\u201d, <\/strong>a afirmat<strong> Victor Ponta.<\/strong><\/p>\n<p data-index=\"10\"><strong><br \/><\/strong><\/p>\n<p data-index=\"11\"><strong>C\u00e2t despre votul din Senat \u00een cazul lui Dan \u015eova, premierul a refuzat s\u0103 se pronun\u0163e. \u201e<em>Nici nu m\u0103 voi pronun\u0163a, c\u0103 nu sunt senator<\/em>\u201d, a spus acesta.<\/strong><\/p>\n<p data-index=\"12\">\u201e<em>Cred c\u0103 dezbaterea politic\u0103 pe aceast\u0103 tem\u0103 s-a dep\u0103rtat total de cea juridic\u0103 \u015fi cred c\u0103, din punctul \u0103sta de vedere, eu am obliga\u0163ia s\u0103 asigur guvernarea \u0163\u0103rii. Partea de scandal e asigurat\u0103 de doamna Gorghiu (Alina Gorghiu, pre\u015fedintele PNL, n.r.) \u015fi compania<\/em>\u201d, a afirmat\u00a0<strong>Victor Ponta<\/strong>.<\/p>\n<p data-index=\"13\">Pre\u015fedintele PSD a fost \u00eentrebat \u015fi dac\u0103 senatorii care au votat \u00eempotriva \u00eencuviin\u0163\u0103rii re\u0163inerii \u015fi arest\u0103rii lui Dan \u015eova vor fi sanc\u0163iona\u0163i \u201epe linie de partid\u201d, av\u00e2nd \u00een vedere c\u0103 exist\u0103 o decizie a Biroului Permanent Na\u0163ional al PSD, din februarie 2015,\u00a0care spune c\u0103 toate cererile procurorilor trebuie aprobate. \u201e<em>Nu doresc s\u0103 v\u0103 comentez acest lucru<\/em>\u201d, a spus <strong>V. Ponta<\/strong>.<\/p>\n<p data-index=\"14\"><em>\u201eCe nu dori\u0163i s\u0103 comenta\u0163i? Faptul c\u0103 \u00eei sanc\u0163iona\u0163i sau nu pe colegii de partid?<\/em><span lang=\"en-US\">\u201d, <\/span>a continuat jurnalistul. \u201e<strong><em>P\u00e2n\u0103 nu \u00een\u0163eleg \u00eentrebarea, nu doresc s\u0103 v\u0103 comentez<\/em><\/strong>\u201d, a \u00eencheiat premierul. \u00a0\u00a0<\/p>\n<hr>\n<p data-index=\"15\"><a href=\"https:\/\/www.digi24.ro\/Stiri\/Digi24\/Actualitate\/Justitie\/Un+senator+PSD+vrea+sa+se+modifice+arestul+preventiv\" target=\"_blank\" data-skip-linkfix=\"1\" rel=\"noopener\">Senatorul PSD \u015eerban Nicolae a propus, la \u00eenceputul lunii ianuarie, un proiect ce prevede c\u0103 arestul preventiv se poate decide doar \u00een cazul infrac\u0163iunilor cu acte de violen\u0163\u0103<\/a>, care pun \u00een pericol via\u0163a, s\u0103n\u0103tatea, securitatea na\u0163ional\u0103, cu condi\u0163ia s\u0103 se probeze c\u0103, astfel, se va evita un pericol concret pentru ordinea public\u0103.<\/p>\n<p data-index=\"16\">\u015eerban Nicolae a depus, \u00een acest sens, o ini\u0163iativ\u0103 legislativ\u0103 de modificare a Codului de procedur\u0103 penal\u0103.<\/p>\n<p data-index=\"17\"><strong>Proiectul mai prevede c\u0103 inculpatul asupra c\u0103ruia s-a dispus una dintre aceste m\u0103suri preventive nu va fi \u00eenc\u0103tu\u015fat \u00een nicio \u00eemprejurare<\/strong>, cu excep\u0163ia celor cerceta\u0163i pentru infrac\u0163iuni comise prin acte de violen\u0163\u0103, a celor care s-au sustras urm\u0103ririi penale, precum \u015fi inculpa\u0163ilor care s-au opus m\u0103surii dispuse. \u00a0<\/p>\n<\/div>\n<p> Source URL: https:\/\/www.digi24.ro\/stiri\/actualitate\/politica\/victor-ponta-premierul-nu-stiu-598761<\/p>\n","protected":false},"excerpt":{"rendered":"<p>Actualizare 15:30. Victor Ponta a reac\u021bionat pe contul de Facebook la criticile aduse \u00een spa\u021biul public la adresa sa. Doresc s\u0103 l\u0103muresc situa\u021bia foarte clar \u0219i s\u0103 explic refuzul meu de azi de a r\u0103spunde la \u00eentrebarea unui anume jurnalist&#8230; Posted by Victor Ponta on Monday, March 30, 2015 \u00a0\u00a0 \u00centrebat despre posibile modific\u0103ri la [&hellip;]<\/p>\n","protected":false},"author":1,"featured_media":184046,"comment_status":"open","ping_status":"","sticky":false,"template":"","format":"standard","meta":{"footnotes":""},"categories":[2],"tags":[11],"class_list":["post-184045","post","type-post","status-publish","format-standard","has-post-thumbnail","hentry","category-politics","tag-digi24"],"_links":{"self":[{"href":"https:\/\/analyse.optim.biz\/index.php?rest_route=\/wp\/v2\/posts\/184045","targetHints":{"allow":["GET"]}}],"collection":[{"href":"https:\/\/analyse.optim.biz\/index.php?rest_route=\/wp\/v2\/posts"}],"about":[{"href":"https:\/\/analyse.optim.biz\/index.php?rest_route=\/wp\/v2\/types\/post"}],"author":[{"embeddable":true,"href":"https:\/\/analyse.optim.biz\/index.php?rest_route=\/wp\/v2\/users\/1"}],"replies":[{"embeddable":true,"href":"https:\/\/analyse.optim.biz\/index.php?rest_route=%2Fwp%2Fv2%2Fcomments&post=184045"}],"version-history":[{"count":0,"href":"https:\/\/analyse.optim.biz\/index.php?rest_route=\/wp\/v2\/posts\/184045\/revisions"}],"wp:featuredmedia":[{"embeddable":true,"href":"https:\/\/analyse.optim.biz\/index.php?rest_route=\/wp\/v2\/media\/184046"}],"wp:attachment":[{"href":"https:\/\/analyse.optim.biz\/index.php?rest_route=%2Fwp%2Fv2%2Fmedia&parent=184045"}],"wp:term":[{"taxonomy":"category","embeddable":true,"href":"https:\/\/analyse.optim.biz\/index.php?rest_route=%2Fwp%2Fv2%2Fcategories&post=184045"},{"taxonomy":"post_tag","embeddable":true,"href":"https:\/\/analyse.optim.biz\/index.php?rest_route=%2Fwp%2Fv2%2Ftags&post=184045"}],"curies":[{"name":"wp","href":"https:\/\/api.w.org\/{rel}","templated":true}]}}