{"id":184042,"date":"2015-03-30T16:16:52","date_gmt":"2015-03-30T13:16:52","guid":{"rendered":"https:\/\/analyse.optim.biz\/?p=184042"},"modified":"2015-03-30T16:16:52","modified_gmt":"2015-03-30T13:16:52","slug":"senatorul-psd-gabriela-firea-reclama-ca-biroul-din-senat-i-a-fost-spart","status":"publish","type":"post","link":"https:\/\/analyse.optim.biz\/?p=184042","title":{"rendered":"Senatorul PSD Gabriela Firea reclam\u0103 c\u0103 biroul din Senat i-a fost spart"},"content":{"rendered":"<div class=\"entry data-app-meta data-app-meta-article\" data-embed-base-url-canonical=\"https:\/\/www.digi24.ro\/embed\/stiri\/actualitate\/politica\/senatorul-psd-gabriela-firea-reclama-ca-biroul-din-senat-i-a-fost-spart-598917\">\n<p data-index=\"1\"><img decoding=\"async\" src=\"https:\/\/analyse.optim.biz\/wp-content\/uploads\/2024\/09\/ztbmzwjjnwiwztfmm2e3ymi0ndkwnjbjzwi3owm3yw-thumb_.jpg\" data-skip-htmlfix=\"1\" title=\"ztbmzwjjnwiwztfmm2e3ymi0ndkwnjbjzwi3owm3yw-thumb_\"><\/p>\n<p data-index=\"2\"><span><em><strong>Foto: Facebook<\/strong><\/em><\/span><\/p>\n<p data-index=\"3\">\u201e<strong>O s\u0103 vedem dac\u0103 este un semnal sau doar un incident banal<\/strong>\u201d, a spus Firea, potrivit Mediafax. Ea a ad\u0103ugat c\u0103 din relat\u0103rile colegilor parlamentari rezult\u0103 c\u0103 nu a mai existat un astfel de incident \u00een Senat.<\/p>\n<\/div>\n<p> Source URL: https:\/\/www.digi24.ro\/stiri\/actualitate\/politica\/senatorul-psd-gabriela-firea-reclama-ca-biroul-din-senat-i-a-fost-spart-598917<\/p>\n","protected":false},"excerpt":{"rendered":"<p>Foto: Facebook \u201eO s\u0103 vedem dac\u0103 este un semnal sau doar un incident banal\u201d, a spus Firea, potrivit Mediafax. Ea a ad\u0103ugat c\u0103 din relat\u0103rile colegilor parlamentari rezult\u0103 c\u0103 nu a mai existat un astfel de incident \u00een Senat. Source URL: https:\/\/www.digi24.ro\/stiri\/actualitate\/politica\/senatorul-psd-gabriela-firea-reclama-ca-biroul-din-senat-i-a-fost-spart-598917<\/p>\n","protected":false},"author":1,"featured_media":184043,"comment_status":"open","ping_status":"","sticky":false,"template":"","format":"standard","meta":{"footnotes":""},"categories":[2],"tags":[11],"class_list":["post-184042","post","type-post","status-publish","format-standard","has-post-thumbnail","hentry","category-politics","tag-digi24"],"_links":{"self":[{"href":"https:\/\/analyse.optim.biz\/index.php?rest_route=\/wp\/v2\/posts\/184042","targetHints":{"allow":["GET"]}}],"collection":[{"href":"https:\/\/analyse.optim.biz\/index.php?rest_route=\/wp\/v2\/posts"}],"about":[{"href":"https:\/\/analyse.optim.biz\/index.php?rest_route=\/wp\/v2\/types\/post"}],"author":[{"embeddable":true,"href":"https:\/\/analyse.optim.biz\/index.php?rest_route=\/wp\/v2\/users\/1"}],"replies":[{"embeddable":true,"href":"https:\/\/analyse.optim.biz\/index.php?rest_route=%2Fwp%2Fv2%2Fcomments&post=184042"}],"version-history":[{"count":0,"href":"https:\/\/analyse.optim.biz\/index.php?rest_route=\/wp\/v2\/posts\/184042\/revisions"}],"wp:featuredmedia":[{"embeddable":true,"href":"https:\/\/analyse.optim.biz\/index.php?rest_route=\/wp\/v2\/media\/184043"}],"wp:attachment":[{"href":"https:\/\/analyse.optim.biz\/index.php?rest_route=%2Fwp%2Fv2%2Fmedia&parent=184042"}],"wp:term":[{"taxonomy":"category","embeddable":true,"href":"https:\/\/analyse.optim.biz\/index.php?rest_route=%2Fwp%2Fv2%2Fcategories&post=184042"},{"taxonomy":"post_tag","embeddable":true,"href":"https:\/\/analyse.optim.biz\/index.php?rest_route=%2Fwp%2Fv2%2Ftags&post=184042"}],"curies":[{"name":"wp","href":"https:\/\/api.w.org\/{rel}","templated":true}]}}