{"id":1840405,"date":"2026-03-22T18:09:21","date_gmt":"2026-03-22T15:09:21","guid":{"rendered":"https:\/\/analyse.optim.biz\/?p=1840405"},"modified":"2026-03-22T18:09:21","modified_gmt":"2026-03-22T15:09:21","slug":"mxgp-des-nouvelles-de-romain-febvre","status":"publish","type":"post","link":"https:\/\/analyse.optim.biz\/?p=1840405","title":{"rendered":"MXGP : Des nouvelles de Romain Febvre"},"content":{"rendered":"<div class=\"entry-content\">\n<p data-start=\"41\" data-end=\"387\"><strong>Le GP d\u2019Andalousie n\u2019a laiss\u00e9 aucun bon souvenir \u00e0 Romain Febvre. Sur ce 21e circuit espagnol \u00e0 accueillir le championnat du monde, le pilote officiel Kawasaki a lourdement chut\u00e9 en seconde manche. Pris en charge par le corps m\u00e9dical durant deux tours, il a \u00e9t\u00e9 contraint \u00e0 l\u2019abandon. Une premi\u00e8re apr\u00e8s 30 Grands Prix termin\u00e9s dans les points.<\/strong><\/p>\n<p data-start=\"389\" data-end=\"695\">La chute a \u00e9t\u00e9 aussi rapide que brutale. Alors sous la pression de Tim Gajser, Romain Febvre a violemment percut\u00e9 le sol. Dans l\u2019impact, son guidon est venu heurter son ventre. Sonn\u00e9 et incapable de reprendre son souffle, le Vosgien est rest\u00e9 de longues minutes \u00e0 terre avant de pouvoir quitter la piste. En bord de circuit, on l\u2019a vu se tenir le ventre, visiblement marqu\u00e9. Apr\u00e8s plusieurs examens, dont une \u00e9chographie abdominale, les premiers r\u00e9sultats se sont r\u00e9v\u00e9l\u00e9s rassurants. Aucune blessure n\u2019a \u00e9t\u00e9 diagnostiqu\u00e9e. Affaibli, Romain Febvre reste n\u00e9anmoins sous surveillance dans les heures \u00e0 venir. Plus de peur que de mal donc pour le double champion du monde qui d\u00e9sormais se reposer pour \u00eatre arriver en Suisse dans la meilleure forme possible. Dans l\u2019op\u00e9ration rappelons que Romain est redescendu \u00e0 la quatri\u00e8me place du classement provisoire \u00e0 d\u00e9sormais 27 points du nouveau leader Lucas Coenen.\u00a0<\/p>\n<\/p><\/div>\n","protected":false},"excerpt":{"rendered":"<p>Le GP d\u2019Andalousie n\u2019a laiss\u00e9 aucun bon souvenir \u00e0 Romain Febvre. Sur ce 21e circuit espagnol \u00e0 accueillir le championnat du monde, le pilote officiel Kawasaki a lourdement chut\u00e9 en seconde manche. Pris en charge par le corps m\u00e9dical durant deux tours, il a \u00e9t\u00e9 contraint \u00e0 l\u2019abandon. Une premi\u00e8re apr\u00e8s 30 Grands Prix termin\u00e9s [&hellip;]<\/p>\n","protected":false},"author":1,"featured_media":0,"comment_status":"open","ping_status":"","sticky":false,"template":"","format":"standard","meta":{"footnotes":""},"categories":[1],"tags":[226,240],"class_list":["post-1840405","post","type-post","status-publish","format-standard","hentry","category-uncategorized","tag-crawlmanager","tag-moto-station-com"],"_links":{"self":[{"href":"https:\/\/analyse.optim.biz\/index.php?rest_route=\/wp\/v2\/posts\/1840405","targetHints":{"allow":["GET"]}}],"collection":[{"href":"https:\/\/analyse.optim.biz\/index.php?rest_route=\/wp\/v2\/posts"}],"about":[{"href":"https:\/\/analyse.optim.biz\/index.php?rest_route=\/wp\/v2\/types\/post"}],"author":[{"embeddable":true,"href":"https:\/\/analyse.optim.biz\/index.php?rest_route=\/wp\/v2\/users\/1"}],"replies":[{"embeddable":true,"href":"https:\/\/analyse.optim.biz\/index.php?rest_route=%2Fwp%2Fv2%2Fcomments&post=1840405"}],"version-history":[{"count":0,"href":"https:\/\/analyse.optim.biz\/index.php?rest_route=\/wp\/v2\/posts\/1840405\/revisions"}],"wp:attachment":[{"href":"https:\/\/analyse.optim.biz\/index.php?rest_route=%2Fwp%2Fv2%2Fmedia&parent=1840405"}],"wp:term":[{"taxonomy":"category","embeddable":true,"href":"https:\/\/analyse.optim.biz\/index.php?rest_route=%2Fwp%2Fv2%2Fcategories&post=1840405"},{"taxonomy":"post_tag","embeddable":true,"href":"https:\/\/analyse.optim.biz\/index.php?rest_route=%2Fwp%2Fv2%2Ftags&post=1840405"}],"curies":[{"name":"wp","href":"https:\/\/api.w.org\/{rel}","templated":true}]}}