{"id":184039,"date":"2015-03-30T17:05:06","date_gmt":"2015-03-30T14:05:06","guid":{"rendered":"https:\/\/analyse.optim.biz\/?p=184039"},"modified":"2015-03-30T17:05:06","modified_gmt":"2015-03-30T14:05:06","slug":"victor-ponta-catre-jurnalisti-sa-aratati-un-bon-fiscal-daca-vreti-sa-va-raspund-la-intrebari","status":"publish","type":"post","link":"https:\/\/analyse.optim.biz\/?p=184039","title":{"rendered":"Victor Ponta, c\u0103tre jurnali\u0219ti: S\u0103 ar\u0103ta\u0163i un bon fiscal dac\u0103 vre\u0163i s\u0103 v\u0103 r\u0103spund la \u00eentreb\u0103ri!"},"content":{"rendered":"<div class=\"entry data-app-meta data-app-meta-article\" data-embed-base-url-canonical=\"https:\/\/www.digi24.ro\/embed\/stiri\/actualitate\/politica\/victor-ponta-catre-jurnalisti-sa-aratati-un-bon-fiscal-daca-vreti-sa-va-raspund-la-intrebari-598980\">\n<p data-index=\"1\">\u00a0<img decoding=\"async\" src=\"https:\/\/analyse.optim.biz\/wp-content\/uploads\/2024\/09\/mdamagfzad1hztnlntdmowzhodc5ztg3nznkyze3ztzmyjm3y2yzyq-thumb_.jpg\" data-skip-htmlfix=\"1\" title=\"mdamagfzad1hztnlntdmowzhodc5ztg3nznkyze3ztzmyjm3y2yzyq-thumb_\"><\/p>\n<p data-index=\"2\">\u201e<span><em><strong>S\u0103 ar\u0103ta\u0163i un bon fiscal dac\u0103 vre\u0163i s\u0103 v\u0103 r\u0103spund la \u00eentreb\u0103ri!<\/strong><\/em>\u201d,\u00a0a spus Victor Ponta, dup\u0103 care a reluat ideea c\u0103 el r\u0103spunde doar celor care \u00ee\u015fi pl\u0103tesc taxele \u015fi a intrat \u00een biroul pre\u015fedintelui Senatului.<\/span><\/p>\n<p data-index=\"3\">Luni, la pr\u00e2nz, la finalul \u015fedin\u0163ei Biroului Permanent Na\u0163ional al PSD, <a href=\"https:\/\/www.digi24.ro\/Stiri\/Digi24\/Actualitate\/Politica\/Victor+Ponta+premierul+Nu+Stiu\" data-skip-linkfix=\"1\">Victor Ponta nu a dorit s\u0103 comenteze votul senatorilor PSD \u00eempotriva arest\u0103rii lui \u015eova \u015fi nici s\u0103 spun\u0103 dac\u0103 ace\u015ftia vor fi sanc\u0163iona\u0163i<\/a>, sus\u0163in\u00e2nd c\u0103 nu \u00een\u0163elege \u00eentrebarea. Pre\u0219edintele PSD nu a dorit nici s\u0103 comenteze eventuale modific\u0103ri ale Codului Penal, pe motiv c\u0103 nu cunoa\u015fte proiectul.<\/p>\n<\/div>\n<p> Source URL: https:\/\/www.digi24.ro\/stiri\/actualitate\/politica\/victor-ponta-catre-jurnalisti-sa-aratati-un-bon-fiscal-daca-vreti-sa-va-raspund-la-intrebari-598980<\/p>\n","protected":false},"excerpt":{"rendered":"<p>\u00a0 \u201eS\u0103 ar\u0103ta\u0163i un bon fiscal dac\u0103 vre\u0163i s\u0103 v\u0103 r\u0103spund la \u00eentreb\u0103ri!\u201d,\u00a0a spus Victor Ponta, dup\u0103 care a reluat ideea c\u0103 el r\u0103spunde doar celor care \u00ee\u015fi pl\u0103tesc taxele \u015fi a intrat \u00een biroul pre\u015fedintelui Senatului. Luni, la pr\u00e2nz, la finalul \u015fedin\u0163ei Biroului Permanent Na\u0163ional al PSD, Victor Ponta nu a dorit s\u0103 comenteze [&hellip;]<\/p>\n","protected":false},"author":1,"featured_media":184040,"comment_status":"open","ping_status":"","sticky":false,"template":"","format":"standard","meta":{"footnotes":""},"categories":[2],"tags":[11],"class_list":["post-184039","post","type-post","status-publish","format-standard","has-post-thumbnail","hentry","category-politics","tag-digi24"],"_links":{"self":[{"href":"https:\/\/analyse.optim.biz\/index.php?rest_route=\/wp\/v2\/posts\/184039","targetHints":{"allow":["GET"]}}],"collection":[{"href":"https:\/\/analyse.optim.biz\/index.php?rest_route=\/wp\/v2\/posts"}],"about":[{"href":"https:\/\/analyse.optim.biz\/index.php?rest_route=\/wp\/v2\/types\/post"}],"author":[{"embeddable":true,"href":"https:\/\/analyse.optim.biz\/index.php?rest_route=\/wp\/v2\/users\/1"}],"replies":[{"embeddable":true,"href":"https:\/\/analyse.optim.biz\/index.php?rest_route=%2Fwp%2Fv2%2Fcomments&post=184039"}],"version-history":[{"count":0,"href":"https:\/\/analyse.optim.biz\/index.php?rest_route=\/wp\/v2\/posts\/184039\/revisions"}],"wp:featuredmedia":[{"embeddable":true,"href":"https:\/\/analyse.optim.biz\/index.php?rest_route=\/wp\/v2\/media\/184040"}],"wp:attachment":[{"href":"https:\/\/analyse.optim.biz\/index.php?rest_route=%2Fwp%2Fv2%2Fmedia&parent=184039"}],"wp:term":[{"taxonomy":"category","embeddable":true,"href":"https:\/\/analyse.optim.biz\/index.php?rest_route=%2Fwp%2Fv2%2Fcategories&post=184039"},{"taxonomy":"post_tag","embeddable":true,"href":"https:\/\/analyse.optim.biz\/index.php?rest_route=%2Fwp%2Fv2%2Ftags&post=184039"}],"curies":[{"name":"wp","href":"https:\/\/api.w.org\/{rel}","templated":true}]}}