{"id":184036,"date":"2015-03-30T17:34:29","date_gmt":"2015-03-30T14:34:29","guid":{"rendered":"https:\/\/analyse.optim.biz\/?p=184036"},"modified":"2015-03-30T17:34:29","modified_gmt":"2015-03-30T14:34:29","slug":"traian-basescu-pe-facebook-m-am-mutat-provizoriu-la-scrovistea","status":"publish","type":"post","link":"https:\/\/analyse.optim.biz\/?p=184036","title":{"rendered":"Traian B\u0103sescu, pe Facebook: \u201eM-am mutat provizoriu la Scrovi\u015ftea\u201d"},"content":{"rendered":"<div class=\"entry data-app-meta data-app-meta-article\" data-embed-base-url-canonical=\"https:\/\/www.digi24.ro\/embed\/stiri\/actualitate\/politica\/traian-basescu-pe-facebook-m-am-mutat-provizoriu-la-scrovistea-599007\">\n<p data-index=\"1\"><img decoding=\"async\" src=\"https:\/\/analyse.optim.biz\/wp-content\/uploads\/2024\/09\/odawjmhhc2g9ndqwmzrlmzq5ytg2oddlndhkndk0ntrkyji3ztgzzti-thumb_.jpg\" data-skip-htmlfix=\"1\" title=\"odawjmhhc2g9ndqwmzrlmzq5ytg2oddlndhkndk0ntrkyji3ztgzzti-thumb_\"><\/p>\n<p data-index=\"2\">Mesajul de pe pagina de Facebook a lui\u00a0Traian B\u0103sescu\u00a0este intitulat sugestiv \u201epentru cei care mor de grija altora&#8230;\u201d. Fostul \u015fef al statului precizeaz\u0103 c\u0103 \u201es-a mutat provizoriu la Scrovi\u015ftea, la cererea sa, \u00eentr-un spa\u0163iu de\u0163inut de RA-APPS care cuprinde un dormitor, o sufragerie, o baie, un birou \u015fi o buc\u0103t\u0103rie\u201d.<\/p>\n<p data-index=\"3\">\u201eTotal, maxim 120 mp conform solicit\u0103rii mele. Pentru a nu-mi \u00eenc\u0103rca inutil factura la \u00eentre\u0163inere. C\u00e2nd RA-APPS va termina repara\u0163iile \u00een Gogol 2, pentru care am semnat contract, voi reveni \u00een Bucure\u015fti\u201d, a men\u0163ionat Traian B\u0103sescu.<\/p>\n<div class=\"fb-post\">\n<div class=\"fb-xfbml-parse-ignore\">\n<blockquote cite=\"https:\/\/www.facebook.com\/PresedinteleTraianBasescu\/posts\/1023779560968928\">\n<p data-index=\"5\">Pentru cei care mor de grija altora&#8230;M-am mutat provizoriu la Scrovi\u015ftea, la cererea mea, \u00eentr-un spa\u0163iu de\u0163inut de&#8230;<\/p>\n<p>Posted by <a href=\"https:\/\/www.facebook.com\/PresedinteleTraianBasescu\" data-skip-linkfix=\"1\">Traian B\u0103sescu<\/a> on <a href=\"https:\/\/www.facebook.com\/PresedinteleTraianBasescu\/posts\/1023779560968928\" data-skip-linkfix=\"1\">Monday, March 30, 2015<\/a><\/p><\/blockquote>\n<\/div>\n<\/div>\n<p data-index=\"6\">Guvernul a aprobat, pe 4 februarie, hot\u0103r\u00e2rea prin care vila RA-APPS din cartierul Prim\u0103verii \u00een care a locuit p\u00e2n\u0103 \u00een acest an Mioara Roman, fosta so\u0163ie a lui\u00a0Petre Roman, \u00eei este atribuit\u0103 fostului pre\u015fedinte Traian B\u0103sescu spre utilizare ca re\u015fedin\u0163\u0103.<\/p>\n<\/div>\n<p> Source URL: https:\/\/www.digi24.ro\/stiri\/actualitate\/politica\/traian-basescu-pe-facebook-m-am-mutat-provizoriu-la-scrovistea-599007<\/p>\n","protected":false},"excerpt":{"rendered":"<p>Mesajul de pe pagina de Facebook a lui\u00a0Traian B\u0103sescu\u00a0este intitulat sugestiv \u201epentru cei care mor de grija altora&#8230;\u201d. Fostul \u015fef al statului precizeaz\u0103 c\u0103 \u201es-a mutat provizoriu la Scrovi\u015ftea, la cererea sa, \u00eentr-un spa\u0163iu de\u0163inut de RA-APPS care cuprinde un dormitor, o sufragerie, o baie, un birou \u015fi o buc\u0103t\u0103rie\u201d. \u201eTotal, maxim 120 mp conform [&hellip;]<\/p>\n","protected":false},"author":1,"featured_media":184037,"comment_status":"open","ping_status":"","sticky":false,"template":"","format":"standard","meta":{"footnotes":""},"categories":[2],"tags":[11],"class_list":["post-184036","post","type-post","status-publish","format-standard","has-post-thumbnail","hentry","category-politics","tag-digi24"],"_links":{"self":[{"href":"https:\/\/analyse.optim.biz\/index.php?rest_route=\/wp\/v2\/posts\/184036","targetHints":{"allow":["GET"]}}],"collection":[{"href":"https:\/\/analyse.optim.biz\/index.php?rest_route=\/wp\/v2\/posts"}],"about":[{"href":"https:\/\/analyse.optim.biz\/index.php?rest_route=\/wp\/v2\/types\/post"}],"author":[{"embeddable":true,"href":"https:\/\/analyse.optim.biz\/index.php?rest_route=\/wp\/v2\/users\/1"}],"replies":[{"embeddable":true,"href":"https:\/\/analyse.optim.biz\/index.php?rest_route=%2Fwp%2Fv2%2Fcomments&post=184036"}],"version-history":[{"count":0,"href":"https:\/\/analyse.optim.biz\/index.php?rest_route=\/wp\/v2\/posts\/184036\/revisions"}],"wp:featuredmedia":[{"embeddable":true,"href":"https:\/\/analyse.optim.biz\/index.php?rest_route=\/wp\/v2\/media\/184037"}],"wp:attachment":[{"href":"https:\/\/analyse.optim.biz\/index.php?rest_route=%2Fwp%2Fv2%2Fmedia&parent=184036"}],"wp:term":[{"taxonomy":"category","embeddable":true,"href":"https:\/\/analyse.optim.biz\/index.php?rest_route=%2Fwp%2Fv2%2Fcategories&post=184036"},{"taxonomy":"post_tag","embeddable":true,"href":"https:\/\/analyse.optim.biz\/index.php?rest_route=%2Fwp%2Fv2%2Ftags&post=184036"}],"curies":[{"name":"wp","href":"https:\/\/api.w.org\/{rel}","templated":true}]}}