{"id":1840129,"date":"2026-03-21T00:00:00","date_gmt":"2026-03-20T21:00:00","guid":{"rendered":"https:\/\/analyse.optim.biz\/?p=1840129"},"modified":"2026-03-21T00:00:00","modified_gmt":"2026-03-20T21:00:00","slug":"video-astazi-despre-maresalul-alexandru-averescu-una-dintre-cele-mai-importante-personalitati-romanesti-de-la-inceputul-secolului-xx-simbol-al-victoriei-de-la-marasti-eroul-care-a-scris-istoria-vran","status":"publish","type":"post","link":"https:\/\/analyse.optim.biz\/?p=1840129","title":{"rendered":"VIDEO Ast\u0103zi despre Mare\u0219alul Alexandru Averescu | Una dintre cele mai importante personalit\u0103\u0163i rom\u00e2ne\u015fti de la \u00eenceputul secolului XX simbol al victoriei de la M\u0103r\u0103\u0219ti Eroul care a scris istoria Vrancei \u00een Primul R\u0103zboi Mondial, oprind ofensiva german\u0103"},"content":{"rendered":"<p>[analyse_image type=&#8221;featured&#8221; src=&#8221;https:\/\/zdvi.cname.ro\/_\/astazi-despre-unul-dintre-marelsalii-romaniei-alexandru-averescu\/mediaPool\/uxEUoDG.PNG&#8221;]<\/p>\n<div class=\"main-content detaliu-articol\"><a class=\"titlu-cat-list\" href=\"https:\/\/ziaruldevrancea.ro\/timp-liber\">Timp Liber<\/a><\/p>\n<h1>VIDEO Ast\u0103zi despre Mare\u0219alul Alexandru Averescu | Una dintre cele mai importante personalit\u0103\u0163i rom\u00e2ne\u015fti de la \u00eenceputul secolului XX simbol al victoriei de la M\u0103r\u0103\u0219ti Eroul care a scris istoria Vrancei \u00een Primul R\u0103zboi Mondial, oprind ofensiva german\u0103<\/h1>\n<div class=\"date-articol clearfix\">\n<div class=\"distribuie-articol dropdown\">\n    Distribuie: \u00a0<br \/>\n    <em>|<\/em><\/div>\n<div class=\"autor-articol\"><a href=\"https:\/\/ziaruldevrancea.ro\/autor\/ziarul-de-vrancea\/\"><img decoding=\"async\" class=\"img-circle\" src=\"https:\/\/zdvi.cname.ro\/50_50\/articleAuthor\/ziarul-de-vrancea\/articleAuthor\/uMPfPxc.jpg\" alt><\/a><\/p>\n<h5><a href=\"https:\/\/ziaruldevrancea.ro\/autor\/ziarul-de-vrancea\/\">Ziarul de Vrancea<\/a><\/h5>\n<div class=\"grup-spatiere\"><span class=\"cu-spatiere\">21 mar 2026<\/span><span class=\"cu-spatiere\">2945 vizualiz\u0103ri<\/span><\/div>\n<\/div>\n<\/div>\n<div class=\"poza-mare\"><a href class=\"openGallery\"><img decoding=\"async\" class=\"img-responsive\" src=\"https:\/\/zdvi.cname.ro\/850_530\/astazi-despre-unul-dintre-marelsalii-romaniei-alexandru-averescu\/article\/mediaPool\/uxEUoDG.PNG\" alt><\/a><\/div>\n<p>Alexandru Averescu (n. 9\/21 martie 1859, Babele, Principatele Unite ale Moldovei \u0219i \u021a\u0103rii Rom\u00e2ne\u0219ti \u2013 d. 2 octombrie 1938, Bucure\u0219ti, Rom\u00e2nia) a fost mare\u0219al al Rom\u00e2niei, general de armat\u0103 \u0219i comandantul Armatei Rom\u00e2ne \u00een timpul Primului R\u0103zboi Mondial, fiind deseori creditat pentru pu\u021binele succese militare ale Rom\u00e2niei. A fost, de asemenea, cel de-al 24-lea prim-ministru al Rom\u00e2niei \u00een trei cabinete separate (fiind \u0219i ministru interimar al afacerilor externe \u00een perioada ianuarie-martie 1918). Averescu a fost autorul a 12 opere despre chestiuni militare (inclusiv un volum de memorii de pe prima linie a frontului), membru de onoare al Academiei Rom\u00e2ne din iunie 1923 \u0219i decorat cu Ordinul Mihai Viteazul.<\/p>\n<p>Alexandru Averescu a fost \u00eenmorm\u00e2ntat \u00een Mausoleul eroilor de la M\u0103r\u0103\u0219ti, acolo unde a primit bastonul de mare\u0219al, \u201eacolo unde zac osemintele celor pe care eu i-am trimis s\u0103 moar\u0103 pentru patrie\u201c. Esplanada mausoleului este dominat\u0103 de statuia ilustrului militar, amintind genera\u021biilor despre faptele sale mari<\/p>\n<p>\u00a0<\/p>\n<p>\u00a0<\/p>\n<div class=\"video-embed\"><iframe loading=\"lazy\" frameborder height=\"560\" scrolling=\"no\" src=\"https:\/\/www.youtube.com\/embed\/3AzTq2fZUFI\" width=\"100%\"><\/iframe><\/div>\n<p>Alexandru Averescu a fost o figur\u0103 atipic\u0103 pentru via\u021ba politic\u0103 a Rom\u00e2niei interbelice. S-a n\u0103scut \u00een satul Babele, l\u00e2ng\u0103 Ismail, (regiunea Odesa, azi \u00een Ucraina) \u00een Principatele Unite. Cariera sa militar\u0103 a avut o traiectorie constant ascendent\u0103. \u00cen 1881 a absolvit cursurile \u0218colii militare de la M\u0103n\u0103stirea Dealu (T\u00e2rgovi\u0219te) \u0219i a dob\u00e2ndit gradul de sublocotenent.\u02197\u021b<\/p>\n<p>A urmat apoi cursurile \u0218colii Superioare de R\u0103zboi din Torino, Italia, al c\u0103rei absolvent devine \u00een 1886, an \u00een care ob\u021bine \u0219i brevetul de ofi\u021ber de stat major. Dup\u0103 \u00eentoarcerea \u00een \u021bar\u0103 are o remarcabil\u0103 carier\u0103 militar\u0103. \u00cen 1892 este profesor la \u0218coala de ofi\u021beri de cavalerie \u0219i comandant al escadronului de elevi.<\/p>\n<p>Devine c\u0103pitan \u00een 1889 \u0219i maior \u00een 1894. \u00centre 1894\u20131896 a fost comandant al \u0218colii Superioare de R\u0103zboi (\u0218coala Superioar\u0103 de Resbel, dup\u0103 ortografia vremii), av\u00e2nd pe atunci gradul de maior.Ca profesor la \u0218coala Superioar\u0103 de R\u0103zboi a elaborat numeroase cursuri de tactic\u0103, strategie, organizare-mobilizare, geometrie militar\u0103.<\/p>\n<p>A fost apoi ata\u0219at militar al Rom\u00e2niei la Berlin (1896-1898) \u0219i \u0219ef al Marelui Cartier General (1911-1913). Func\u021bia de ata\u0219at militar la Berlin era una dintre cele mai importante pentru rela\u021biile militare ale Rom\u00e2niei, av\u00e2nd \u00een vedere tratatul secret de alian\u021b\u0103 cu Tripla Alian\u021b\u0103 din 1883 \u0219i faptul c\u0103 Germania era, la acea dat\u0103, principalul nostru furnizor de armament.<\/p>\n<p>Devine locotenent-colonel \u00een 1898 \u0219i se afl\u0103 pentru un an la comanda Regimentului 4 ro\u0219iori. \u00centre 1899 \u0219i 1904 este \u00een fruntea Sec\u021biei Organizare-Mobilizare din Marele Stat Major. \u00cen anul 1906 este avansat la gradul de general de brigad\u0103. La 13 martie 1907, Alexandru Averescu este numit \u00een func\u021bia de ministru de R\u0103zboi de proasp\u0103tul pre\u0219edinte al Consiliului de Mini\u0219tri, Dimitrie A. Sturdza. A participat la reprimarea mi\u0219c\u0103rilor \u021b\u0103r\u0103ne\u0219ti din 1907. La 1 aprilie 1912 devine general de divizie, iar \u00een 1913 a luat parte la Al Doilea R\u0103zboi Balcanic, conduc\u00e2nd ofensiva rom\u00e2n\u0103 pe teritoriul Bulgariei, p\u00e2n\u0103 la Sofia.<\/p>\n<p>Primul R\u0103zboi Mondial i-a adus glorie. Generalul de divizie Alexandru Averescu a \u00eendeplinit func\u021bia de comandant al Armatei a II-a (14 &#8211; 26 august 1916, 26 septembrie 1916 &#8211; 30 ianuarie 1918). S-a remarcat printr-un spirit ingenios \u0219i plin de ini\u021biativ\u0103, care l-a dus la conflicte cu Marele Cartier General, condus de generalul Prezan.<\/p>\n<p>A ini\u021biat cunoscuta manevr\u0103 de la Fl\u0103m\u00e2nda (18 septembrie\/1 octombrie 1916) care \u00eens\u0103 a fost o opera\u021bie ratat\u0103, deoarece trupele trecute la sud de Dun\u0103re au fost retrase f\u0103r\u0103 a se fi confruntat cu inamicul; a condus Armata a II-a \u00een b\u0103t\u0103liile de la M\u0103r\u0103\u0219ti \u0219i Oituz (1917).<\/p>\n<p>Un episod interesant din timpul r\u0103zboiului, cu implica\u021bii politice: ap\u0103ruse zvonul c\u0103 Averescu ar vrea s\u0103-l r\u0103stoarne pe rege \u0219i s\u0103 preia puterea, de aceea, jignit de ne\u00eencrederea suveranilor, generalul \u0219i-a dat demisia. Peste c\u00e2teva zile regina Maria \u00eel chema \u00een audien\u021b\u0103, declar\u00e2nd: &#8220;Ia-o \u00eenapoi! \u00cemi arde degetele.&#8221; Pentru activitatea din timpul Primului R\u0103zboi Mondial a primit drepturile, onorurile \u0219i avantajele materiale prev\u0103zute de legea promulgat\u0103 prin Decretul Regal nr. 1678\/1927, iar pe 14 iunie 1930 i s-a conferit demnitatea onorific\u0103 de mare\u0219al.<\/p>\n<p>Bastonul de mare\u0219al a lui Alexandru Averescu a intrat \u00een colec\u021bia Muzeului Militar Na\u021bional \u00een anul 1960, fiind confiscat de Ministerul Afacerilor Interne, care comunica muzeului c\u0103 trimite un baston de metal galben, \u00eembr\u0103cat \u00een plu\u0219 ro\u0219u \u0219i o cutie de carton ro\u0219ie ce au apar\u021binut fostului mare\u0219al Averescu, acesta fiind confiscat de la numitul Ion Iliescu (nu acela\u0219i cu demnitarul comunist \u0219i viitorul pre\u0219edinte al Rom\u00e2niei.<\/p>\n<p><strong>\u201d\u00cen toamna anului 1919, popularitatea lui Averescu ajunsese la apogeul ei. [\u2026] Printre \u0163\u0103rani, numele lui Averescu era pe toate buzele;\u00een el se cristalizau n\u0103dejdile, numai de la el se a\u015ftepta minunea unui trai lipsit de griji \u015fi de nevoi. Popularitatea lui era ceva mistic, ceva supranatural \u015fi fel de fel de legende \u00eencepuse s\u0103-\u015fi fac\u0103 drum \u00een jurul acestui nou Mesia al neamului rom\u00e2nesc\u201d<\/strong>(1). Acestea sunt cuvintele prin care Constantin Argetoianu descrie \u00een memoriile sale imaginea lui Alexandru Averescu \u00een anii ce au urmat Primului R\u0103zboi Mondial. Abiltiatea de care acesta a dat dovad\u0103 pe front, dar \u015fi victoriile ob\u0163inute de armata rom\u00e2n\u0103 sub conducerea sa la M\u0103r\u0103\u015fti \u015fi Oituz au creat un adev\u0103rat mit \u00een jurul persoanei generalului Averescu. Capitalul de popularitate s-a risipit \u00eens\u0103 foarte repede. A fost nevoie de trei mandate \u00een fruntea guvernului \u015fi de c\u00e2teva promisiuni nerealizate pentru ca imaginea generalului s\u0103 scad\u0103 exponen\u0163ial, fa\u0163\u0103 de momentul 1918.<\/p>\n<p>Constantin Argetoianu \u00eel considera pe Averescu o personalitate duplicitar\u0103, plin\u0103 de calit\u0103\u021bi, dar urm\u0103rind idealuri m\u0103runte. \u00cen \u201eMemoriile\u201d sale, controversatul politician \u00eei face mare\u0219alului un portret sugestiv \u0219i subiectiv: \u201eFiin\u021b\u0103 complex\u0103 mai mult \u00een aparen\u021b\u0103 dec\u00e2t \u00een realitate, Averescu n-a avut pe lume dec\u00e2t dou\u0103 patimi: femeile \u0219i galoanele. Nu femeia, ci femeile &#8211; nu ambi\u021bia marilor \u00eenf\u0103ptuiri, ci galoanele. Pentru satisfacerea acestor dou\u0103 patimi, \u00een serviciul c\u0103rora punea o inteligen\u021b\u0103, o \u0219iretenie \u0219i o for\u021b\u0103 de voin\u021b\u0103 incontestabile, era \u00een stare s\u0103 sacrifice orice, p\u00e2n\u0103 \u0219i convingerile pe care le avea \u0219i pentru a ajunge la \u021binta zilei s\u0103 apuce orice cale. Drumuri piezi\u0219e, poteci ascunse, cotituri nea\u0219teptate, nimic nu-l oprea.<\/p>\n<p>Omul cel mai popular \u00een \u021bara sa din Europa n-a avut nici un moment g\u00e2ndul s\u0103 cl\u0103deasc\u0103, n-a urm\u0103rit dec\u00e2t postul de prim-ministru! Toate planurile \u0219i programele pe care le debita erau numai parad\u0103, dup\u0103 cum s-a v\u0103zut dup\u0103 ce a fost chemat la Guvern. Galoanele! Galoanele \u0219i nimic mai mult. Le pierduse \u00een armat\u0103 prin nedib\u0103cie, \u0219i voia acum s\u0103 le rec\u00e2\u0219tige \u00een politic\u0103, prin toate felurile de dib\u0103cie! Averescu era \u00een stare s\u0103 primeasc\u0103 puterea oric\u00e2nd, de la oricine \u0219i oricum.\u201d<\/p>\n<p><strong>Via\u021ba politic\u0103<\/strong><\/p>\n<p>Din tran\u0219ee, generalul va intra \u00een via\u021ba politic\u0103. Prin unele conjucturi favorabile va fi \u00een mai multe r\u00e2nduri prim-ministru (ianuarie-martie 1918, 1920-1921, 1926-1927). Averescu a \u00eenfiin\u021bat \u00een 1918 \u0219i a condus Liga Poporului (din 1920 va deveni Partidul Poporului, la Congresul general al Ligii din 16 \u0219i 17 aprilie). Partidul era constituit ini\u021bial din conservatori, oameni politici din Basarabia, Bucovina \u0219i Transilvania, din generali \u0219i ofi\u021beri superiori \u0219i se baza pe prestigiul lui Averescu. La Congresul Ligii din 16-17 aprilie 1920, s-a f\u0103cut fuziunea cu gruparea lui Octavian Goga din Transilvania, cu Uniunea na\u021bional\u0103 a b\u0103n\u0103\u021benilor \u00een frunte cu A. Imbroane, cu gruparea lui Iancu Flondor din Bucovina \u0219i a lui Sergiu Ni\u021b\u0103 din Basarabia.<\/p>\n<p>Despre \u00eenceputurile vie\u021bii sale politice, acela\u0219i Constantin Argetoianu, care i-a fost cel mai apropiat colaborator \u00een acea perioad\u0103 spunea: \u201eP\u00e2n\u0103 la chemarea noastr\u0103 la Guvern, \u00een martie 1920, Averescu f\u0103cea pe Dalai Lama, citea autori perima\u021bi de economie politic\u0103. \u00ce\u0219i pierdea vremea cu fleacuri \u0219i cu fuste, primea pe to\u021bi intrigan\u021bii \u0219i asculta toate lichelele. Rezultatul era c\u00e2te un bile\u021bel prin care \u00eemi cerea m\u0103suri ce \u00eencurcau toate lucrurile. N-am cunoscut un spirit mai apolitic dec\u00e2t al lui \u0219i \u00een primele timpuri ale noii sale cariere c\u0103lca \u00een toate str\u0103chinile, dar absolut \u00een toate.\u201d<\/p>\n<p>Via\u021ba sa politic\u0103 nu a fost lipsit\u0103 de tensiuni. \u00cen primul r\u00e2nd, Alexandru Averescu a fost loial casei regale \u0219i s-a luptat s\u0103-\u0219i p\u0103streze popularitatea pe treptele cele mai \u00eenalte \u00een fa\u021ba declinului. A fost pre\u021buit de c\u0103tre regele Ferdinand. C\u00e2nd regele se afla pe patul de moarte l-a chemat pe Averescu la el ca s\u0103-i vorbeasc\u0103: \u201eAverescu, multe s-au spus \u00eentre noi; de mult \u00eens\u0103 n-am mai crezut nimic r\u0103u despre tine. \u00ce\u021bi fac aceast\u0103 m\u0103rturisire ca s\u0103 intru u\u0219urat \u00een groap\u0103\u201d. \u00cen anul 1930 generalii Constantin Prezan \u0219i Alexandru Averescu sunt ridica\u021bi la cel mai \u00eenalt rang: mare\u0219al al Rom\u00e2niei, din dispozi\u021bia regelui Carol al II-lea.<\/p>\n<p>Spre finele vie\u021bii sale, b\u0103tr\u00e2n \u0219i bolnav, se retrage din via\u021ba politic\u0103. Mare\u0219alul Averescu a murit \u00een urma unei crize cardiace, \u00een noaptea de 2\/3 octombrie 1938, \u00een locuin\u021ba sa din \u0218oseaua Kisseleff, din Bucure\u0219ti. Alexandru Averescu a fost \u00eenmorm\u00e2ntat \u00een Mausoleul eroilor de la M\u0103r\u0103\u0219ti, acolo unde a primit bastonul de mare\u0219al, \u201eacolo unde zac osemintele celor pe care eu i-am trimis s\u0103 moar\u0103 pentru patrie\u201c. Esplanada mausoleului este dominat\u0103 de statuia ilustrului militar, amintind genera\u021biilor despre faptele sale mari. A fost membru de onoare al Academiei Rom\u00e2ne.<\/p>\n<p>\u00a0<\/p>\n<p>De la Wikipedia, enciclopedia liber\u0103<\/p>\n<p>\u00a0<\/p>\n<p>Citi\u021bi \u0219i:<\/p>\n<p><a href=\"https:\/\/www.ziaruldevrancea.ro\/special\/educatie\/epopeea-militara-romaneasca-1916-1918-generalul-alexandru-averescu-si-vrancea-eroica-in-primul-razboi-mondial\">Ast\u0103zi despre: Generalul Alexandru Averescu \u0219i Epopeea militar\u0103 rom\u00e2neasc\u0103 1916-1918. Vrancea eroic\u0103 \u00een Primul R\u0103zboi Mondial<\/a><\/p>\n<p>\u00a0<\/p>\n<p>\u00a0<\/p>\n<p>\u00a0<\/p>\n<p>\u00a0<\/p>\n<p>\u00a0<\/p>\n<p>\u00a0<\/p>\n<p>\u00a0<\/p>\n<p>\u00a0<\/p>\n<hr>\n<div class=\"bloc-widget widget-rosu\">\n<p>\u00cen lipsa unui acord scris din partea Ziarului de Vrancea, pute\u0163i prelua maxim 500 de caractere din acest articol dac\u0103 preciza\u0163i sursa \u015fi insera\u0163i vizibil link-ul articolului:\u00a0<span>#insertcurrentlinkhere<\/span><\/p>\n<\/div>\n<div class=\"extra-articol listing-anunturi\">\n<h6>Anun\u021buri <span class=\"text-primary\">ZdV<\/span> Premium<\/h6>\n<div class=\"row\">\n<div class=\"col-lg-4 col-md-6 bloc-egal\"><a class=\"card-anunt\" href=\"https:\/\/ziaruldevrancea.ro\/anunturi\/necrolog\/decese\/s-a-stins-din-viata-prof.-ioana-grAjdeanu\"><strong class=\"titlu\">Decese<\/strong><span class=\"text-anunt\">&#8221;Adev\u0103rat, adev\u0103rat v\u0103 spun c\u0103 cine&#8230;<\/span><span class=\"data-anunt\">19.03.2026  <\/span><\/a><\/div>\n<div class=\"col-lg-4 col-md-6 bloc-egal\"><a class=\"card-anunt\" href=\"https:\/\/ziaruldevrancea.ro\/anunturi\/altele\/anulare-acte\/vand-scrumbii-autentice--superioare--gust-excelent\"><strong class=\"titlu\">Vanzari diverse<\/strong><span class=\"text-anunt\">Capturi in cantitati mici de pe sectorul Dunarii&#8230;<\/span><span class=\"data-anunt\">19.03.2026 , Gala\u021bi , Gala\u021bi<\/span><\/a><\/div>\n<div class=\"col-lg-4 col-md-6 bloc-egal\"><a class=\"card-anunt\" href=\"https:\/\/ziaruldevrancea.ro\/anunturi\/httpswww.ziaruldevrancea.roanunturialtelediversevand-struguri-de-vin-toate-soiurile\/vand-scrumbii-dunare-superioare--capturi-galati\"><strong class=\"titlu\">VANZARI DIVERSE<\/strong><span class=\"text-anunt\">Scrumbii proaspete ( cantitati mici ) superioare ,&#8230;<\/span><span class=\"data-anunt\">19.03.2026 , Gala\u021bi , Gala\u021bi<\/span><\/a><\/div>\n<\/div>\n<\/div>\n<div class=\"extra-articol alte-articole\">\n<div class=\"row\">\n<div class=\"col-lg-6 bloc-egal\">\n<div class=\"card articol-listing\">\n<h6>\u00cen categoria <a href=\"https:\/\/ziaruldevrancea.ro\/timp-liber\">Timp Liber<\/a><\/h6>\n<div class=\"grup-articol-listing\">\n<div class=\"cont-pils\"><a href=\"https:\/\/ziaruldevrancea.ro\/timp-liber\/horoscop-22-martie2026\"><img decoding=\"async\" src=\"https:\/\/zdvi.cname.ro\/180_135\/timp-liber\/horoscop-22-martie2026\/mediaPool\/ucW7BQP.jpg\" class=\"img-responsive img-180\" alt><\/a><\/div>\n<h2><a class=\"link-titlu\" href=\"https:\/\/ziaruldevrancea.ro\/timp-liber\/horoscop-22-martie2026\">Horoscop 22 martie 2026<\/a><\/h2>\n<div class=\"date-post\"><a href=\"https:\/\/ziaruldevrancea.ro\/#comentarii\" class=\"pull-right\"> 8<\/a><a href=\"https:\/\/ziaruldevrancea.ro\/autor\/ziarul-de-vrancea\">Ziarul de Vrancea<\/a>, 22 mar 2026  <\/div>\n<\/div>\n<div class=\"grup-articol-listing\">\n<div class=\"cont-pils\"><a href=\"https:\/\/ziaruldevrancea.ro\/timp-liber\/calendarul-zilei-de-22-martie-evenimente-personalitati-si-repere-care-au-marcat-lumea---conexiuni-si-ecouri-pentru-vrancea-de-astazi\"><img decoding=\"async\" src=\"https:\/\/zdvi.cname.ro\/180_135\/timp-liber\/calendarul-zilei-de-22-martie-evenimente-personalitati-si-repere-care-au-marcat-lumea---conexiuni-si-ecouri-pentru-vrancea-de-astazi\/mediaPool\/uMfj6l8.jpg\" class=\"img-responsive img-180\" alt><\/a><\/div>\n<h2><a class=\"link-titlu\" href=\"https:\/\/ziaruldevrancea.ro\/timp-liber\/calendarul-zilei-de-22-martie-evenimente-personalitati-si-repere-care-au-marcat-lumea---conexiuni-si-ecouri-pentru-vrancea-de-astazi\">Calendarul zilei 22 martie: evenimente, personalit\u0103\u021bi \u0219i repere care au marcat lumea \u2013 conexiuni \u0219i ecouri pentru Vrancea de ast\u0103zi <\/a><\/h2>\n<div class=\"date-post\"><a href=\"https:\/\/ziaruldevrancea.ro\/autor\/rodica-condurache\">Rodica Condurache<\/a>, 22 mar 2026  <\/div>\n<\/div>\n<div class=\"grup-articol-listing\">\n<div class=\"cont-pils\"><a href=\"https:\/\/ziaruldevrancea.ro\/timp-liber\/horoscop-21-martie-2026\"><img decoding=\"async\" src=\"https:\/\/zdvi.cname.ro\/180_135\/timp-liber\/horoscop-21-martie-2026\/mediaPool\/uA8enxT.jpg\" class=\"img-responsive img-180\" alt><\/a><\/div>\n<h2><a class=\"link-titlu\" href=\"https:\/\/ziaruldevrancea.ro\/timp-liber\/horoscop-21-martie-2026\">Horoscop 21 martie 2026 <\/a><\/h2>\n<div class=\"date-post\"><a href=\"https:\/\/ziaruldevrancea.ro\/#comentarii\" class=\"pull-right\"> 4<\/a><a href=\"https:\/\/ziaruldevrancea.ro\/autor\/rodica-condurache\">Rodica Condurache<\/a>, 21 mar 2026  <\/div>\n<\/div>\n<\/div>\n<\/div>\n<div class=\"col-lg-6 bloc-egal\">\n<div class=\"card articol-listing\">\n<h6>De acela\u0219i <a href=\"https:\/\/ziaruldevrancea.ro\/autor\/ziarul-de-vrancea\/\">autor<\/a><\/h6>\n<div class=\"grup-articol-listing\">\n<div class=\"cont-pils\"><a href=\"https:\/\/ziaruldevrancea.ro\/actualitatea\/stiri-locale\/astazi-despre-printul-erudit-si-foarte-muncitor-implicat-in-dezvoltarea-tarii-gheorghe-grigore-cantacuzino---nababul---descendent-direct-al-domnului-constantin-brancoveanu---a-facut-parte-din-comitetul-insarcinat-cu-elaborarea-constitutiei-di\"><img decoding=\"async\" src=\"https:\/\/zdvi.cname.ro\/180_135\/actualitatea\/stiri-locale\/astazi-despre-printul-erudit-si-foarte-muncitor-implicat-in-dezvoltarea-tarii-gheorghe-grigore-cantacuzino---nababul---descendent-direct-al-domnului-constantin-brancoveanu---a-facut-parte-din-comitetul-insarcinat-cu-elaborarea-constitutiei-di\/mediaPool\/u47rtGL.jpg\" class=\"img-responsive img-180\" alt><\/a><\/div>\n<h2><a class=\"link-titlu\" href=\"https:\/\/ziaruldevrancea.ro\/actualitatea\/stiri-locale\/astazi-despre-printul-erudit-si-foarte-muncitor-implicat-in-dezvoltarea-tarii-gheorghe-grigore-cantacuzino---nababul---descendent-direct-al-domnului-constantin-brancoveanu---a-facut-parte-din-comitetul-insarcinat-cu-elaborarea-constitutiei-di\">Ast\u0103zi despre: Prin\u021bul Gheorghe Grigore Cantacuzino &#8211; Nababul &#8211; descendent direct al domnului Constantin Br\u00e2ncoveanu &#8211; Primarul Bucure\u015ftiului care-\u015fi dona salariul. Un om de stat care iubea Rom\u00e2nia \u0219i credea \u00een modernizarea ei<\/a><\/h2>\n<div class=\"date-post\"><a href=\"https:\/\/ziaruldevrancea.ro\/autor\/ziarul-de-vrancea\">Ziarul de Vrancea<\/a>, 22 mar 2026  <\/div>\n<\/div>\n<div class=\"grup-articol-listing\">\n<div class=\"cont-pils\"><a href=\"https:\/\/ziaruldevrancea.ro\/actualitatea\/stiri-locale\/prefectura-vrancea-impune-reguli-stricte-pentru-reducerea-posturilor\"><img decoding=\"async\" src=\"https:\/\/zdvi.cname.ro\/180_135\/actualitatea\/stiri-locale\/prefectura-vrancea-impune-reguli-stricte-pentru-reducerea-posturilor\/mediaPool\/uC60lfA.jpg\" class=\"img-responsive img-180\" alt><\/a><\/div>\n<h2><a class=\"link-titlu\" href=\"https:\/\/ziaruldevrancea.ro\/actualitatea\/stiri-locale\/prefectura-vrancea-impune-reguli-stricte-pentru-reducerea-posturilor\">Prefectura Vrancea impune reguli stricte pentru reducerea posturilor<\/a><\/h2>\n<div class=\"date-post\"><a href=\"https:\/\/ziaruldevrancea.ro\/autor\/ziarul-de-vrancea\">Ziarul de Vrancea<\/a>, 21 mar 2026  <\/div>\n<\/div>\n<div class=\"grup-articol-listing\">\n<div class=\"cont-pils\"><a href=\"https:\/\/ziaruldevrancea.ro\/special\/educatie\/astazi-despre-alexandru-ioan-cuza-domnia-lui-cuza-voda-a-fost-caracterizata-de-o-nerabdatoare-dorinta-de-a-ajunge-din-urma-occidentul\"><img decoding=\"async\" src=\"https:\/\/zdvi.cname.ro\/180_135\/special\/educatie\/astazi-despre-alexandru-ioan-cuza-domnia-lui-cuza-voda-a-fost-caracterizata-de-o-nerabdatoare-dorinta-de-a-ajunge-din-urma-occidentul\/mediaPool\/uFW0wZA.jpg\" class=\"img-responsive img-180\" alt><\/a><\/div>\n<h2><a class=\"link-titlu\" href=\"https:\/\/ziaruldevrancea.ro\/special\/educatie\/astazi-despre-alexandru-ioan-cuza-domnia-lui-cuza-voda-a-fost-caracterizata-de-o-nerabdatoare-dorinta-de-a-ajunge-din-urma-occidentul\">Ast\u0103zi despre: Alexandru Ioan Cuza. Omul care a unit Rom\u00e2nia. Arhitectul Rom\u00e2niei moderne se n\u0103\u0219tea \u00een urm\u0103 cu 206 ani. Domnia sa a fost caracterizat\u0103 de dorin\u021ba de a ajunge din urm\u0103 Occidentul. Leg\u0103tura istoric\u0103 a Unirii cu Foc\u0219aniul <\/a><\/h2>\n<div class=\"date-post\"><a href=\"https:\/\/ziaruldevrancea.ro\/autor\/ziarul-de-vrancea\">Ziarul de Vrancea<\/a>, 20 mar 2026  <\/div>\n<\/div>\n<\/div>\n<\/div>\n<\/div>\n<\/div>\n<div class=\"extra-articol listing-anunturi\">\n<h6>Anun\u021buri <span class=\"text-primary\">ZdV<\/span> Premium<\/h6>\n<div class=\"row\">\n<div class=\"col-lg-4 col-md-6 bloc-egal\"><a class=\"card-anunt\" href=\"https:\/\/ziaruldevrancea.ro\/anunturi\/httpswww.ziaruldevrancea.roanunturialtelediversevand-struguri-de-vin-toate-soiurile\/vand-pat-si-doua-chiuvete\"><strong class=\"titlu\">VANZARI DIVERSE<\/strong><span class=\"text-anunt\">V\u00e2nd pat o persoan\u0103, cu saltea (1500 lei),&#8230;<\/span><span class=\"data-anunt\">10.03.2026  <\/span><\/a><\/div>\n<div class=\"col-lg-4 col-md-6 bloc-egal\"><a class=\"card-anunt\" href=\"https:\/\/ziaruldevrancea.ro\/anunturi\/imobiliare\/vanzari-ap-3-camere\/vand-apartament-in-focsani\"><strong class=\"titlu\">V\u00e2nz\u0103ri ap 3 camere<\/strong><span class=\"text-anunt\">Vand apartament \u00een Foc\u0219ani 3 camere la&#8230;<\/span><span class=\"data-anunt\">04.03.2026  <\/span><\/a><\/div>\n<div class=\"col-lg-4 col-md-6 bloc-egal\"><a class=\"card-anunt\" href=\"https:\/\/ziaruldevrancea.ro\/anunturi\/angajari\/oferte-angajari\/firma-de-constructii-pe-renovari-din-luxembourg-angajeaza\"><strong class=\"titlu\">Oferte<\/strong><span class=\"text-anunt\">Companie serioas\u0103 din domeniul construc\u021biilor,&#8230;<\/span><span class=\"data-anunt\">15.07.2025  <\/span><\/a><\/div>\n<\/div>\n<\/div>\n<div class=\"bloc-widget widget-albastru\">\n    Ziarul de Vrancea \u00a0nu este responsabil juridic pentru con\u0163inutul textelor din comentariile de mai jos. Responsabilitatea pentru mesajele dumneavoastra v\u0103 revine \u00een exclusivitate.\n<\/div>\n<div class=\"comentarii-articol\" id=\"comentarii\">\n<h3>Comentarii: <span class=\"text-primary\">0<\/span><\/h3>\n<p><a href=\"https:\/\/ziaruldevrancea.ro\/timp-liber\/astazi-despre-unul-dintre-marelsalii-romaniei-alexandru-averescu\" class=\"btn btn-success btn-adauga-com\" data-toggle=\"modal\" data-parent=\"0\" data-target=\"#commentModal\">Adaug\u0103 comentariu<\/a><\/p>\n<div class=\"loadMask comments-mask\"><img decoding=\"async\" src=\"https:\/\/zdvs.cname.ro\/images\/loader_40.gif\"><\/div>\n<div class=\"comenteaza-jos\">Trebuie s\u0103 fii <a href=\"https:\/\/ziaruldevrancea.ro\/account\">autentificat<\/a> pentru a putea <a href=\"https:\/\/ziaruldevrancea.ro\/timp-liber\/astazi-despre-unul-dintre-marelsalii-romaniei-alexandru-averescu\" class data-toggle=\"modal\" data-parent=\"0\" data-target=\"#commentModal\">posta un comentariu<\/a>.<\/div>\n<\/div>\n<div class=\"modal fade\" id=\"commentModal\" role=\"dialog\" aria-labelledby=\"commentModalLabel\">\n<div class=\"modal-dialog modal-lg\" role=\"document\">\n<div class=\"modal-content\">\n<div class=\"modal-header\">\n<h3 class=\"modal-title\" id=\"commentModalLabel\">Comenteaz\u0103<\/h3>\n<\/div>\n<div class=\"modal-body\">\n<div class=\"tabel tabel-full\">\n<div class=\"celula\">\n              Trebuie s\u0103 fii <a href=\"https:\/\/ziaruldevrancea.ro\/account\">autentificat<\/a> pentru a putea posta un comentariu.\n            <\/div>\n<\/div>\n<\/div>\n<div class=\"modal-footer\">\n<div id=\"commentPending\" class=\"formPending pull-left\"><img decoding=\"async\" src=\"https:\/\/zdvs.cname.ro\/images\/loader_40.gif\"> In curs de procesare&#8230;<\/div>\n<p><a href=\"https:\/\/ziaruldevrancea.ro\/timp-liber\/astazi-despre-unul-dintre-marelsalii-romaniei-alexandru-averescu\" class=\"btn btn-default\" data-dismiss=\"modal\">Anuleaz\u0103<\/a><\/div>\n<\/div>\n<\/div>\n<\/div>\n<div class=\"modal fade\" id=\"commentReportModal\" role=\"dialog\" aria-labelledby=\"commentReportModalLabel\">\n<div class=\"modal-dialog modal-lg\" role=\"document\">\n<div class=\"modal-content\">\n<div class=\"modal-header\">\n<h3 class=\"modal-title\" id=\"commentReportModalLabel\">Raporteaza comentariu<\/h3>\n<\/div>\n<div class=\"modal-body\">\n<div class=\"tabel tabel-full\">\n<div class=\"celula\">\n              Trebuie s\u0103 fii <a href=\"https:\/\/ziaruldevrancea.ro\/account\">autentificat<\/a> pentru a putea raporta un comentariu.\n            <\/div>\n<\/div>\n<\/div>\n<div class=\"modal-footer\">\n<div id=\"commentReportPending\" class=\"formPending pull-left\"><img decoding=\"async\" src=\"https:\/\/zdvs.cname.ro\/images\/loader_40.gif\"> In curs de procesare&#8230;<\/div>\n<p><a href=\"https:\/\/ziaruldevrancea.ro\/timp-liber\/astazi-despre-unul-dintre-marelsalii-romaniei-alexandru-averescu\" class=\"btn btn-default\" data-dismiss=\"modal\">Anuleaz\u0103<\/a><\/div>\n<\/div>\n<\/div>\n<\/div>\n<div class=\"modal fade\" id=\"commentLikeModal\" role=\"dialog\" aria-labelledby=\"commentLikeModalLabel\">\n<div class=\"modal-dialog modal-lg\" role=\"document\">\n<div class=\"modal-content\">\n<div class=\"modal-header\">\n<h3 class=\"modal-title\" id=\"commentReportModalLabel\">Apreciaza comentariu<\/h3>\n<\/div>\n<div class=\"modal-body\">\n<div class=\"tabel tabel-full\">\n<div class=\"celula\">\n            Trebuie s\u0103 fii <a href=\"https:\/\/ziaruldevrancea.ro\/account\">autentificat<\/a> pentru a putea aprecia un comentariu.\n          <\/div>\n<\/div>\n<\/div>\n<div class=\"modal-footer\"><a href=\"https:\/\/ziaruldevrancea.ro\/timp-liber\/astazi-despre-unul-dintre-marelsalii-romaniei-alexandru-averescu\" class=\"btn btn-default\" data-dismiss=\"modal\">Anuleaz\u0103<\/a><\/div>\n<\/div>\n<\/div>\n<\/div>\n<div class=\"bloc-widget widget-rosu\"><span><small>Ziarul de Vrancea doreste ca acest site sa fie un spatiu al discutiilor civilizate, al comentariilor de bun simt. Din acest motiv, cei care posteaza comentarii la articole trebuie sa respecte urmatoarele reguli:<br \/>\n1. Sa se refere doar la articolul la care posteaza comentarii.<br \/>\n2. Sa foloseasca un limbaj civilizat, fara injurii, calomnii, comentarii antisemite, xenofobe sau rasiste.<br \/>\n3. Sunt interzise atacurile la adresa autorilor, daca acestea nu au legatura cu textul.<br \/>\n4. Username-ul sa nu fie nume de personalitati ale vietii publice sau parodieri ale acestora.<br \/>\nAutorul unui articol poate fi criticat pentru eventuale greseli, incoerenta, lipsa de documentare etc.<br \/>\nNerespectarea regulilor mentionate mai sus va duce la stergerea comentariilor, fara avertisment si fara explicatii.<br \/>\nAbaterile repetate vor avea drept consecinta interdictia accesului la aceasta facilitate a site-ului.<\/small><\/span><\/div>\n<\/div>\n<p>[analyse_source url=&#8221;https:\/\/ziaruldevrancea.ro\/timp-liber\/astazi-despre-unul-dintre-marelsalii-romaniei-alexandru-averescu&#8221;]<\/p>\n","protected":false},"excerpt":{"rendered":"<p>[analyse_image type=&#8221;featured&#8221; src=&#8221;https:\/\/zdvi.cname.ro\/_\/astazi-despre-unul-dintre-marelsalii-romaniei-alexandru-averescu\/mediaPool\/uxEUoDG.PNG&#8221;] Timp Liber VIDEO Ast\u0103zi despre Mare\u0219alul Alexandru Averescu | Una dintre cele mai importante personalit\u0103\u0163i rom\u00e2ne\u015fti de la \u00eenceputul secolului XX simbol al victoriei de la M\u0103r\u0103\u0219ti Eroul care a scris istoria Vrancei \u00een Primul R\u0103zboi Mondial, oprind ofensiva german\u0103 Distribuie: \u00a0 | Ziarul de Vrancea 21 mar 20262945 vizualiz\u0103ri Alexandru Averescu [&hellip;]<\/p>\n","protected":false},"author":1,"featured_media":0,"comment_status":"open","ping_status":"","sticky":false,"template":"","format":"standard","meta":{"footnotes":""},"categories":[89],"tags":[226,208],"class_list":["post-1840129","post","type-post","status-publish","format-standard","hentry","category-romania","tag-crawlmanager","tag-ziaruldevrancea-ro"],"_links":{"self":[{"href":"https:\/\/analyse.optim.biz\/index.php?rest_route=\/wp\/v2\/posts\/1840129","targetHints":{"allow":["GET"]}}],"collection":[{"href":"https:\/\/analyse.optim.biz\/index.php?rest_route=\/wp\/v2\/posts"}],"about":[{"href":"https:\/\/analyse.optim.biz\/index.php?rest_route=\/wp\/v2\/types\/post"}],"author":[{"embeddable":true,"href":"https:\/\/analyse.optim.biz\/index.php?rest_route=\/wp\/v2\/users\/1"}],"replies":[{"embeddable":true,"href":"https:\/\/analyse.optim.biz\/index.php?rest_route=%2Fwp%2Fv2%2Fcomments&post=1840129"}],"version-history":[{"count":0,"href":"https:\/\/analyse.optim.biz\/index.php?rest_route=\/wp\/v2\/posts\/1840129\/revisions"}],"wp:attachment":[{"href":"https:\/\/analyse.optim.biz\/index.php?rest_route=%2Fwp%2Fv2%2Fmedia&parent=1840129"}],"wp:term":[{"taxonomy":"category","embeddable":true,"href":"https:\/\/analyse.optim.biz\/index.php?rest_route=%2Fwp%2Fv2%2Fcategories&post=1840129"},{"taxonomy":"post_tag","embeddable":true,"href":"https:\/\/analyse.optim.biz\/index.php?rest_route=%2Fwp%2Fv2%2Ftags&post=1840129"}],"curies":[{"name":"wp","href":"https:\/\/api.w.org\/{rel}","templated":true}]}}