{"id":1839959,"date":"2026-03-22T04:45:09","date_gmt":"2026-03-22T01:45:09","guid":{"rendered":"https:\/\/analyse.optim.biz\/?p=1839959"},"modified":"2026-03-22T04:45:09","modified_gmt":"2026-03-22T01:45:09","slug":"cum-s-a-petrecut-accidentul-mortal-de-langa-patrauti-si-cine-sunt-victimele-video-stiri-suceava","status":"publish","type":"post","link":"https:\/\/analyse.optim.biz\/?p=1839959","title":{"rendered":"Cum s-a petrecut accidentul mortal de l\u00e2ng\u0103 P\u0103tr\u0103u\u021bi \u0219i cine sunt victimele VIDEO &#8211; Stiri Suceava"},"content":{"rendered":"<p>[analyse_image type=&#8221;featured&#8221; src=&#8221;https:\/\/www.informatiata.ro\/wp-content\/uploads\/2026\/03\/IMG_20260322_063358.jpg&#8221;]<\/p>\n<div class=\"td-post-content tagdiv-type\">\n<div class=\"td-post-featured-image\"><a href=\"https:\/\/www.informatiata.ro\/wp-content\/uploads\/2026\/03\/IMG_20260322_063358.jpg\" data-caption><img loading=\"lazy\" decoding=\"async\" width=\"696\" height=\"522\" class=\"entry-thumb td-modal-image\" src=\"https:\/\/www.informatiata.ro\/wp-content\/uploads\/2026\/03\/IMG_20260322_063358-696x522.jpg\" alt title=\"IMG_20260322_063358\"><img loading=\"lazy\" decoding=\"async\" width=\"696\" height=\"522\" class=\"entry-thumb td-modal-image\" src=\"https:\/\/www.informatiata.ro\/wp-content\/uploads\/2026\/03\/IMG_20260322_063358-696x522.jpg\" alt title=\"IMG_20260322_063358\"><\/a><\/div>\n<div class=\"wp-video\"><video class=\"wp-video-shortcode\" id=\"video-64361-1\" width=\"696\" height=\"1247\" preload=\"metadata\" controls=\"controls\"><source type=\"video\/mp4\" src=\"https:\/\/www.informatiata.ro\/wp-content\/uploads\/2026\/03\/HnVideoEditor_2026_03_21_205938955.mp4?_=1\" \/><\/video><\/div>\n<p>Accidentul mortal de l\u00e2ng\u0103 P\u0103tr\u0103u\u021bi s-a petrecut din cauza unui vicovean care a intrat aiurea \u00eentr-o dep\u0103\u0219ire.<\/p>\n<p>La data de 21.03.2026, \u00een jurul orei 19:45, Poli\u021bia Municipiului Suceava a fost sesizat\u0103 cu privire la producerea unui accident rutier pe DN2 \u2013 E85.<\/p>\n<div class=\"td-a-rec td-a-rec-id-content_inlineright  tdi_6 td_block_template_1\"><img loading=\"lazy\" decoding=\"async\" class=\"aligncenter size-full wp-image-64315\" src=\"https:\/\/www.informatiata.ro\/wp-content\/uploads\/2026\/03\/SAVCOM-10.gif\" alt width=\"299\" height=\"250\"><img loading=\"lazy\" decoding=\"async\" class=\"aligncenter size-full wp-image-64315\" src=\"https:\/\/www.informatiata.ro\/wp-content\/uploads\/2026\/03\/SAVCOM-10.gif\" alt width=\"299\" height=\"250\"><img loading=\"lazy\" decoding=\"async\" class=\"aligncenter size-large wp-image-64316\" src=\"https:\/\/www.informatiata.ro\/wp-content\/uploads\/2026\/03\/FACOS-8.gif\" alt width=\"300\" height=\"250\"><img loading=\"lazy\" decoding=\"async\" class=\"aligncenter size-large wp-image-64316\" src=\"https:\/\/www.informatiata.ro\/wp-content\/uploads\/2026\/03\/FACOS-8.gif\" alt width=\"300\" height=\"250\"><\/div>\n<p>Din primele verific\u0103ri efectuate s-a constatat faptul c\u0103 un b\u0103rbat de 58 de ani din ora\u0219ul Vicovu de Sus a condus autoturismul pe DN 2, \u00een zona localit\u0103\u021bii P\u0103tr\u0103u\u021bi, pe direc\u021bia Suceava c\u0103tre Siret, a ini\u021biat o manevr\u0103 de dep\u0103\u0219ire \u0219i a intrat \u00een coliziune frontal\u0103 cu autoturismul care circula din sens opus \u0219i care era condus de c\u0103tre un b\u0103rbat de 26 ani din comuna Ipote\u0219ti, jud. Suceava.<\/p>\n<p>\u00cen urma impactului a rezultat decesul \u0219oferului de 58 de ani, v\u0103t\u0103marea corporal\u0103 a \u0219oferului de 26 ani, precum \u0219i a pasagerei din ma\u0219ina acestuia, respectiv o t\u00e2n\u0103r\u0103 de 25 ani din comuna F\u00e2nt\u00e2nele, jud. Suceava.<\/p>\n<p>\u00cen dinamica evenimentului a fost surprins \u0219i un microbuz condus de c\u0103tre un cet\u0103\u021bean ucrainean \u00een v\u00e2rst\u0103 de 33 ani, acesta fiind tamponat u\u0219or, f\u0103r\u0103 ca \u0219oferul s\u0103 necesitate \u00eengrijiri medicale. B\u0103rbatul a fost testat cu aparatul etilotest rezultatul fiind negativ.<\/p>\n<p>\u0218oferul de 26 ani nu a putut fi testat la fa\u021ba locului cu aparatul etilometru, fiind transportat la unitate medical\u0103 pentru acordarea de \u00eengrijiri medicale de specialitate, fiindu-i recoltate \u00eens\u0103 probe biologice de s\u00e2nge.\u00ce<\/p>\n<p>\u00cen cauz\u0103, poli\u021bi\u0219tii au \u00eentocmit dosar penal sub aspectul s\u0103v\u00e2r\u0219irii infrac\u021biunilor de v\u0103t\u0103mare corporal\u0103 din culp\u0103 \u0219i ucidere din culp\u0103, urm\u00e2nd a fi stabilite toate circumstan\u021bele producerii evenimentului rutier \u0219i a se dispune m\u0103surile conforme.<\/p>\n<p><img loading=\"lazy\" decoding=\"async\" class=\"aligncenter size-large wp-image-64363\" src=\"https:\/\/www.informatiata.ro\/wp-content\/uploads\/2026\/03\/Screenshot_20260322_063323-1024x834.jpg\" alt width=\"696\" height=\"567\"><img loading=\"lazy\" decoding=\"async\" class=\"aligncenter size-large wp-image-64363\" src=\"https:\/\/www.informatiata.ro\/wp-content\/uploads\/2026\/03\/Screenshot_20260322_063323-1024x834.jpg\" alt width=\"696\" height=\"567\"><img loading=\"lazy\" decoding=\"async\" class=\"aligncenter size-large wp-image-64364\" src=\"https:\/\/www.informatiata.ro\/wp-content\/uploads\/2026\/03\/IMG_20260322_063358-1024x768.jpg\" alt width=\"696\" height=\"522\"><img loading=\"lazy\" decoding=\"async\" class=\"aligncenter size-large wp-image-64364\" src=\"https:\/\/www.informatiata.ro\/wp-content\/uploads\/2026\/03\/IMG_20260322_063358-1024x768.jpg\" alt width=\"696\" height=\"522\"><img loading=\"lazy\" decoding=\"async\" class=\"aligncenter size-large wp-image-64365\" src=\"https:\/\/www.informatiata.ro\/wp-content\/uploads\/2026\/03\/IMG_20260322_063454-1024x593.jpg\" alt width=\"696\" height=\"403\"><img loading=\"lazy\" decoding=\"async\" class=\"aligncenter size-large wp-image-64365\" src=\"https:\/\/www.informatiata.ro\/wp-content\/uploads\/2026\/03\/IMG_20260322_063454-1024x593.jpg\" alt width=\"696\" height=\"403\"><img loading=\"lazy\" decoding=\"async\" class=\"aligncenter size-large wp-image-64366\" src=\"https:\/\/www.informatiata.ro\/wp-content\/uploads\/2026\/03\/Screenshot_20260321_201545-692x1024.jpg\" alt width=\"692\" height=\"1024\"><img loading=\"lazy\" decoding=\"async\" class=\"aligncenter size-large wp-image-64366\" src=\"https:\/\/www.informatiata.ro\/wp-content\/uploads\/2026\/03\/Screenshot_20260321_201545-692x1024.jpg\" alt width=\"692\" height=\"1024\"><img loading=\"lazy\" decoding=\"async\" class=\"aligncenter size-large wp-image-64367\" src=\"https:\/\/www.informatiata.ro\/wp-content\/uploads\/2026\/03\/Screenshot_20260321_201707-865x1024.jpg\" alt width=\"696\" height=\"824\"><img loading=\"lazy\" decoding=\"async\" class=\"aligncenter size-large wp-image-64367\" src=\"https:\/\/www.informatiata.ro\/wp-content\/uploads\/2026\/03\/Screenshot_20260321_201707-865x1024.jpg\" alt width=\"696\" height=\"824\"><img loading=\"lazy\" decoding=\"async\" class=\"aligncenter size-large wp-image-64368\" src=\"https:\/\/www.informatiata.ro\/wp-content\/uploads\/2026\/03\/Screenshot_20260321_201820-796x1024.jpg\" alt width=\"696\" height=\"895\"><img loading=\"lazy\" decoding=\"async\" class=\"aligncenter size-large wp-image-64368\" src=\"https:\/\/www.informatiata.ro\/wp-content\/uploads\/2026\/03\/Screenshot_20260321_201820-796x1024.jpg\" alt width=\"696\" height=\"895\"><\/p>\n<\/div>\n<p>[analyse_source url=&#8221;https:\/\/www.informatiata.ro\/cum-s-a-petrecut-accidentul-mortal-patrauti\/&#8221;]<\/p>\n","protected":false},"excerpt":{"rendered":"<p>[analyse_image type=&#8221;featured&#8221; src=&#8221;https:\/\/www.informatiata.ro\/wp-content\/uploads\/2026\/03\/IMG_20260322_063358.jpg&#8221;] Accidentul mortal de l\u00e2ng\u0103 P\u0103tr\u0103u\u021bi s-a petrecut din cauza unui vicovean care a intrat aiurea \u00eentr-o dep\u0103\u0219ire. La data de 21.03.2026, \u00een jurul orei 19:45, Poli\u021bia Municipiului Suceava a fost sesizat\u0103 cu privire la producerea unui accident rutier pe DN2 \u2013 E85. Din primele verific\u0103ri efectuate s-a constatat faptul c\u0103 un b\u0103rbat [&hellip;]<\/p>\n","protected":false},"author":1,"featured_media":0,"comment_status":"open","ping_status":"","sticky":false,"template":"","format":"standard","meta":{"footnotes":""},"categories":[89],"tags":[226,167],"class_list":["post-1839959","post","type-post","status-publish","format-standard","hentry","category-romania","tag-crawlmanager","tag-informatiata-ro"],"_links":{"self":[{"href":"https:\/\/analyse.optim.biz\/index.php?rest_route=\/wp\/v2\/posts\/1839959","targetHints":{"allow":["GET"]}}],"collection":[{"href":"https:\/\/analyse.optim.biz\/index.php?rest_route=\/wp\/v2\/posts"}],"about":[{"href":"https:\/\/analyse.optim.biz\/index.php?rest_route=\/wp\/v2\/types\/post"}],"author":[{"embeddable":true,"href":"https:\/\/analyse.optim.biz\/index.php?rest_route=\/wp\/v2\/users\/1"}],"replies":[{"embeddable":true,"href":"https:\/\/analyse.optim.biz\/index.php?rest_route=%2Fwp%2Fv2%2Fcomments&post=1839959"}],"version-history":[{"count":0,"href":"https:\/\/analyse.optim.biz\/index.php?rest_route=\/wp\/v2\/posts\/1839959\/revisions"}],"wp:attachment":[{"href":"https:\/\/analyse.optim.biz\/index.php?rest_route=%2Fwp%2Fv2%2Fmedia&parent=1839959"}],"wp:term":[{"taxonomy":"category","embeddable":true,"href":"https:\/\/analyse.optim.biz\/index.php?rest_route=%2Fwp%2Fv2%2Fcategories&post=1839959"},{"taxonomy":"post_tag","embeddable":true,"href":"https:\/\/analyse.optim.biz\/index.php?rest_route=%2Fwp%2Fv2%2Ftags&post=1839959"}],"curies":[{"name":"wp","href":"https:\/\/api.w.org\/{rel}","templated":true}]}}