{"id":183944,"date":"2015-04-01T08:15:23","date_gmt":"2015-04-01T05:15:23","guid":{"rendered":"https:\/\/analyse.optim.biz\/?p=183944"},"modified":"2015-04-01T08:15:23","modified_gmt":"2015-04-01T05:15:23","slug":"klaus-iohannis-nemultumit-ca-nu-sta-la-vila-lac-3","status":"publish","type":"post","link":"https:\/\/analyse.optim.biz\/?p=183944","title":{"rendered":"Klaus Iohannis, nemul\u0163umit c\u0103 nu st\u0103 la Vila Lac 3"},"content":{"rendered":"<div class=\"entry data-app-meta data-app-meta-article\" data-embed-base-url-canonical=\"https:\/\/www.digi24.ro\/embed\/stiri\/actualitate\/politica\/klaus-iohannis-nemultumit-ca-nu-sta-la-vila-lac-3-374707\">\n<p data-index=\"1\"><strong>\u015eeful statului spune c\u0103, de\u015fi au trecut o sut\u0103 de zile de c\u00e2nd este \u00een func\u0163ie, \u00eenc\u0103 mai a\u015fteapt\u0103 s\u0103 se mute<\/strong>. P\u00e2n\u0103 de cur\u00e2nd, Vila Lac 3 a fost ocupat\u0103 de Traian B\u0103sescu care, la r\u00e2ndul s\u0103u a reclamat faptul c\u0103 dup\u0103 \u00eencetarea mandatului de pre\u015fedinte, Guvernul nu i-a repartizat o re\u015fedin\u0163\u0103, a\u015fa cum prevede legea.<\/p>\n<p data-index=\"2\">\u201e<span>Nu am fost nici \u00eentrebat, nici nu mi-am spus p\u0103rerea cu vreo mutare (n.r. a fostului pre\u0219edinte Traian B\u0103sescu). Nu m\u0103 intereseaz\u0103. Este problema altora s\u0103 vad\u0103 cum se repartizeaz\u0103 aceste imobile. <strong>Eu pot s\u0103 spun c\u0103 au trecut primele 100 de zile din mandatul meu \u0219i statul rom\u00e2n nu mi-a pus la dispozi\u021bie resedin\u021ba oficial\u0103 a pre\u0219edintelui Rom\u00e2niei<\/strong>\u201d, a declarat Klaus Iohannis.\u00a0<\/span><\/p>\n<\/div>\n<p> Source URL: https:\/\/www.digi24.ro\/stiri\/actualitate\/politica\/klaus-iohannis-nemultumit-ca-nu-sta-la-vila-lac-3-374707<\/p>\n","protected":false},"excerpt":{"rendered":"<p>\u015eeful statului spune c\u0103, de\u015fi au trecut o sut\u0103 de zile de c\u00e2nd este \u00een func\u0163ie, \u00eenc\u0103 mai a\u015fteapt\u0103 s\u0103 se mute. P\u00e2n\u0103 de cur\u00e2nd, Vila Lac 3 a fost ocupat\u0103 de Traian B\u0103sescu care, la r\u00e2ndul s\u0103u a reclamat faptul c\u0103 dup\u0103 \u00eencetarea mandatului de pre\u015fedinte, Guvernul nu i-a repartizat o re\u015fedin\u0163\u0103, a\u015fa cum [&hellip;]<\/p>\n","protected":false},"author":1,"featured_media":183945,"comment_status":"open","ping_status":"","sticky":false,"template":"","format":"standard","meta":{"footnotes":""},"categories":[2],"tags":[11],"class_list":["post-183944","post","type-post","status-publish","format-standard","has-post-thumbnail","hentry","category-politics","tag-digi24"],"_links":{"self":[{"href":"https:\/\/analyse.optim.biz\/index.php?rest_route=\/wp\/v2\/posts\/183944","targetHints":{"allow":["GET"]}}],"collection":[{"href":"https:\/\/analyse.optim.biz\/index.php?rest_route=\/wp\/v2\/posts"}],"about":[{"href":"https:\/\/analyse.optim.biz\/index.php?rest_route=\/wp\/v2\/types\/post"}],"author":[{"embeddable":true,"href":"https:\/\/analyse.optim.biz\/index.php?rest_route=\/wp\/v2\/users\/1"}],"replies":[{"embeddable":true,"href":"https:\/\/analyse.optim.biz\/index.php?rest_route=%2Fwp%2Fv2%2Fcomments&post=183944"}],"version-history":[{"count":0,"href":"https:\/\/analyse.optim.biz\/index.php?rest_route=\/wp\/v2\/posts\/183944\/revisions"}],"wp:featuredmedia":[{"embeddable":true,"href":"https:\/\/analyse.optim.biz\/index.php?rest_route=\/wp\/v2\/media\/183945"}],"wp:attachment":[{"href":"https:\/\/analyse.optim.biz\/index.php?rest_route=%2Fwp%2Fv2%2Fmedia&parent=183944"}],"wp:term":[{"taxonomy":"category","embeddable":true,"href":"https:\/\/analyse.optim.biz\/index.php?rest_route=%2Fwp%2Fv2%2Fcategories&post=183944"},{"taxonomy":"post_tag","embeddable":true,"href":"https:\/\/analyse.optim.biz\/index.php?rest_route=%2Fwp%2Fv2%2Ftags&post=183944"}],"curies":[{"name":"wp","href":"https:\/\/api.w.org\/{rel}","templated":true}]}}