{"id":183933,"date":"2015-04-01T09:37:45","date_gmt":"2015-04-01T06:37:45","guid":{"rendered":"https:\/\/analyse.optim.biz\/?p=183933"},"modified":"2015-04-01T09:37:45","modified_gmt":"2015-04-01T06:37:45","slug":"klaus-iohannis-nemultumit-de-guvernul-ponta-sper-ca-pnl-sa-fie-inspirat-cand-face-aliantele","status":"publish","type":"post","link":"https:\/\/analyse.optim.biz\/?p=183933","title":{"rendered":"Klaus Iohannis, nemul\u021bumit de Guvernul Ponta: Sper ca PNL s\u0103 fie inspirat c\u00e2nd face alian\u021bele"},"content":{"rendered":"<div class=\"entry data-app-meta data-app-meta-article\" data-embed-base-url-canonical=\"https:\/\/www.digi24.ro\/embed\/stiri\/actualitate\/politica\/klaus-iohannis-nemultumit-de-guvernul-ponta-sper-ca-pnl-sa-fie-inspirat-cand-face-aliantele-374731\">\n<p data-index=\"1\">\u201e<span>Nu m\u0103 a\u0219tept de la acest Guvern s\u0103 devin\u0103 mai eficient. Mi-a\u015f fi imaginat c\u0103 un Guvern care vrea s\u0103 lucreze cu mine, \u00eenainte s\u0103 prezinte modific\u0103ri semnificative la Codul Fiscal, vine la mine, mi le prezint\u0103, le discut\u0103m \u015fi vedem cum se pun \u00een practic\u0103. Or, acest lucru nu s-a \u00eent\u00e2mplat\u201d, a declarat Klaus Iohannis.<\/span><\/p>\n<p data-index=\"2\">\u015eeful statului vrea s\u0103 lucreze cu un alt Guvern. Spune \u00eens\u0103 c\u0103 nu poate for\u0163a schimbarea cabinetului \u015fi c\u0103 acest lucru poate fi f\u0103cut doar de actuala Opozi\u0163ie.<\/p>\n<p data-index=\"3\">\u201eOrice pre\u015fedinte \u00ee\u015fi dore\u015fte un Guvern al lui. Este un Guvern cu care poate s\u0103 lucreze efectiv, \u015fi formal \u015fi informal, \u00een toate problemele ce privesc statul\u201d, a ad\u0103ugat \u0219eful statului.<\/p>\n<p data-index=\"4\">Pentru schimbarea guvernului, liberalii ar trebui s\u0103 ob\u0163in\u0103 \u00een Parlament sprijinul altor forma\u0163iuni politice. PNL ar mai avea nevoie de peste 100 de voturi pentru adoptarea unei mo\u0163iuni de cenzur\u0103.<\/p>\n<p data-index=\"5\">\u201eE treaba PNL dac\u0103 face alian\u0163\u0103 cu unii sau cu al\u0163ii. Sper s\u0103 fie bine inspira\u0163i c\u00e2nd fac alian\u0163ele\u201d, a subliniat pre\u0219edintele.<\/p>\n<p data-index=\"6\">Dup\u0103 alegerile preziden\u0163iale din noiembrie, liberalii au anun\u0163at c\u0103 vor ini\u0163ia o mo\u0163iune de cenzur\u0103 la adresa Guvernului condus de Victor Ponta. Ba chiar \u015fi-au desemnat \u015fi un premier din umbr\u0103, \u00een persoana fostului ministru al Justi\u0163iei, C\u0103t\u0103lin Predoiu.<\/p>\n<h5><span>Citi\u021bi \u0219i:<\/span><\/h5>\n<h5><a href=\"https:\/\/www.digi24.ro\/Stiri\/Digi24\/Actualitate\/Politica\/Klaus+Iohannis+bilant+la+100+de+zile+de+mandat+Eu+nu+ma+joc+cu+l\" data-skip-linkfix=\"1\"><span>Klaus Iohannis:\u00a0Nu am de g\u00e2nd s\u0103 preiau rolul opozi\u021biei<\/span><\/a><\/h5>\n<h5><a href=\"https:\/\/www.digi24.ro\/Stiri\/Digi24\/Actualitate\/Politica\/C+T+Popescu+K+Iohannis+a+inteles+ca+presedintele+reprezinta+o+re\" data-skip-linkfix=\"1\"><span>C. T. Popescu: K. Iohannis a \u00een\u021beles c\u0103 pre\u015fedintele reprezint\u0103 o rezerv\u0103 de \u00eencredere a statului<\/span><\/a><\/h5>\n<\/div>\n<p> Source URL: https:\/\/www.digi24.ro\/stiri\/actualitate\/politica\/klaus-iohannis-nemultumit-de-guvernul-ponta-sper-ca-pnl-sa-fie-inspirat-cand-face-aliantele-374731<\/p>\n","protected":false},"excerpt":{"rendered":"<p>\u201eNu m\u0103 a\u0219tept de la acest Guvern s\u0103 devin\u0103 mai eficient. Mi-a\u015f fi imaginat c\u0103 un Guvern care vrea s\u0103 lucreze cu mine, \u00eenainte s\u0103 prezinte modific\u0103ri semnificative la Codul Fiscal, vine la mine, mi le prezint\u0103, le discut\u0103m \u015fi vedem cum se pun \u00een practic\u0103. Or, acest lucru nu s-a \u00eent\u00e2mplat\u201d, a declarat Klaus [&hellip;]<\/p>\n","protected":false},"author":1,"featured_media":183934,"comment_status":"open","ping_status":"","sticky":false,"template":"","format":"standard","meta":{"footnotes":""},"categories":[2],"tags":[11],"class_list":["post-183933","post","type-post","status-publish","format-standard","has-post-thumbnail","hentry","category-politics","tag-digi24"],"_links":{"self":[{"href":"https:\/\/analyse.optim.biz\/index.php?rest_route=\/wp\/v2\/posts\/183933","targetHints":{"allow":["GET"]}}],"collection":[{"href":"https:\/\/analyse.optim.biz\/index.php?rest_route=\/wp\/v2\/posts"}],"about":[{"href":"https:\/\/analyse.optim.biz\/index.php?rest_route=\/wp\/v2\/types\/post"}],"author":[{"embeddable":true,"href":"https:\/\/analyse.optim.biz\/index.php?rest_route=\/wp\/v2\/users\/1"}],"replies":[{"embeddable":true,"href":"https:\/\/analyse.optim.biz\/index.php?rest_route=%2Fwp%2Fv2%2Fcomments&post=183933"}],"version-history":[{"count":0,"href":"https:\/\/analyse.optim.biz\/index.php?rest_route=\/wp\/v2\/posts\/183933\/revisions"}],"wp:featuredmedia":[{"embeddable":true,"href":"https:\/\/analyse.optim.biz\/index.php?rest_route=\/wp\/v2\/media\/183934"}],"wp:attachment":[{"href":"https:\/\/analyse.optim.biz\/index.php?rest_route=%2Fwp%2Fv2%2Fmedia&parent=183933"}],"wp:term":[{"taxonomy":"category","embeddable":true,"href":"https:\/\/analyse.optim.biz\/index.php?rest_route=%2Fwp%2Fv2%2Fcategories&post=183933"},{"taxonomy":"post_tag","embeddable":true,"href":"https:\/\/analyse.optim.biz\/index.php?rest_route=%2Fwp%2Fv2%2Ftags&post=183933"}],"curies":[{"name":"wp","href":"https:\/\/api.w.org\/{rel}","templated":true}]}}