{"id":1839302,"date":"2026-03-21T18:46:41","date_gmt":"2026-03-21T15:46:41","guid":{"rendered":"https:\/\/analyse.optim.biz\/?p=1839302"},"modified":"2026-03-21T18:46:41","modified_gmt":"2026-03-21T15:46:41","slug":"mxgp-almonte-double-des-freres-coenen-abonne","status":"publish","type":"post","link":"https:\/\/analyse.optim.biz\/?p=1839302","title":{"rendered":"MXGP Almonte\u00a0: Doubl\u00e9 des fr\u00e8res Coenen ABONN\u00c9"},"content":{"rendered":"<div class=\"entry-content\">\n<p><strong>Sacha et Lucas Coenen ont tous deux bien d\u00e9but\u00e9 le premier round Europ\u00e9en du Mondial, s\u2019imposant tous deux dans leur manche qualificative respective. Si Sacha a du se montrer patient pour s\u2019emparer du leadership, Lucas a r\u00e9alis\u00e9 une impressionnante d\u00e9monstration de son c\u00f4t\u00e9\u00a0!<\/strong><\/p>\n<p>La pluie nous a laiss\u00e9 tranquille ce samedi, et si les enceintes public et plus encore le paddock entier sont rest\u00e9s tr\u00e8s gadouilleux, la piste s\u2019est plut\u00f4t bien tenue, m\u00eame si elle a bien s\u00fbr \u00e9volu\u00e9 au gr\u00e9 des roulages. Les orni\u00e8res et les rails se sont multipli\u00e9s, rendant les d\u00e9passements pas forc\u00e9ment simples\u00a0!<\/p>\n<p><strong>MX2\u00a0: Reisulis confirme, Coenen l\u2019emporte<\/strong><\/p>\n<p>Comme en Argentine il y a deux semaines, Janis Reisulis a sign\u00e9 un holeshot et r\u00e9alis\u00e9 un superbe d\u00e9but de course\u00a0! Cette fois il a tenu huit des treize tours aux commandes, avant de c\u00e9der le leadership \u00e0 Sacha, puis de baisser de rythme pour se classer cinqui\u00e8me. Ce sont les Triumph qui se sont cette fois encore invit\u00e9 sur le podium virtuel, Camden McLellan prenant la seconde place devant Guillem Farres. Septi\u00e8me en d\u00e9but de course, Simon L\u00e4ngenfelder prend la quatri\u00e8me place et conserve de ce fait sa plaque rouge\u00a0; derri\u00e8re Janis cinqui\u00e8me on trouve Mathis Valin qui devance Liam Everts, Maxime Grau se classant lui quinzi\u00e8me.<\/p>\n<\/p>\n<div id=\"attachment_724622\" style=\"width: 1034px\" class=\"wp-caption alignnone\"><img loading=\"lazy\" decoding=\"async\" aria-describedby=\"caption-attachment-724622\" class=\"size-large wp-image-724622\" src=\"https:\/\/moto-station.com\/wp-content\/uploads\/2026\/03\/21\/COENEN-S_PH_2966-1024x683.jpg\" alt width=\"1024\" height=\"683\"><\/p>\n<p id=\"caption-attachment-724622\" class=\"wp-caption-text\">Sacha a \u00e9t\u00e9 intraitable en MX2 (Pic@PH)<\/p>\n<\/div>\n<div id=\"attachment_724613\" style=\"width: 1034px\" class=\"wp-caption alignnone\"><img loading=\"lazy\" decoding=\"async\" aria-describedby=\"caption-attachment-724613\" class=\"size-large wp-image-724613\" src=\"https:\/\/moto-station.com\/wp-content\/uploads\/2026\/03\/21\/MC-LELLAN_PH_3096-1024x683.jpg\" alt width=\"1024\" height=\"683\"><\/p>\n<p id=\"caption-attachment-724613\" class=\"wp-caption-text\">Encore une belle perf\u2019 de Camden McLellan sur la Triumph (Pic@PH)<\/p>\n<\/div>\n<p><strong>MXGP\u00a0: Lucas seul au monde\u00a0!<\/strong><\/p>\n<p>En MXGP Lucas Coenen n\u2019a pas fait les choses \u00e0 moiti\u00e9, s\u2019imposant avec quinze secondes d\u2019avance sur Tom\u00a0! Auteur du holeshot, Tom a rapidement \u00e9t\u00e9 d\u00e9boit\u00e9 par Lucas et d\u00e8s lors il s\u2019est appliqu\u00e9 \u00e0 d\u00e9fendre sa seconde place qui lui permet de s\u2019emparer de la t\u00eate du championnat\u00a0! Jeffrey Herlings ne marque en effet aucun point (comme en Argentine) ce samedi, suite \u00e0 un accrochage au d\u00e9part avec Kay De Wolf qui avait lui aussi fait une belle s\u00e9ance chrono. La bagarre dans cette manche a concern\u00e9 Maxime Renaux et Romain Febvre, Romain n\u2019ayant eu besoin que de cinq tours pour passer de la septi\u00e8me \u00e0 la quatri\u00e8me place\u00a0; il ne parviendra pas \u00e0 prendre le meilleur sur Maxime qui assure une belle troisi\u00e8me place, alors que Tim Gajser ne peut faire mieux que huiti\u00e8me\u00a0! Il est devanc\u00e9 par Calvin Vlaanderen, Andrea Adamo et Mattia Guadagnini, Jeffrey terminant onzi\u00e8me devant Kay De Wolf et Kevin Horgmo, seul repr\u00e9sentant du team SR apr\u00e8s le crash aux essais libres de Thibault B\u00e9nistant. Les examens m\u00e9dicaux n\u2019ont r\u00e9v\u00e9l\u00e9 aucune fracture, mais le choc a \u00e9t\u00e9 assez violent pour qu\u2019il en reste l\u00e0.<\/p>\n<\/p>\n<div id=\"attachment_724614\" style=\"width: 1034px\" class=\"wp-caption alignnone\"><img loading=\"lazy\" decoding=\"async\" aria-describedby=\"caption-attachment-724614\" class=\"size-large wp-image-724614\" src=\"https:\/\/moto-station.com\/wp-content\/uploads\/2026\/03\/21\/COENEN-L_PH_2311-1024x683.jpg\" alt width=\"1024\" height=\"683\"><\/p>\n<p id=\"caption-attachment-724614\" class=\"wp-caption-text\">Et une victoire, une pour Lucas Coenen (Pic@PH)<\/p>\n<\/div>\n<div id=\"attachment_724624\" style=\"width: 1034px\" class=\"wp-caption alignnone\"><img loading=\"lazy\" decoding=\"async\" aria-describedby=\"caption-attachment-724624\" class=\"size-large wp-image-724624\" src=\"https:\/\/moto-station.com\/wp-content\/uploads\/2026\/03\/21\/RENAUX_PH_2350-1024x683.jpg\" alt width=\"1024\" height=\"683\"><\/p>\n<p id=\"caption-attachment-724624\" class=\"wp-caption-text\">Maxime Renaux prend une belle troisi\u00e8me place (Pic@PH)<\/p>\n<\/div>\n<p><strong>EMX 250\u00a0: Garcia devant un public chaud bouillant<\/strong><\/p>\n<p>Venu en masse, le public espagnol n\u2019a pas manqu\u00e9 d\u2019encourager Francisco Garcia qui n\u2019avait pas vraiment besoin de cela pour survoler la journ\u00e9e. Auteur du meilleur chrono dans les deux s\u00e9ances, il a rapidement pris le meilleur sur Mano Faure auteur du holeshot pour filer vers une victoire facile. Il s\u2019impose devant Jake Cannon et William Askew, alors qu\u2019Alexis Fueri a fait une superbe remont\u00e9e de la seizi\u00e8me \u00e0 la sixi\u00e8me place\u00a0! Victime d\u2019une chute au cours de la manche Mano Faure boucle la course en neuvi\u00e8me position, juste devant Tom Brunet.<\/p>\n<div id=\"attachment_724615\" style=\"width: 1034px\" class=\"wp-caption alignnone\"><img loading=\"lazy\" decoding=\"async\" aria-describedby=\"caption-attachment-724615\" class=\"size-large wp-image-724615\" src=\"https:\/\/moto-station.com\/wp-content\/uploads\/2026\/03\/21\/GARCIA_PH_3245-1024x683.jpg\" alt width=\"1024\" height=\"683\"><\/p>\n<p id=\"caption-attachment-724615\" class=\"wp-caption-text\">L\u2019homme \u00e0 battre en Europe 250, c\u2019est Francisco Garcia (Pic@PH)<\/p>\n<\/div>\n<p><strong>EMX 125\u00a0: Sleny Goyer confirme<\/strong><\/p>\n<p>S\u2019il n\u2019a rien pu faire face au jeune Autrichien Moritz Ernecker, en t\u00eate du d\u00e9but \u00e0 la fin de la manche, Sleny Goyer accroche une encourageante seconde place malgr\u00e9 un d\u00e9part dans le pack. Rapidement revenu en seconde position, il devance au finish Ryan Oppliger et un autre Autrichien, Ricardo Bauer. Liam Bruneau d\u00e9bute bien sa saison avec une sixi\u00e8me place, Leo Diss Fenard \u00e9tant le troisi\u00e8me tricolore dans les points en dix-huiti\u00e8me position alors que Rafael Mennillo a abandonn\u00e9.<\/p>\n<div id=\"attachment_724616\" style=\"width: 1034px\" class=\"wp-caption alignnone\"><img loading=\"lazy\" decoding=\"async\" aria-describedby=\"caption-attachment-724616\" class=\"size-large wp-image-724616\" src=\"https:\/\/moto-station.com\/wp-content\/uploads\/2026\/03\/21\/GOYER_PH_2521-1024x683.jpg\" alt width=\"1024\" height=\"683\"><\/p>\n<p id=\"caption-attachment-724616\" class=\"wp-caption-text\">Un bon d\u00e9but pour Sleny Goyer (Pic@PH)<\/p>\n<\/div>\n<p><img loading=\"lazy\" decoding=\"async\" class=\"alignnone size-large wp-image-724617\" src=\"https:\/\/moto-station.com\/wp-content\/uploads\/2026\/03\/21\/RMX2_QR_RaceClassification-4102_1_7_323_1_54D43EC2E5C307C6FBA0EAB9FFCDE1D5-724x1024.jpg\" alt width=\"724\" height=\"1024\"> <img loading=\"lazy\" decoding=\"async\" class=\"alignnone size-large wp-image-724618\" src=\"https:\/\/moto-station.com\/wp-content\/uploads\/2026\/03\/21\/RMXGP_QR_RaceClassification-4102_1_9_323_1_DEB4461B094784AE711920A872D9AEA2-724x1024.jpg\" alt width=\"724\" height=\"1024\"><img loading=\"lazy\" decoding=\"async\" class=\"alignnone size-large wp-image-724619\" src=\"https:\/\/moto-station.com\/wp-content\/uploads\/2026\/03\/21\/REMX125_R1_RaceClassification-4102_6_33_351_1_682ED4484EF4091A1A98CDEB732A400C-724x1024.jpg\" alt width=\"724\" height=\"1024\"> <img loading=\"lazy\" decoding=\"async\" class=\"alignnone size-large wp-image-724620\" src=\"https:\/\/moto-station.com\/wp-content\/uploads\/2026\/03\/21\/REMX250_R1_RaceClassification-4102_6_46_351_1_41F6305F813682CA2A12FD701EECD76A-724x1024.jpg\" alt width=\"724\" height=\"1024\"><\/p>\n<\/p><\/div>\n","protected":false},"excerpt":{"rendered":"<p>Sacha et Lucas Coenen ont tous deux bien d\u00e9but\u00e9 le premier round Europ\u00e9en du Mondial, s\u2019imposant tous deux dans leur manche qualificative respective. Si Sacha a du se montrer patient pour s\u2019emparer du leadership, Lucas a r\u00e9alis\u00e9 une impressionnante d\u00e9monstration de son c\u00f4t\u00e9\u00a0! La pluie nous a laiss\u00e9 tranquille ce samedi, et si les enceintes [&hellip;]<\/p>\n","protected":false},"author":1,"featured_media":0,"comment_status":"open","ping_status":"","sticky":false,"template":"","format":"standard","meta":{"footnotes":""},"categories":[1],"tags":[226,240],"class_list":["post-1839302","post","type-post","status-publish","format-standard","hentry","category-uncategorized","tag-crawlmanager","tag-moto-station-com"],"_links":{"self":[{"href":"https:\/\/analyse.optim.biz\/index.php?rest_route=\/wp\/v2\/posts\/1839302","targetHints":{"allow":["GET"]}}],"collection":[{"href":"https:\/\/analyse.optim.biz\/index.php?rest_route=\/wp\/v2\/posts"}],"about":[{"href":"https:\/\/analyse.optim.biz\/index.php?rest_route=\/wp\/v2\/types\/post"}],"author":[{"embeddable":true,"href":"https:\/\/analyse.optim.biz\/index.php?rest_route=\/wp\/v2\/users\/1"}],"replies":[{"embeddable":true,"href":"https:\/\/analyse.optim.biz\/index.php?rest_route=%2Fwp%2Fv2%2Fcomments&post=1839302"}],"version-history":[{"count":0,"href":"https:\/\/analyse.optim.biz\/index.php?rest_route=\/wp\/v2\/posts\/1839302\/revisions"}],"wp:attachment":[{"href":"https:\/\/analyse.optim.biz\/index.php?rest_route=%2Fwp%2Fv2%2Fmedia&parent=1839302"}],"wp:term":[{"taxonomy":"category","embeddable":true,"href":"https:\/\/analyse.optim.biz\/index.php?rest_route=%2Fwp%2Fv2%2Fcategories&post=1839302"},{"taxonomy":"post_tag","embeddable":true,"href":"https:\/\/analyse.optim.biz\/index.php?rest_route=%2Fwp%2Fv2%2Ftags&post=1839302"}],"curies":[{"name":"wp","href":"https:\/\/api.w.org\/{rel}","templated":true}]}}