{"id":183922,"date":"2015-04-01T11:30:20","date_gmt":"2015-04-01T08:30:20","guid":{"rendered":"https:\/\/analyse.optim.biz\/?p=183922"},"modified":"2015-04-01T11:30:20","modified_gmt":"2015-04-01T08:30:20","slug":"deputatii-liberali-si-au-pus-bonuri-fiscale-in-piept-in-plenul-camerei","status":"publish","type":"post","link":"https:\/\/analyse.optim.biz\/?p=183922","title":{"rendered":"Deputa\u021bii liberali \u0219i-au pus bonuri fiscale \u00een piept \u00een plenul Camerei"},"content":{"rendered":"<div class=\"entry data-app-meta data-app-meta-article\" data-embed-base-url-canonical=\"https:\/\/www.digi24.ro\/embed\/stiri\/actualitate\/politica\/deputatii-liberali-si-au-pus-bonuri-fiscale-in-piept-in-plenul-camerei-374795\">\n<p data-index=\"1\">Victor Ponta a refuzat atunci s\u0103 r\u0103spund\u0103 \u00eentreb\u0103rilor jurnali\u015ftilor, motiv\u00e2nd c\u0103 d\u0103 explica\u0163ii doar reporterilor ai c\u0103ror patroni \u00ee\u015fi pl\u0103tesc taxele \u015fi impozitele. \u00cen plus, premierul a refuzat s\u0103 comenteze votul senatorilor social-democra\u0163i \u00eempotriva arest\u0103rii lui Dan \u015eova \u015fi nici nu a dorit s\u0103 spun\u0103 dac\u0103 ace\u015ftia vor fi sanc\u0163iona\u0163i. <\/p>\n<p data-index=\"2\">Liberalii spun c\u0103 nu este normal ca PSD s\u0103 fac\u0103 scut \u00een fa\u0163a parlamentarilor cu probleme cu justi\u0163ia. Protestul PNL din Camera Deputa\u0163ilor l-a iritat pe pre\u015fedintele Camerei, social democratul Valeriu Zgonea, care i-a atras aten\u0163ia deputatei Cristina Pocora c\u0103 \u00eencalc\u0103 regulamentul chiar \u00een momentul \u00een care acesta acorda o declara\u021bie reporterului Digi24. (vezi video)<\/p>\n<\/div>\n<p> Source URL: https:\/\/www.digi24.ro\/stiri\/actualitate\/politica\/deputatii-liberali-si-au-pus-bonuri-fiscale-in-piept-in-plenul-camerei-374795<\/p>\n","protected":false},"excerpt":{"rendered":"<p>Victor Ponta a refuzat atunci s\u0103 r\u0103spund\u0103 \u00eentreb\u0103rilor jurnali\u015ftilor, motiv\u00e2nd c\u0103 d\u0103 explica\u0163ii doar reporterilor ai c\u0103ror patroni \u00ee\u015fi pl\u0103tesc taxele \u015fi impozitele. \u00cen plus, premierul a refuzat s\u0103 comenteze votul senatorilor social-democra\u0163i \u00eempotriva arest\u0103rii lui Dan \u015eova \u015fi nici nu a dorit s\u0103 spun\u0103 dac\u0103 ace\u015ftia vor fi sanc\u0163iona\u0163i. Liberalii spun c\u0103 nu este [&hellip;]<\/p>\n","protected":false},"author":1,"featured_media":183923,"comment_status":"open","ping_status":"","sticky":false,"template":"","format":"standard","meta":{"footnotes":""},"categories":[2],"tags":[11],"class_list":["post-183922","post","type-post","status-publish","format-standard","has-post-thumbnail","hentry","category-politics","tag-digi24"],"_links":{"self":[{"href":"https:\/\/analyse.optim.biz\/index.php?rest_route=\/wp\/v2\/posts\/183922","targetHints":{"allow":["GET"]}}],"collection":[{"href":"https:\/\/analyse.optim.biz\/index.php?rest_route=\/wp\/v2\/posts"}],"about":[{"href":"https:\/\/analyse.optim.biz\/index.php?rest_route=\/wp\/v2\/types\/post"}],"author":[{"embeddable":true,"href":"https:\/\/analyse.optim.biz\/index.php?rest_route=\/wp\/v2\/users\/1"}],"replies":[{"embeddable":true,"href":"https:\/\/analyse.optim.biz\/index.php?rest_route=%2Fwp%2Fv2%2Fcomments&post=183922"}],"version-history":[{"count":0,"href":"https:\/\/analyse.optim.biz\/index.php?rest_route=\/wp\/v2\/posts\/183922\/revisions"}],"wp:featuredmedia":[{"embeddable":true,"href":"https:\/\/analyse.optim.biz\/index.php?rest_route=\/wp\/v2\/media\/183923"}],"wp:attachment":[{"href":"https:\/\/analyse.optim.biz\/index.php?rest_route=%2Fwp%2Fv2%2Fmedia&parent=183922"}],"wp:term":[{"taxonomy":"category","embeddable":true,"href":"https:\/\/analyse.optim.biz\/index.php?rest_route=%2Fwp%2Fv2%2Fcategories&post=183922"},{"taxonomy":"post_tag","embeddable":true,"href":"https:\/\/analyse.optim.biz\/index.php?rest_route=%2Fwp%2Fv2%2Ftags&post=183922"}],"curies":[{"name":"wp","href":"https:\/\/api.w.org\/{rel}","templated":true}]}}