{"id":1839051,"date":"2026-03-20T05:15:44","date_gmt":"2026-03-20T02:15:44","guid":{"rendered":"https:\/\/analyse.optim.biz\/?p=1839051"},"modified":"2026-03-20T05:15:44","modified_gmt":"2026-03-20T02:15:44","slug":"corul-rapsodia-de-la-scoala-gimnaziala-cristofor-simionescu-plopeni-va-reprezenta-judetul-suceava-la-etapa-zonala-a-olimpiadei-corale","status":"publish","type":"post","link":"https:\/\/analyse.optim.biz\/?p=1839051","title":{"rendered":"Corul ,,Rapsodia\u201d de la \u0218coala Gimnazial\u0103 ,,Cristofor Simionescu\u201d Plopeni va reprezenta jude\u021bul Suceava la etapa zonal\u0103 a Olimpiadei Corale"},"content":{"rendered":"<p>[analyse_image type=&#8221;featured&#8221; src=&#8221;https:\/\/www.radiotop.ro\/img\/media\/2026\/03\/cor-plopeni.jpghttps:\/\/www.radiotop.ro\/img\/media\/2026\/03\/cor-plopeni.jpg&#8221;]<\/p>\n<div class=\"entry-content no-share\">\n<div class=\"content-inner \">\n<div class=\"jeg_preview_slider gallery_1\" data-selector=\"gallery_1\">\n<div class=\"jeg_preview_holder\">\n<div class=\"jeg_preview_media\">\n<div class=\"jeg_preview_media_holder\">\n<h3>\u00a0<\/h3>\n<div class=\"jeg_preview_control\">\n<div class=\"left_control\">\n<div class=\"counter\"><span class=\"current\">1<\/span> of  2<\/div>\n<\/div>\n<div class=\"zoom\"><span class=\"reduce\">&#8211;<\/span><span class=\"increase\">+<\/span><\/div>\n<\/div>\n<\/div>\n<\/div>\n<div class=\"jeg_preview_bottom_slider\"><a data-id=\"0\" data-title data-image=\"https:\/\/www.radiotop.ro\/img\/media\/2026\/03\/cor-fete-stefan.jpg\" href=\"https:\/\/www.radiotop.ro\/img\/media\/2026\/03\/cor-fete-stefan.jpg\" class=\"jeg_preview_item active\"><\/p>\n<div class=\"jeg_preview_item_thumbnail\"><img loading=\"lazy\" decoding=\"async\" width=\"120\" height=\"86\" src=\"https:\/\/www.radiotop.ro\/img\/media\/2026\/03\/cor-fete-stefan-120x86.jpg\" class=\"attachment-jnews-120x86 size-jnews-120x86\" alt><\/div>\n<p><\/a><a data-id=\"1\" data-title data-image=\"https:\/\/www.radiotop.ro\/img\/media\/2026\/03\/cor-seminar.jpg\" href=\"https:\/\/www.radiotop.ro\/img\/media\/2026\/03\/cor-seminar.jpg\" class=\"jeg_preview_item \"><\/p>\n<div class=\"jeg_preview_item_thumbnail\"><img loading=\"lazy\" decoding=\"async\" width=\"120\" height=\"86\" src=\"https:\/\/www.radiotop.ro\/img\/media\/2026\/03\/cor-seminar-120x86.jpg\" class=\"attachment-jnews-120x86 size-jnews-120x86\" alt><\/div>\n<p><\/a><\/div>\n<\/div>\n<\/div>\n<p>Corul ,,Rapsodia\u201d de la \u0218coala Gimnazial\u0103 ,,Cristofor Simionescu\u201d Plopeni va reprezenta jude\u021bul Suceava la etapa zonal\u0103 a Olimpiadei Corale, care va avea loc la Vaslui pe 4 aprilie. \u00centre 6 \u0219i 8 mai, la Buz\u0103u, va avea loc faza na\u021bional\u0103.<\/p>\n<p>Centrul Multifunc\u021bional \u201eArta\u201d a g\u0103zduit a XI-a edi\u021bie a Concursului Jude\u021bean Coral, faz\u0103 preliminar\u0103 a Olimpiadei zonale. \u00cen concurs s-au \u00eenscris 10 forma\u0163ii corale, un grup vocal, trei grupuri folk care au fost evaluate de un juriu de specialitate format din cadre didactice de Educa\u021bie muzical\u0103\/Muzic\u0103 specializat\u0103 de la Colegiul de Art\u0103 \u201eCiprian Porumbescu\u201d Suceava \u015fi profesori metodi\u015fti din jude\u0163.<\/p>\n<p>Conform Inspectoratului \u0218colar Suceava, Corala de fete ,,Ciprian Porumbescu\u201d a Colegiul Na\u021bional ,,\u0218tefan cel Mare\u201d Suceava \u0219i Corala ,,Mitropolitul Dosoftei\u201d a Seminarul Teologic Liceal Ortodox ,,Mitropolitul Dosoftei\u201d Suceava sunt calificate la sec\u021biunea coruri liceale, altele dec\u00e2t cele de muzic\u0103 \u0219i licee\/seminarii teologice.<\/p>\n<p>Etapa jude\u021bean\u0103 a Olimpiadei na\u021bionale coral\u0103 a fost coordonat\u0103 de inspectorul \u0219colar pentru arte, prof. Loredana \u2013 Mihaela Ceic\u0103.<\/p>\n<\/div>\n<\/div>\n<div class=\"content-inner \">\n<div class=\"jeg_preview_slider gallery_1\" data-selector=\"gallery_1\">\n<div class=\"jeg_preview_holder\">\n<div class=\"jeg_preview_media\">\n<div class=\"jeg_preview_media_holder\">\n<h3>\u00a0<\/h3>\n<div class=\"jeg_preview_control\">\n<div class=\"left_control\">\n<div class=\"counter\"><span class=\"current\">1<\/span> of  2<\/div>\n<\/div>\n<div class=\"zoom\"><span class=\"reduce\">&#8211;<\/span><span class=\"increase\">+<\/span><\/div>\n<\/div>\n<\/div>\n<\/div>\n<div class=\"jeg_preview_bottom_slider\"><a data-id=\"0\" data-title data-image=\"https:\/\/www.radiotop.ro\/img\/media\/2026\/03\/cor-fete-stefan.jpg\" href=\"https:\/\/www.radiotop.ro\/img\/media\/2026\/03\/cor-fete-stefan.jpg\" class=\"jeg_preview_item active\"><\/p>\n<div class=\"jeg_preview_item_thumbnail\"><img loading=\"lazy\" decoding=\"async\" width=\"120\" height=\"86\" src=\"https:\/\/www.radiotop.ro\/img\/media\/2026\/03\/cor-fete-stefan-120x86.jpg\" class=\"attachment-jnews-120x86 size-jnews-120x86\" alt><\/div>\n<p><\/a><a data-id=\"1\" data-title data-image=\"https:\/\/www.radiotop.ro\/img\/media\/2026\/03\/cor-seminar.jpg\" href=\"https:\/\/www.radiotop.ro\/img\/media\/2026\/03\/cor-seminar.jpg\" class=\"jeg_preview_item \"><\/p>\n<div class=\"jeg_preview_item_thumbnail\"><img loading=\"lazy\" decoding=\"async\" width=\"120\" height=\"86\" src=\"https:\/\/www.radiotop.ro\/img\/media\/2026\/03\/cor-seminar-120x86.jpg\" class=\"attachment-jnews-120x86 size-jnews-120x86\" alt><\/div>\n<p><\/a><\/div>\n<\/div>\n<\/div>\n<p>Corul ,,Rapsodia\u201d de la \u0218coala Gimnazial\u0103 ,,Cristofor Simionescu\u201d Plopeni va reprezenta jude\u021bul Suceava la etapa zonal\u0103 a Olimpiadei Corale, care va avea loc la Vaslui pe 4 aprilie. \u00centre 6 \u0219i 8 mai, la Buz\u0103u, va avea loc faza na\u021bional\u0103.<\/p>\n<p>Centrul Multifunc\u021bional \u201eArta\u201d a g\u0103zduit a XI-a edi\u021bie a Concursului Jude\u021bean Coral, faz\u0103 preliminar\u0103 a Olimpiadei zonale. \u00cen concurs s-au \u00eenscris 10 forma\u0163ii corale, un grup vocal, trei grupuri folk care au fost evaluate de un juriu de specialitate format din cadre didactice de Educa\u021bie muzical\u0103\/Muzic\u0103 specializat\u0103 de la Colegiul de Art\u0103 \u201eCiprian Porumbescu\u201d Suceava \u015fi profesori metodi\u015fti din jude\u0163.<\/p>\n<p>Conform Inspectoratului \u0218colar Suceava, Corala de fete ,,Ciprian Porumbescu\u201d a Colegiul Na\u021bional ,,\u0218tefan cel Mare\u201d Suceava \u0219i Corala ,,Mitropolitul Dosoftei\u201d a Seminarul Teologic Liceal Ortodox ,,Mitropolitul Dosoftei\u201d Suceava sunt calificate la sec\u021biunea coruri liceale, altele dec\u00e2t cele de muzic\u0103 \u0219i licee\/seminarii teologice.<\/p>\n<p>Etapa jude\u021bean\u0103 a Olimpiadei na\u021bionale coral\u0103 a fost coordonat\u0103 de inspectorul \u0219colar pentru arte, prof. Loredana \u2013 Mihaela Ceic\u0103.<\/p>\n<\/div>\n<p>[analyse_source url=&#8221;https:\/\/www.radiotop.ro\/educatie\/corul-rapsodia-de-la-scoala-gimnaziala-cristofor-simionescu-plopeni-va-reprezenta-judetul-suceava-la-etapa-zonala-a-olimpiadei-corale.html&#8221;]<\/p>\n","protected":false},"excerpt":{"rendered":"<p>[analyse_image type=&#8221;featured&#8221; src=&#8221;https:\/\/www.radiotop.ro\/img\/media\/2026\/03\/cor-plopeni.jpghttps:\/\/www.radiotop.ro\/img\/media\/2026\/03\/cor-plopeni.jpg&#8221;] \u00a0 1 of 2 &#8211;+ Corul ,,Rapsodia\u201d de la \u0218coala Gimnazial\u0103 ,,Cristofor Simionescu\u201d Plopeni va reprezenta jude\u021bul Suceava la etapa zonal\u0103 a Olimpiadei Corale, care va avea loc la Vaslui pe 4 aprilie. \u00centre 6 \u0219i 8 mai, la Buz\u0103u, va avea loc faza na\u021bional\u0103. Centrul Multifunc\u021bional \u201eArta\u201d a g\u0103zduit a XI-a [&hellip;]<\/p>\n","protected":false},"author":1,"featured_media":0,"comment_status":"open","ping_status":"","sticky":false,"template":"","format":"standard","meta":{"footnotes":""},"categories":[89],"tags":[226,163],"class_list":["post-1839051","post","type-post","status-publish","format-standard","hentry","category-romania","tag-crawlmanager","tag-radiotop-ro"],"_links":{"self":[{"href":"https:\/\/analyse.optim.biz\/index.php?rest_route=\/wp\/v2\/posts\/1839051","targetHints":{"allow":["GET"]}}],"collection":[{"href":"https:\/\/analyse.optim.biz\/index.php?rest_route=\/wp\/v2\/posts"}],"about":[{"href":"https:\/\/analyse.optim.biz\/index.php?rest_route=\/wp\/v2\/types\/post"}],"author":[{"embeddable":true,"href":"https:\/\/analyse.optim.biz\/index.php?rest_route=\/wp\/v2\/users\/1"}],"replies":[{"embeddable":true,"href":"https:\/\/analyse.optim.biz\/index.php?rest_route=%2Fwp%2Fv2%2Fcomments&post=1839051"}],"version-history":[{"count":0,"href":"https:\/\/analyse.optim.biz\/index.php?rest_route=\/wp\/v2\/posts\/1839051\/revisions"}],"wp:attachment":[{"href":"https:\/\/analyse.optim.biz\/index.php?rest_route=%2Fwp%2Fv2%2Fmedia&parent=1839051"}],"wp:term":[{"taxonomy":"category","embeddable":true,"href":"https:\/\/analyse.optim.biz\/index.php?rest_route=%2Fwp%2Fv2%2Fcategories&post=1839051"},{"taxonomy":"post_tag","embeddable":true,"href":"https:\/\/analyse.optim.biz\/index.php?rest_route=%2Fwp%2Fv2%2Ftags&post=1839051"}],"curies":[{"name":"wp","href":"https:\/\/api.w.org\/{rel}","templated":true}]}}