{"id":1839049,"date":"2026-03-20T04:56:51","date_gmt":"2026-03-20T01:56:51","guid":{"rendered":"https:\/\/analyse.optim.biz\/?p=1839049"},"modified":"2026-03-20T04:56:51","modified_gmt":"2026-03-20T01:56:51","slug":"suceava-va-fi-reprezentata-de-11-elevi-la-etapa-nationala-a-olimpiadei-de-educatie-tehnologica-si-aplicatii-practice","status":"publish","type":"post","link":"https:\/\/analyse.optim.biz\/?p=1839049","title":{"rendered":"Suceava va fi reprezentat\u0103 de 11 elevi la etapa na\u021bional\u0103 a Olimpiadei de educa\u021bie tehnologic\u0103 \u0219i aplica\u021bii practice"},"content":{"rendered":"<p>[analyse_image type=&#8221;featured&#8221; src=&#8221;https:\/\/www.radiotop.ro\/img\/media\/2020\/06\/laborator-auto.jpghttps:\/\/www.radiotop.ro\/img\/media\/2020\/06\/laborator-auto.jpg&#8221;]<\/p>\n<div class=\"entry-content no-share\">\n<div class=\"content-inner \">\n<p>Jude\u021bul Suceava va fi reprezentat la etapa na\u021bional\u0103 a Olimpiadei de educa\u021bie tehnologic\u0103 \u0219i aplica\u021bii practice de 11 elevi. Ace\u0219tia au ob\u021binut cele mai bune rezultate la faza jude\u021bean\u0103 care a fost g\u0103zduit\u0103 de \u0218coala Gimnazial\u0103 nr. 8 Suceava. Faza na\u021bional\u0103 va avea loc la Bucure\u0219ti, \u00een perioada 7-10 aprilie.<\/p>\n<p>Iat\u0103 lotul jude\u021bului Suceava \u0219i profesorii \u00eendrum\u0103tori ai elevilor:<\/p>\n<p>Clasa a V-a<\/p>\n<ul>\n<li>Herghiligiu Teodora (premiul I la faza jude\u021bean\u0103), \u0218coala Gimnazial\u0103 \u201eGeorge Voievidca\u201d C\u00e2mpulung Moldovenesc, profesor Juverdeanu Gabriela.<\/li>\n<\/ul>\n<p>Clasa a VI-a:<\/p>\n<ul>\n<li>Guri\u021ba Octavian (premiul I la faza jude\u021bean\u0103), Liceul Tehnologic \u201eMihai Eminescu\u201d Dumbr\u0103veni, profesor Bolohan Irinel Romeo<\/li>\n<li>Ocheana Maria (premiul II la faza jude\u021bean\u0103), \u0218coala Gimnazial\u0103 \u201eEp. Gherasim Putneanul\u201d Vadu Moldovei, profesor Iacob Viorel.<\/li>\n<\/ul>\n<p>Clasa a VII-a:<\/p>\n<ul>\n<li>Sasu Maria Amalia (premiul I la faza jude\u021bean\u0103), \u0218coala Gimnazial\u0103 Preute\u0219ti, profesor Turcu Marcela<\/li>\n<li>Manole Ionela Anastasia (premiul II la faza jude\u021bean\u0103), \u0218coala Gimnazial\u0103 \u201eEp. Gherasim Putneanul\u201d Vadu Moldovei, profesor Iacob Viorel<\/li>\n<li>Axinia Narcisa Maria (premiul III la faza jude\u021bean\u0103), \u0218coala Gimnazial\u0103 Preute\u0219ti, profesor Turcu Marcela.<\/li>\n<\/ul>\n<p>Clasa a VIII-a:<\/p>\n<ul>\n<li>Ciciu Georgiana-Cristina (premiul I la faza jude\u021bean\u0103), \u0218coala Gimnazial\u0103 \u201eEp. Gherasim Putneanul\u201d Vadu Moldovei, profesor Iacob Viorel<\/li>\n<li>\u021aurcanu Andrei-Sebastian (premiul II la faza jude\u021bean\u0103), \u0218coala Gimnazial\u0103 \u201eIon Creang\u0103\u201d Suceava, profesor Leonte \u0218tefan<\/li>\n<li>Niga Andrei (premiul III la faza jude\u021bean\u0103), \u0218coala Gimnazial\u0103 \u201eGeorge Voievidca\u201d C\u00e2mpulung Moldovenesc, profesor Juverdeanu Gabriela<\/li>\n<li>Mustea\u021b\u0103 Tudor Gabriel (Men\u021biune la faza jude\u021bean\u0103), \u0218coala Gimnazial\u0103 \u201eIon Creang\u0103\u201d Suceava, profesor Leonte \u0218tefan<\/li>\n<li>B\u00e2lb\u0103 Andrei (Men\u021biune la faza jude\u021bean\u0103), Colegiul Na\u021bional \u201e\u0218tefan cel Mare\u201d Suceava, profesor Hu\u021banu Angela.<\/li>\n<\/ul>\n<p>Etapa jude\u021bean\u0103 a Olimpiadei na\u021bionale de educa\u021bie tehnologic\u0103 \u0219i aplica\u021bii practice a fost coordonat\u0103 de inspectorul \u0219colar prof. Dumitru-Gavril Ursulean.<\/p>\n<\/div>\n<\/div>\n<div class=\"content-inner \">\n<p>Jude\u021bul Suceava va fi reprezentat la etapa na\u021bional\u0103 a Olimpiadei de educa\u021bie tehnologic\u0103 \u0219i aplica\u021bii practice de 11 elevi. Ace\u0219tia au ob\u021binut cele mai bune rezultate la faza jude\u021bean\u0103 care a fost g\u0103zduit\u0103 de \u0218coala Gimnazial\u0103 nr. 8 Suceava. Faza na\u021bional\u0103 va avea loc la Bucure\u0219ti, \u00een perioada 7-10 aprilie.<\/p>\n<p>Iat\u0103 lotul jude\u021bului Suceava \u0219i profesorii \u00eendrum\u0103tori ai elevilor:<\/p>\n<p>Clasa a V-a<\/p>\n<ul>\n<li>Herghiligiu Teodora (premiul I la faza jude\u021bean\u0103), \u0218coala Gimnazial\u0103 \u201eGeorge Voievidca\u201d C\u00e2mpulung Moldovenesc, profesor Juverdeanu Gabriela.<\/li>\n<\/ul>\n<p>Clasa a VI-a:<\/p>\n<ul>\n<li>Guri\u021ba Octavian (premiul I la faza jude\u021bean\u0103), Liceul Tehnologic \u201eMihai Eminescu\u201d Dumbr\u0103veni, profesor Bolohan Irinel Romeo<\/li>\n<li>Ocheana Maria (premiul II la faza jude\u021bean\u0103), \u0218coala Gimnazial\u0103 \u201eEp. Gherasim Putneanul\u201d Vadu Moldovei, profesor Iacob Viorel.<\/li>\n<\/ul>\n<p>Clasa a VII-a:<\/p>\n<ul>\n<li>Sasu Maria Amalia (premiul I la faza jude\u021bean\u0103), \u0218coala Gimnazial\u0103 Preute\u0219ti, profesor Turcu Marcela<\/li>\n<li>Manole Ionela Anastasia (premiul II la faza jude\u021bean\u0103), \u0218coala Gimnazial\u0103 \u201eEp. Gherasim Putneanul\u201d Vadu Moldovei, profesor Iacob Viorel<\/li>\n<li>Axinia Narcisa Maria (premiul III la faza jude\u021bean\u0103), \u0218coala Gimnazial\u0103 Preute\u0219ti, profesor Turcu Marcela.<\/li>\n<\/ul>\n<p>Clasa a VIII-a:<\/p>\n<ul>\n<li>Ciciu Georgiana-Cristina (premiul I la faza jude\u021bean\u0103), \u0218coala Gimnazial\u0103 \u201eEp. Gherasim Putneanul\u201d Vadu Moldovei, profesor Iacob Viorel<\/li>\n<li>\u021aurcanu Andrei-Sebastian (premiul II la faza jude\u021bean\u0103), \u0218coala Gimnazial\u0103 \u201eIon Creang\u0103\u201d Suceava, profesor Leonte \u0218tefan<\/li>\n<li>Niga Andrei (premiul III la faza jude\u021bean\u0103), \u0218coala Gimnazial\u0103 \u201eGeorge Voievidca\u201d C\u00e2mpulung Moldovenesc, profesor Juverdeanu Gabriela<\/li>\n<li>Mustea\u021b\u0103 Tudor Gabriel (Men\u021biune la faza jude\u021bean\u0103), \u0218coala Gimnazial\u0103 \u201eIon Creang\u0103\u201d Suceava, profesor Leonte \u0218tefan<\/li>\n<li>B\u00e2lb\u0103 Andrei (Men\u021biune la faza jude\u021bean\u0103), Colegiul Na\u021bional \u201e\u0218tefan cel Mare\u201d Suceava, profesor Hu\u021banu Angela.<\/li>\n<\/ul>\n<p>Etapa jude\u021bean\u0103 a Olimpiadei na\u021bionale de educa\u021bie tehnologic\u0103 \u0219i aplica\u021bii practice a fost coordonat\u0103 de inspectorul \u0219colar prof. Dumitru-Gavril Ursulean.<\/p>\n<\/div>\n<p>[analyse_source url=&#8221;https:\/\/www.radiotop.ro\/educatie\/suceava-va-fi-reprezentata-de-11-elevi-la-etapa-nationala-a-olimpiadei-de-educatie-tehnologica-si-aplicatii-practice.html&#8221;]<\/p>\n","protected":false},"excerpt":{"rendered":"<p>[analyse_image type=&#8221;featured&#8221; src=&#8221;https:\/\/www.radiotop.ro\/img\/media\/2020\/06\/laborator-auto.jpghttps:\/\/www.radiotop.ro\/img\/media\/2020\/06\/laborator-auto.jpg&#8221;] Jude\u021bul Suceava va fi reprezentat la etapa na\u021bional\u0103 a Olimpiadei de educa\u021bie tehnologic\u0103 \u0219i aplica\u021bii practice de 11 elevi. Ace\u0219tia au ob\u021binut cele mai bune rezultate la faza jude\u021bean\u0103 care a fost g\u0103zduit\u0103 de \u0218coala Gimnazial\u0103 nr. 8 Suceava. Faza na\u021bional\u0103 va avea loc la Bucure\u0219ti, \u00een perioada 7-10 aprilie. Iat\u0103 lotul [&hellip;]<\/p>\n","protected":false},"author":1,"featured_media":0,"comment_status":"open","ping_status":"","sticky":false,"template":"","format":"standard","meta":{"footnotes":""},"categories":[89],"tags":[226,163],"class_list":["post-1839049","post","type-post","status-publish","format-standard","hentry","category-romania","tag-crawlmanager","tag-radiotop-ro"],"_links":{"self":[{"href":"https:\/\/analyse.optim.biz\/index.php?rest_route=\/wp\/v2\/posts\/1839049","targetHints":{"allow":["GET"]}}],"collection":[{"href":"https:\/\/analyse.optim.biz\/index.php?rest_route=\/wp\/v2\/posts"}],"about":[{"href":"https:\/\/analyse.optim.biz\/index.php?rest_route=\/wp\/v2\/types\/post"}],"author":[{"embeddable":true,"href":"https:\/\/analyse.optim.biz\/index.php?rest_route=\/wp\/v2\/users\/1"}],"replies":[{"embeddable":true,"href":"https:\/\/analyse.optim.biz\/index.php?rest_route=%2Fwp%2Fv2%2Fcomments&post=1839049"}],"version-history":[{"count":0,"href":"https:\/\/analyse.optim.biz\/index.php?rest_route=\/wp\/v2\/posts\/1839049\/revisions"}],"wp:attachment":[{"href":"https:\/\/analyse.optim.biz\/index.php?rest_route=%2Fwp%2Fv2%2Fmedia&parent=1839049"}],"wp:term":[{"taxonomy":"category","embeddable":true,"href":"https:\/\/analyse.optim.biz\/index.php?rest_route=%2Fwp%2Fv2%2Fcategories&post=1839049"},{"taxonomy":"post_tag","embeddable":true,"href":"https:\/\/analyse.optim.biz\/index.php?rest_route=%2Fwp%2Fv2%2Ftags&post=1839049"}],"curies":[{"name":"wp","href":"https:\/\/api.w.org\/{rel}","templated":true}]}}