{"id":1839045,"date":"2026-03-19T12:41:31","date_gmt":"2026-03-19T09:41:31","guid":{"rendered":"https:\/\/analyse.optim.biz\/?p=1839045"},"modified":"2026-03-19T12:41:31","modified_gmt":"2026-03-19T09:41:31","slug":"suceava-va-fi-reprezentata-la-faza-nationala-a-olimpiadei-de-geografie-de-11-elevi","status":"publish","type":"post","link":"https:\/\/analyse.optim.biz\/?p=1839045","title":{"rendered":"Suceava va fi reprezentat\u0103 la faza na\u021bional\u0103 a Olimpiadei de Geografie de 11 elevi"},"content":{"rendered":"<p>[analyse_image type=&#8221;featured&#8221; src=&#8221;https:\/\/www.radiotop.ro\/img\/media\/2024\/09\/cornu-luncii-sala-clasa.jpghttps:\/\/www.radiotop.ro\/img\/media\/2024\/09\/cornu-luncii-sala-clasa.jpg&#8221;]<\/p>\n<div class=\"entry-content no-share\">\n<div class=\"content-inner \">\n<p>11 din cei 51 de elevi suceveni care au participat la faza jude\u021bean\u0103 a Olimpiadei de Geografie s-au calificat la faza na\u021bional\u0103 a competi\u021biei. Faza jude\u021ban\u0103 a fost coordonat\u0103 de inspectorul \u0219colar pentru geografie, prof. Doini\u021ba Felicia \u021aolca.<\/p>\n<p>Inspectoratul \u0218colar Suceava a transmis lista cu numele elevilor califica\u021bi \u0219i a profesorilor coordonatori.<\/p>\n<p>La clasa a VIII-a, Cojocariu Maya Camelia, elev\u0103 la \u0218coala Gimnazial\u0103 nr. 4 Suceava, s-a calificat din oficiu, fiind preg\u0103tit\u0103 de profesor dr. Nistor Bogdan. Pe locuri suplimentare s-au calificat S\u00eerghi Amalia Maria (\u0218coala Gimnazial\u0103 Ipote\u0219ti), \u00eendrumat\u0103 de profesor Adochi\u021bei Adriana, Siretian Daniel (\u0218coala Gimnazial\u0103 \u201eMiron Costin\u201d Suceava), sub coordonarea profesoarei T\u0103n\u0103san Lumini\u021ba, \u0219i Onu\u021bu Ioan Ciprian (\u0218coala Gimnazial\u0103 \u201eIon Creang\u0103\u201d Suceava), preg\u0103tit de profesor Savin C\u0103t\u0103lin.<\/p>\n<p>La clasa a IX-a, Apostol Andreea, elev\u0103 la Colegiul Na\u021bional \u201eNicu Gane\u201d F\u0103lticeni, s-a calificat din oficiu, sub \u00eendrumarea profesorului dr. Porof Marcel. Totodat\u0103, Iosep Adelina Maria, elev\u0103 la Colegiul Na\u021bional \u201eMihai Eminescu\u201d Suceava, coordonat\u0103 de profesoara N\u0103sulea Florentina, a ob\u021binut calificarea pe loc suplimentar.<\/p>\n<p>La clasa a X-a, Sava Matei, elev la Colegiul Na\u021bional \u201ePetru Rare\u0219\u201d Suceava, s-a calificat din oficiu, fiind preg\u0103tit de profesor Cazacu Marius Constantin.<\/p>\n<p>Pentru clasa a XI-a, Opri\u0219an Lucian Alexandru, elev la Colegiul Na\u021bional \u201ePetru Rare\u0219\u201d Suceava, s-a calificat din oficiu, av\u00e2nd acela\u0219i profesor \u00eendrum\u0103tor, Cazacu Marius Constantin. Pe loc suplimentar s-a calificat Pu\u0219ca\u0219 Paula Mariana, elev\u0103 la Colegiul Na\u021bional Militar \u201e\u0218tefan cel Mare\u201d C\u00e2mpulung Moldovenesc, preg\u0103tit\u0103 de profesor Ciuma\u0219u Radu George.<\/p>\n<p>La clasa a XII-a, Popescu Larisa-Ioana, elev\u0103 la Colegiul Na\u021bional \u201eMihai Eminescu\u201d Suceava, s-a calificat din oficiu, sub \u00eendrumarea profesoarei N\u0103sulea Florentina. De asemenea, Moisii Andrei, elev la Colegiul Na\u021bional \u201eNicu Gane\u201d F\u0103lticeni, coordonat de profesor R\u0103dulescu Alexandru, a ob\u021binut calificarea pe loc suplimentar.<\/p>\n<p>Etapa na\u021bional\u0103 a Olimpiadei na\u021bionale de geografie va avea loc la Hunedoara, \u00een perioada 5\u201310 aprilie 2026.<\/p>\n<p>Lotul jude\u021bului Suceava va fi \u00eenso\u021bit de N\u0103sulea Florentina, profesor la Colegiul Na\u021bional \u201eMihai Eminescu\u201d Suceava \u0219i de \u021aolca Doini\u021ba Felicia, profesor la Colegiul de Art\u0103 \u201eCiprian Porumbescu\u201d Suceava \u0219i inspector de specialitate \u00een cadrul Inspectoratului \u0218colar Jude\u021bean Suceava.<\/p>\n<\/div>\n<\/div>\n<div class=\"content-inner \">\n<p>11 din cei 51 de elevi suceveni care au participat la faza jude\u021bean\u0103 a Olimpiadei de Geografie s-au calificat la faza na\u021bional\u0103 a competi\u021biei. Faza jude\u021ban\u0103 a fost coordonat\u0103 de inspectorul \u0219colar pentru geografie, prof. Doini\u021ba Felicia \u021aolca.<\/p>\n<p>Inspectoratul \u0218colar Suceava a transmis lista cu numele elevilor califica\u021bi \u0219i a profesorilor coordonatori.<\/p>\n<p>La clasa a VIII-a, Cojocariu Maya Camelia, elev\u0103 la \u0218coala Gimnazial\u0103 nr. 4 Suceava, s-a calificat din oficiu, fiind preg\u0103tit\u0103 de profesor dr. Nistor Bogdan. Pe locuri suplimentare s-au calificat S\u00eerghi Amalia Maria (\u0218coala Gimnazial\u0103 Ipote\u0219ti), \u00eendrumat\u0103 de profesor Adochi\u021bei Adriana, Siretian Daniel (\u0218coala Gimnazial\u0103 \u201eMiron Costin\u201d Suceava), sub coordonarea profesoarei T\u0103n\u0103san Lumini\u021ba, \u0219i Onu\u021bu Ioan Ciprian (\u0218coala Gimnazial\u0103 \u201eIon Creang\u0103\u201d Suceava), preg\u0103tit de profesor Savin C\u0103t\u0103lin.<\/p>\n<p>La clasa a IX-a, Apostol Andreea, elev\u0103 la Colegiul Na\u021bional \u201eNicu Gane\u201d F\u0103lticeni, s-a calificat din oficiu, sub \u00eendrumarea profesorului dr. Porof Marcel. Totodat\u0103, Iosep Adelina Maria, elev\u0103 la Colegiul Na\u021bional \u201eMihai Eminescu\u201d Suceava, coordonat\u0103 de profesoara N\u0103sulea Florentina, a ob\u021binut calificarea pe loc suplimentar.<\/p>\n<p>La clasa a X-a, Sava Matei, elev la Colegiul Na\u021bional \u201ePetru Rare\u0219\u201d Suceava, s-a calificat din oficiu, fiind preg\u0103tit de profesor Cazacu Marius Constantin.<\/p>\n<p>Pentru clasa a XI-a, Opri\u0219an Lucian Alexandru, elev la Colegiul Na\u021bional \u201ePetru Rare\u0219\u201d Suceava, s-a calificat din oficiu, av\u00e2nd acela\u0219i profesor \u00eendrum\u0103tor, Cazacu Marius Constantin. Pe loc suplimentar s-a calificat Pu\u0219ca\u0219 Paula Mariana, elev\u0103 la Colegiul Na\u021bional Militar \u201e\u0218tefan cel Mare\u201d C\u00e2mpulung Moldovenesc, preg\u0103tit\u0103 de profesor Ciuma\u0219u Radu George.<\/p>\n<p>La clasa a XII-a, Popescu Larisa-Ioana, elev\u0103 la Colegiul Na\u021bional \u201eMihai Eminescu\u201d Suceava, s-a calificat din oficiu, sub \u00eendrumarea profesoarei N\u0103sulea Florentina. De asemenea, Moisii Andrei, elev la Colegiul Na\u021bional \u201eNicu Gane\u201d F\u0103lticeni, coordonat de profesor R\u0103dulescu Alexandru, a ob\u021binut calificarea pe loc suplimentar.<\/p>\n<p>Etapa na\u021bional\u0103 a Olimpiadei na\u021bionale de geografie va avea loc la Hunedoara, \u00een perioada 5\u201310 aprilie 2026.<\/p>\n<p>Lotul jude\u021bului Suceava va fi \u00eenso\u021bit de N\u0103sulea Florentina, profesor la Colegiul Na\u021bional \u201eMihai Eminescu\u201d Suceava \u0219i de \u021aolca Doini\u021ba Felicia, profesor la Colegiul de Art\u0103 \u201eCiprian Porumbescu\u201d Suceava \u0219i inspector de specialitate \u00een cadrul Inspectoratului \u0218colar Jude\u021bean Suceava.<\/p>\n<\/div>\n<p>[analyse_source url=&#8221;https:\/\/www.radiotop.ro\/educatie\/suceava-va-fi-reprezentata-la-faza-nationala-a-olimpiadei-de-geografie-de-11-elevi.html&#8221;]<\/p>\n","protected":false},"excerpt":{"rendered":"<p>[analyse_image type=&#8221;featured&#8221; src=&#8221;https:\/\/www.radiotop.ro\/img\/media\/2024\/09\/cornu-luncii-sala-clasa.jpghttps:\/\/www.radiotop.ro\/img\/media\/2024\/09\/cornu-luncii-sala-clasa.jpg&#8221;] 11 din cei 51 de elevi suceveni care au participat la faza jude\u021bean\u0103 a Olimpiadei de Geografie s-au calificat la faza na\u021bional\u0103 a competi\u021biei. Faza jude\u021ban\u0103 a fost coordonat\u0103 de inspectorul \u0219colar pentru geografie, prof. Doini\u021ba Felicia \u021aolca. Inspectoratul \u0218colar Suceava a transmis lista cu numele elevilor califica\u021bi \u0219i a profesorilor coordonatori. [&hellip;]<\/p>\n","protected":false},"author":1,"featured_media":0,"comment_status":"open","ping_status":"","sticky":false,"template":"","format":"standard","meta":{"footnotes":""},"categories":[89],"tags":[226,163],"class_list":["post-1839045","post","type-post","status-publish","format-standard","hentry","category-romania","tag-crawlmanager","tag-radiotop-ro"],"_links":{"self":[{"href":"https:\/\/analyse.optim.biz\/index.php?rest_route=\/wp\/v2\/posts\/1839045","targetHints":{"allow":["GET"]}}],"collection":[{"href":"https:\/\/analyse.optim.biz\/index.php?rest_route=\/wp\/v2\/posts"}],"about":[{"href":"https:\/\/analyse.optim.biz\/index.php?rest_route=\/wp\/v2\/types\/post"}],"author":[{"embeddable":true,"href":"https:\/\/analyse.optim.biz\/index.php?rest_route=\/wp\/v2\/users\/1"}],"replies":[{"embeddable":true,"href":"https:\/\/analyse.optim.biz\/index.php?rest_route=%2Fwp%2Fv2%2Fcomments&post=1839045"}],"version-history":[{"count":0,"href":"https:\/\/analyse.optim.biz\/index.php?rest_route=\/wp\/v2\/posts\/1839045\/revisions"}],"wp:attachment":[{"href":"https:\/\/analyse.optim.biz\/index.php?rest_route=%2Fwp%2Fv2%2Fmedia&parent=1839045"}],"wp:term":[{"taxonomy":"category","embeddable":true,"href":"https:\/\/analyse.optim.biz\/index.php?rest_route=%2Fwp%2Fv2%2Fcategories&post=1839045"},{"taxonomy":"post_tag","embeddable":true,"href":"https:\/\/analyse.optim.biz\/index.php?rest_route=%2Fwp%2Fv2%2Ftags&post=1839045"}],"curies":[{"name":"wp","href":"https:\/\/api.w.org\/{rel}","templated":true}]}}