{"id":183902,"date":"2015-04-01T11:48:55","date_gmt":"2015-04-01T08:48:55","guid":{"rendered":"https:\/\/analyse.optim.biz\/?p=183902"},"modified":"2015-04-01T11:48:55","modified_gmt":"2015-04-01T08:48:55","slug":"deputatii-ion-dinita-si-danut-culetu-au-demisionat-din-parlament","status":"publish","type":"post","link":"https:\/\/analyse.optim.biz\/?p=183902","title":{"rendered":"Deputa\u0163ii Ion Dini\u0163\u0103 \u015fi D\u0103nu\u0163 Cule\u0163u au demisionat din Parlament"},"content":{"rendered":"<div class=\"entry data-app-meta data-app-meta-article\" data-embed-base-url-canonical=\"https:\/\/www.digi24.ro\/embed\/stiri\/actualitate\/politica\/deputatii-ion-dinita-si-danut-culetu-au-demisionat-din-parlament-374802\">\n<p data-index=\"1\">\u00a0<img decoding=\"async\" src=\"https:\/\/analyse.optim.biz\/wp-content\/uploads\/2024\/09\/zgjmy2qwyja1nweyyzhhodazoguwmgzimzuy-thumb_.jpg\" data-skip-htmlfix=\"1\" title=\"zgjmy2qwyja1nweyyzhhodazoguwmgzimzuy-thumb_\"><\/p>\n<p data-index=\"2\"><span><em>Ion Dini\u0163\u0103 a demisionat din Parlament: MediafaxFoto<\/em><\/span><\/p>\n<p data-index=\"3\"><strong>Conservatorul Ion Dini\u0163\u0103 este cercetat \u00een libertate<\/strong>, sub control judiciar, pentru complicitate la abuz \u00een serviciu \u015fi dare de mit\u0103 \u00een dosarul lui Aristotel C\u0103ncescu, dup\u0103 ce Consiliul Jude\u0163ean Bra\u015fov ar fi fost prejudiciat cu peste 7,6 milioane de euro, \u00een urma pl\u0103\u0163ilor nelegale f\u0103cute firmei parlamentarului.<\/p>\n<p data-index=\"4\">Procurorii DNA au cerut arestarea deputatului, dup\u0103 ce au ob\u0163inut avizul Camerei Deputa\u0163ilor \u00een noiembrie anul trecut.<\/p>\n<p data-index=\"5\">De cealalt\u0103 parte, <strong>deputatul liberal D\u0103nu\u0163 Cule\u0163u a fost trimis \u00een judecat\u0103 de procurorii anticorup\u0163ie<\/strong>, sub acuza\u0163ia de abuz \u00een serviciu legat de fapte comise \u00een perioada c\u00e2nd era prefect al jude\u0163ului Constan\u0163a. Mai exact, el este acuzat \u00eentr-un dosar privind restituiri ilegale de terenuri. Prejudiciul calculat de anchetatori este de peste un milion de lei.<\/p>\n<\/div>\n<p> Source URL: https:\/\/www.digi24.ro\/stiri\/actualitate\/politica\/deputatii-ion-dinita-si-danut-culetu-au-demisionat-din-parlament-374802<\/p>\n","protected":false},"excerpt":{"rendered":"<p>\u00a0 Ion Dini\u0163\u0103 a demisionat din Parlament: MediafaxFoto Conservatorul Ion Dini\u0163\u0103 este cercetat \u00een libertate, sub control judiciar, pentru complicitate la abuz \u00een serviciu \u015fi dare de mit\u0103 \u00een dosarul lui Aristotel C\u0103ncescu, dup\u0103 ce Consiliul Jude\u0163ean Bra\u015fov ar fi fost prejudiciat cu peste 7,6 milioane de euro, \u00een urma pl\u0103\u0163ilor nelegale f\u0103cute firmei parlamentarului. [&hellip;]<\/p>\n","protected":false},"author":1,"featured_media":183903,"comment_status":"open","ping_status":"","sticky":false,"template":"","format":"standard","meta":{"footnotes":""},"categories":[2],"tags":[11],"class_list":["post-183902","post","type-post","status-publish","format-standard","has-post-thumbnail","hentry","category-politics","tag-digi24"],"_links":{"self":[{"href":"https:\/\/analyse.optim.biz\/index.php?rest_route=\/wp\/v2\/posts\/183902","targetHints":{"allow":["GET"]}}],"collection":[{"href":"https:\/\/analyse.optim.biz\/index.php?rest_route=\/wp\/v2\/posts"}],"about":[{"href":"https:\/\/analyse.optim.biz\/index.php?rest_route=\/wp\/v2\/types\/post"}],"author":[{"embeddable":true,"href":"https:\/\/analyse.optim.biz\/index.php?rest_route=\/wp\/v2\/users\/1"}],"replies":[{"embeddable":true,"href":"https:\/\/analyse.optim.biz\/index.php?rest_route=%2Fwp%2Fv2%2Fcomments&post=183902"}],"version-history":[{"count":0,"href":"https:\/\/analyse.optim.biz\/index.php?rest_route=\/wp\/v2\/posts\/183902\/revisions"}],"wp:featuredmedia":[{"embeddable":true,"href":"https:\/\/analyse.optim.biz\/index.php?rest_route=\/wp\/v2\/media\/183903"}],"wp:attachment":[{"href":"https:\/\/analyse.optim.biz\/index.php?rest_route=%2Fwp%2Fv2%2Fmedia&parent=183902"}],"wp:term":[{"taxonomy":"category","embeddable":true,"href":"https:\/\/analyse.optim.biz\/index.php?rest_route=%2Fwp%2Fv2%2Fcategories&post=183902"},{"taxonomy":"post_tag","embeddable":true,"href":"https:\/\/analyse.optim.biz\/index.php?rest_route=%2Fwp%2Fv2%2Ftags&post=183902"}],"curies":[{"name":"wp","href":"https:\/\/api.w.org\/{rel}","templated":true}]}}