{"id":183891,"date":"2015-04-01T17:55:08","date_gmt":"2015-04-01T14:55:08","guid":{"rendered":"https:\/\/analyse.optim.biz\/?p=183891"},"modified":"2015-04-01T17:55:08","modified_gmt":"2015-04-01T14:55:08","slug":"sorin-iliesiu-de-la-pnl-la-psd-via-plr","status":"publish","type":"post","link":"https:\/\/analyse.optim.biz\/?p=183891","title":{"rendered":"Sorin Ilie\u0219iu, de la PNL la PSD, via PLR"},"content":{"rendered":"<div class=\"entry data-app-meta data-app-meta-article\" data-embed-base-url-canonical=\"https:\/\/www.digi24.ro\/embed\/stiri\/actualitate\/politica\/sorin-iliesiu-de-la-pnl-la-psd-via-plr-375053\">\n<p data-index=\"1\"><strong>Sorin Ilie\u0219iu<\/strong> \u015fi-a anun\u0163at dorin\u0163a de a se al\u0103tura PSD, \u00een plenul Senatului, cu pu\u0163in \u00eenainte de votul \u00een cazul lui Darius V\u00e2lcov.<\/p>\n<p data-index=\"2\">\u201e<span>M\u0103 voi \u00eenscrie \u00eentr-un nou partid, un partid care a decis s\u0103 \u00ee\u015fi asume proiectul na\u0163ional de reformare moral\u0103 a societ\u0103\u0163ii rom\u00e2ne\u015fti: Partidul Social Democrat\u201d, a anun\u021bat senatorul.<\/span><\/p>\n<p data-index=\"3\">Decizia i-a adus cuvinte grele din partea fo\u015ftilor colegi liberali.<\/p>\n<p data-index=\"4\">\u201e<span>Iar dac\u0103 penibilul, p\u00e2n\u0103 ast\u0103zi, domnule Ilie\u015fiu, nu purta un nume, de azi poart\u0103. Este numele dumneavoastr\u0103\u201d, i-a spus liberalul <strong>Puiu Ha\u0219otti<\/strong>.<\/span><\/p>\n<p data-index=\"5\">\u00cen ap\u0103rarea senatorului a s\u0103rit, \u00eens\u0103, liderul de grup al social-democra\u0163ilor, <strong>Ilie S\u00e2rbu<\/strong>.<\/p>\n<p data-index=\"6\">\u201eL\u0103sa\u0163i dreptul fiec\u0103rui parlamentar s\u0103 \u00ee\u015fi decid\u0103 direc\u0163ia \u00een care vrea s\u0103 mearg\u0103. L-a convins partidul nostru, l-am acceptat cu mare drag. \u015etiu c\u0103 v\u0103 deranjeaz\u0103, \u015ftiu c\u0103 v\u0103 doare c\u0103 n-a trecut un oarecare senator. Domnul IIie\u015fiu e o personalitate\u201d, a proclamat liderul PSD.<\/p>\n<p data-index=\"7\">\u00cen c\u00e2teva minute subiectul monopolizase deja toate discu\u0163iile \u00een plenul Senatului. Prilej de noi ironii:<\/p>\n<p data-index=\"8\"><strong>C\u0103lin Popescu T\u0103riceanu<\/strong>, pre\u015fedintele Senatului: \u201eVreau s\u0103 v\u0103 propun ceva: Nu vre\u0163i s\u0103 facem m\u00e2ine o sesiune special\u0103 dedicat\u0103 acestui subiect?\u201d<\/p>\n<p data-index=\"9\">\u201eDaaaa\u201d&#8230;.<\/p>\n<p data-index=\"10\">Sorin Ilie\u015fiu este la primul mandat \u00een Senatul Rom\u00e2niei, \u00eens\u0103 a intrat \u00een politic\u0103 \u00een urm\u0103 cu zece ani. S-a \u00eenscris atunci \u00een Partidul Na\u0163ional Liberal, pe care l-a p\u0103r\u0103sit anul trecut, dezam\u0103git de ruperea Uniunii Social Liberale. L-a urmat pe C\u0103lin Popescu T\u0103riceanu \u015fi a activat \u00een gruparea acestuia pu\u0163in peste un an.\u00a0<\/p>\n<\/div>\n<p> Source URL: https:\/\/www.digi24.ro\/stiri\/actualitate\/politica\/sorin-iliesiu-de-la-pnl-la-psd-via-plr-375053<\/p>\n","protected":false},"excerpt":{"rendered":"<p>Sorin Ilie\u0219iu \u015fi-a anun\u0163at dorin\u0163a de a se al\u0103tura PSD, \u00een plenul Senatului, cu pu\u0163in \u00eenainte de votul \u00een cazul lui Darius V\u00e2lcov. \u201eM\u0103 voi \u00eenscrie \u00eentr-un nou partid, un partid care a decis s\u0103 \u00ee\u015fi asume proiectul na\u0163ional de reformare moral\u0103 a societ\u0103\u0163ii rom\u00e2ne\u015fti: Partidul Social Democrat\u201d, a anun\u021bat senatorul. Decizia i-a adus cuvinte [&hellip;]<\/p>\n","protected":false},"author":1,"featured_media":183892,"comment_status":"open","ping_status":"","sticky":false,"template":"","format":"standard","meta":{"footnotes":""},"categories":[2],"tags":[11],"class_list":["post-183891","post","type-post","status-publish","format-standard","has-post-thumbnail","hentry","category-politics","tag-digi24"],"_links":{"self":[{"href":"https:\/\/analyse.optim.biz\/index.php?rest_route=\/wp\/v2\/posts\/183891","targetHints":{"allow":["GET"]}}],"collection":[{"href":"https:\/\/analyse.optim.biz\/index.php?rest_route=\/wp\/v2\/posts"}],"about":[{"href":"https:\/\/analyse.optim.biz\/index.php?rest_route=\/wp\/v2\/types\/post"}],"author":[{"embeddable":true,"href":"https:\/\/analyse.optim.biz\/index.php?rest_route=\/wp\/v2\/users\/1"}],"replies":[{"embeddable":true,"href":"https:\/\/analyse.optim.biz\/index.php?rest_route=%2Fwp%2Fv2%2Fcomments&post=183891"}],"version-history":[{"count":0,"href":"https:\/\/analyse.optim.biz\/index.php?rest_route=\/wp\/v2\/posts\/183891\/revisions"}],"wp:featuredmedia":[{"embeddable":true,"href":"https:\/\/analyse.optim.biz\/index.php?rest_route=\/wp\/v2\/media\/183892"}],"wp:attachment":[{"href":"https:\/\/analyse.optim.biz\/index.php?rest_route=%2Fwp%2Fv2%2Fmedia&parent=183891"}],"wp:term":[{"taxonomy":"category","embeddable":true,"href":"https:\/\/analyse.optim.biz\/index.php?rest_route=%2Fwp%2Fv2%2Fcategories&post=183891"},{"taxonomy":"post_tag","embeddable":true,"href":"https:\/\/analyse.optim.biz\/index.php?rest_route=%2Fwp%2Fv2%2Ftags&post=183891"}],"curies":[{"name":"wp","href":"https:\/\/api.w.org\/{rel}","templated":true}]}}