{"id":183880,"date":"2015-04-01T22:13:23","date_gmt":"2015-04-01T19:13:23","guid":{"rendered":"https:\/\/analyse.optim.biz\/?p=183880"},"modified":"2015-04-01T22:13:23","modified_gmt":"2015-04-01T19:13:23","slug":"fiscul-ii-da-replica-presedintelui-iohannis","status":"publish","type":"post","link":"https:\/\/analyse.optim.biz\/?p=183880","title":{"rendered":"Fiscul \u00eei d\u0103 replica pre\u015fedintelui Iohannis"},"content":{"rendered":"<div class=\"entry data-app-meta data-app-meta-article\" data-embed-base-url-canonical=\"https:\/\/www.digi24.ro\/embed\/stiri\/actualitate\/politica\/fiscul-ii-da-replica-presedintelui-iohannis-375131\">\n<p data-index=\"1\">\u015eeful Fiscului spune c\u0103 reducerea marii evaziuni r\u0103m\u00e2ne prioritatea inspectorilor ANAF, dar c\u0103 mica evaziune trebuie tratat\u0103 cu aceea\u015fi seriozitate.<\/p>\n<p data-index=\"2\">\u201e<span>Combaterea marii evaziuni a fost \u0219i este prioritate de gradul zero. Mica evaziune este \u00eens\u0103 un flagel la fel de periculos, tratat cu seriozitate \u00een orice \u021bar\u0103 civilizat\u0103. (&#8230;) Avem deja aproape un miliard de euro \u00een plus. Ace\u0219tia nu sunt bani colecta\u021bi de la covrig\u0103rii \u0219i flor\u0103rii, ci din eficientizarea colect\u0103rii \u0219i combaterea marii evaziuni\u201d, a declarat \u015feful ANAF, <strong>Gelu \u015etefan Diaconu<\/strong>, citat de Mediafax.<\/span><\/p>\n<p data-index=\"3\">Reac\u0163ia acestuia vine dup\u0103 ce pre\u015fedintele Klaus Iohannis a declarat c\u0103 Fiscul lucreaz\u0103 ca pendulul &#8211; uneori nu se ocup\u0103 de probleme, iar alteori se ocup\u0103 de detalii care nu merit\u0103 aten\u0163ie.<\/p>\n<p data-index=\"4\">\u201e<span>Este bine s\u0103 c\u0103ut\u0103m proceduri care \u00eencurajeaz\u0103 investitorii \u0219i pe micii investitori s\u0103-\u0219i duc\u0103 afacerea mai departe \u0219i nu s\u0103 g\u0103sim metode prin care s\u0103 \u00eenchidem firme. Cred c\u0103 e foarte bine s\u0103 \u00eentreba\u021bi chiar la ANAF cum v\u0103d chestiunea \u0219i dac\u0103 dumnealor cred c\u0103 o \u021bar\u0103 f\u0103r\u0103 firme poate s\u0103 func\u021bioneze\u201d, declara pre\u0219edintele Klaus Iohannis, mar\u021bi, la <a href=\"https:\/\/www.digi24.ro\/Stiri\/Digi24\/Actualitate\/Politica\/Klaus+Iohannis+bilant+la+100+de+zile+de+mandat+Eu+nu+ma+joc+cu+l\" target=\"_blank\" data-skip-linkfix=\"1\" rel=\"noopener\">o conferin\u021b\u0103 de pres\u0103.<\/a><\/span><\/p>\n<p data-index=\"5\">\u00cen ultimele dou\u0103 s\u0103pt\u0103m\u00e2ni, inspectorii ANAF au oprit activitatea a peste 170 de magazine \u015fi restaurante, pentru cel pu\u0163in o lun\u0103. \u00cen unele cazuri, m\u0103sura a venit dup\u0103 ce agen\u0163ii Fiscului au g\u0103sit diferen\u0163e, \u00eentre 3 \u015fi 60 de lei, \u00eentre sumele din gestiune \u015fi cele \u00eenregistrate pe casa de marcat.<\/p>\n<p data-index=\"6\">Acum, <a href=\"https:\/\/www.digi24.ro\/Stiri\/Digi24\/Economie\/Stiri\/ANAF+SCHIMBARE+REGULI+SUSPENDARE+FIRME\" target=\"_blank\" data-skip-linkfix=\"1\" rel=\"noopener\">Guvernul ia \u00een calcul modificarea legisla\u0163iei<\/a> \u00een a\u015fa fel \u00eenc\u00e2t firmele care au \u00een plus, \u00een gestiune, p\u00e2n\u0103 \u00een 300 de lei s\u0103 primeasc\u0103 doar amend\u0103.<\/p>\n<p data-index=\"7\">\u201eC\u00e2nd se ia m\u0103sura suspend\u0103rii activit\u0103\u021bii, aceasta s\u0103 fie revocat\u0103 \u00een aceea\u0219i zi, dac\u0103 se pl\u0103te\u0219te o amend\u0103 de 10 ori suma constatat\u0103 ca fiind ne\u00eenscris\u0103 \u00een contabilitate. Ai 400 de lei \u00een plus \u00een cas\u0103, pl\u0103te\u0219ti 4.000 de lei \u0219i prima dat\u0103 te iert. A doua oar\u0103 &#8211; asta r\u0103m\u00e2ne s\u0103 discut\u0103m\u201d, a declarat, mar\u021bi, premierul Victor Ponta.<\/p>\n<p data-index=\"8\">Potrivit premierului, modific\u0103rile vor fi f\u0103cute \u00een cel mult o s\u0103pt\u0103m\u00e2n\u0103. \u00a0<\/p>\n<\/div>\n<p> Source URL: https:\/\/www.digi24.ro\/stiri\/actualitate\/politica\/fiscul-ii-da-replica-presedintelui-iohannis-375131<\/p>\n","protected":false},"excerpt":{"rendered":"<p>\u015eeful Fiscului spune c\u0103 reducerea marii evaziuni r\u0103m\u00e2ne prioritatea inspectorilor ANAF, dar c\u0103 mica evaziune trebuie tratat\u0103 cu aceea\u015fi seriozitate. \u201eCombaterea marii evaziuni a fost \u0219i este prioritate de gradul zero. Mica evaziune este \u00eens\u0103 un flagel la fel de periculos, tratat cu seriozitate \u00een orice \u021bar\u0103 civilizat\u0103. (&#8230;) Avem deja aproape un miliard de [&hellip;]<\/p>\n","protected":false},"author":1,"featured_media":183881,"comment_status":"open","ping_status":"","sticky":false,"template":"","format":"standard","meta":{"footnotes":""},"categories":[2],"tags":[11],"class_list":["post-183880","post","type-post","status-publish","format-standard","has-post-thumbnail","hentry","category-politics","tag-digi24"],"_links":{"self":[{"href":"https:\/\/analyse.optim.biz\/index.php?rest_route=\/wp\/v2\/posts\/183880","targetHints":{"allow":["GET"]}}],"collection":[{"href":"https:\/\/analyse.optim.biz\/index.php?rest_route=\/wp\/v2\/posts"}],"about":[{"href":"https:\/\/analyse.optim.biz\/index.php?rest_route=\/wp\/v2\/types\/post"}],"author":[{"embeddable":true,"href":"https:\/\/analyse.optim.biz\/index.php?rest_route=\/wp\/v2\/users\/1"}],"replies":[{"embeddable":true,"href":"https:\/\/analyse.optim.biz\/index.php?rest_route=%2Fwp%2Fv2%2Fcomments&post=183880"}],"version-history":[{"count":0,"href":"https:\/\/analyse.optim.biz\/index.php?rest_route=\/wp\/v2\/posts\/183880\/revisions"}],"wp:featuredmedia":[{"embeddable":true,"href":"https:\/\/analyse.optim.biz\/index.php?rest_route=\/wp\/v2\/media\/183881"}],"wp:attachment":[{"href":"https:\/\/analyse.optim.biz\/index.php?rest_route=%2Fwp%2Fv2%2Fmedia&parent=183880"}],"wp:term":[{"taxonomy":"category","embeddable":true,"href":"https:\/\/analyse.optim.biz\/index.php?rest_route=%2Fwp%2Fv2%2Fcategories&post=183880"},{"taxonomy":"post_tag","embeddable":true,"href":"https:\/\/analyse.optim.biz\/index.php?rest_route=%2Fwp%2Fv2%2Ftags&post=183880"}],"curies":[{"name":"wp","href":"https:\/\/api.w.org\/{rel}","templated":true}]}}