{"id":183869,"date":"2015-04-02T02:06:09","date_gmt":"2015-04-01T23:06:09","guid":{"rendered":"https:\/\/analyse.optim.biz\/?p=183869"},"modified":"2015-04-02T02:06:09","modified_gmt":"2015-04-01T23:06:09","slug":"razboi-pe-facebook-intre-t-basescu-si-k-iohannis-emil-hurezeanu-klaus-iohannis-are-treaba-de-facut-trebuie-sa-si-pastreze-aura-de-concitadin-al-sfantului-tacerii","status":"publish","type":"post","link":"https:\/\/analyse.optim.biz\/?p=183869","title":{"rendered":"R\u0103zboi pe Facebook \u00eentre T. B\u0103sescu \u0219i K. Iohannis. Emil Hurezeanu: Klaus Iohannis are treab\u0103 de f\u0103cut. Trebuie s\u0103-\u0219i p\u0103streze aura de concitadin al Sf\u00e2ntului T\u0103cerii!"},"content":{"rendered":"<div class=\"entry data-app-meta data-app-meta-article\" data-embed-base-url-canonical=\"https:\/\/www.digi24.ro\/embed\/stiri\/actualitate\/politica\/razboi-pe-facebook-intre-t-basescu-si-k-iohannis-emil-hurezeanu-klaus-iohannis-are-treaba-de-facut-trebuie-sa-si-pastreze-aura-de-concitadin-al-sfantului-tacerii-375161\">\n<p data-index=\"1\">\u201e<span>Nici dl. Iohannis, care \u0219i-a improvizat pentru mult\u0103 vreme, ab\u0103t\u00e2ndu-se de la scriptul central, interven\u021bia c\u0103tre na\u021biune, nu trebuia s\u0103 se gr\u0103beasc\u0103 s\u0103-l fac\u0103 pe Traian B\u0103sescu <em>pensionar<\/em> \u0219i <em>postac<\/em>, dup\u0103 cum nici domnul B\u0103sescu nu trebuie s\u0103 sar\u0103 din baie a\u0219a de repede, mai ales c\u0103 st\u0103 comod \u0219i destul de distant de viesparul \u0103sta bucure\u0219tean, la Scrovi\u0219tea, acuma, la \u00eenceputul prim\u0103verii\u201d, a opinat jurnalistul.<\/span><\/p>\n<p data-index=\"2\">\u201e<span>Nu ne intereseaz\u0103 jocul \u0103sta \u00eentre un fost pre\u0219edinte \u0219i un actual pre\u0219edinte. \u00cei respect\u0103m pe am\u00e2ndoi, \u00een m\u0103sura \u00een care au avut \u0219i \u0219i-au \u00eendeplinit aceast\u0103 func\u021bie, \u0219i dorim s\u0103-\u0219i p\u0103streze calmul, pentru c\u0103 avem suficiente conflicte \u0219i polemici\u201d, a ar\u0103tat Emil Hurezeanu, la <a href=\"https:\/\/www.digi24.ro\/\" target=\"_blank\" data-skip-linkfix=\"1\" rel=\"noopener\"><strong>Digi24<\/strong><\/a>.<\/span><\/p>\n<p data-index=\"3\">\u201e<span>\u0218tim c\u0103 nu s-au iubit prea mult, c\u0103 dl. B\u0103sescu \u0219i-ar fi dorit un alt pre\u0219edinte, dl. B\u0103sescu diger\u0103, e normal s\u0103 digere, acuma, postfactum, retroactiv, tot felul de situa\u021bii care nu i-au convenit&#8230;<strong>Dl. Iohannis are \u00eens\u0103 mai mult\u0103 treab\u0103 de f\u0103cut dec\u00e2t dl. B\u0103sescu \u0219i ar trebui s\u0103 fie mai \u00een\u021beleg\u0103tor<\/strong>, a\u0219 spune. <strong>Dl. B\u0103sescu are mai mul\u021bi du\u0219mani, e \u00een situa\u021bia de a fi acum mai vulnerabil dec\u00e2t era \u00eenainte, are mai mul\u021bi du\u0219mani dec\u00e2t \u00eenainte, situa\u021bia asta e greu de traversat \u0219i nici nu mai are puterea. Deci, pe dumnealui \u00eel \u00een\u021beleg mai mult c\u00e2nd are ie\u0219iri. Pe cel\u0103lalt, nu. Trebuie s\u0103-\u0219i p\u0103streze aura de concitadin al Sf\u00e2ntului T\u0103cerii<\/strong>\u201d, a punctat <strong>Emil Hurezeanu.<\/strong><\/span><\/p>\n<p data-index=\"4\">\u00centre cei doi politicieni nu e o rela\u021bie ur\u00e2t\u0103, consider\u0103 analistul, e mai degrab\u0103 o rela\u021bie iritat\u0103, iritant\u0103, iritabil\u0103, dar \u00een orice caz inutil\u0103. \u201eOrice \u021bar\u0103 normal\u0103 p\u0103streaz\u0103 de la un punct \u00eencolo foarte strict aparen\u021bele. Fo\u0219tii pre\u0219edin\u021bi sunt trata\u021bi cu demnitate. E demnitatea na\u021biunii care i-a avut \u00een frunte at\u00e2ta vreme. Mai mult dec\u00e2t demnitatea \u2013 poate discutabil\u0103 \u2013 a persoanei care a de\u021binut aceast\u0103 func\u021bie. Nici Chirac, nici Sarkozy, nici Kohl nu sunt discuta\u021bi tot timpul \u00een termeni de <em>hai-c\u0103-\u021bi-vine-\u0219i-\u021bie-r\u00e2ndul<\/em>, \u021bi se preg\u0103tesc dosarele, c\u0103tu\u0219ele\u201d, a spus <strong>Emil Hurezeanu.<\/strong><\/p>\n<p data-index=\"5\">\u201e<strong>Iar actualii pre\u0219edin\u021bi cred c\u0103, chiar dac\u0103 <a href=\"https:\/\/www.digi24.ro\/Stiri\/Digi24\/Actualitate\/Politica\/Klaus+Iohannis+nemultumit+ca+nu+sta+la+Vila+Lac+3\" target=\"_blank\" data-skip-linkfix=\"1\" rel=\"noopener\">nu s-au mutat \u00een re\u0219edin\u021ba oficial\u0103<\/a>, statal\u0103, pe care o merit\u0103, chiar dac\u0103 au motive s\u0103 fie deranja\u021bi din c\u00e2nd \u00een c\u00e2nd de post\u0103rile de pe Facebook ale fostului pre\u0219edinte, au at\u00e2ta treab\u0103 de f\u0103cut cu ce se \u00eent\u00e2mpl\u0103 acum sau cu ce nu se \u00eent\u00e2mpl\u0103 \u00eenc\u0103 acum, \u00eenc\u00e2t \u00ee\u0219i pierd timpul ocup\u00e2ndu-se cu r\u0103gazul pensionarului B\u0103sescu, care, din c\u00e2nd \u00een c\u00e2nd, \u00ee\u0219i a\u0219terne g\u00e2ndurile pe Facebook<\/strong>\u201d, a conchis Emil Hurezeanu.<\/p>\n<h5><span>R\u0103zboiul declara\u021biilor pe Facebook<\/span><\/h5>\n<p data-index=\"6\">Pre\u015fedintele Klaus Iohannis a declarat, mar\u0163i, r\u0103spunz\u00e2nd unei \u00eentreb\u0103ri, c\u0103 fostului \u015fef al statului Traian B\u0103sescu \u00eei prie\u015fte pensia \u015fi c\u0103 este <a href=\"https:\/\/www.digi24.ro\/Stiri\/Digi24\/Actualitate\/Politica\/Klaus+Iohannis+bilant+la+100+de+zile+de+mandat+Eu+nu+ma+joc+cu+l\" target=\"_blank\" data-skip-linkfix=\"1\" rel=\"noopener\">\u201efoarte vocal \u015fi <\/a><span><a href=\"https:\/\/www.digi24.ro\/Stiri\/Digi24\/Actualitate\/Politica\/Klaus+Iohannis+bilant+la+100+de+zile+de+mandat+Eu+nu+ma+joc+cu+l\" target=\"_blank\" data-skip-linkfix=\"1\" rel=\"noopener\">postac\u201d<\/a>, ad\u0103ug\u00e2nd c\u0103 \u00eei dore\u015fte s\u0103 fie s\u0103n\u0103tos.<\/span><\/p>\n<p data-index=\"7\">\u00centrebat ce rela\u0163ie are cu fostul pre\u015fedinte Traian B\u0103sescu \u015fi dac\u0103 a luat \u00een calcul solicitarea acestuia de a nu valida numirea lui Eugen Teodorovici la Finan\u0163e, pentru c\u0103 s-a opus arest\u0103rii lui Dan \u015eova, pre\u015fedintele Klaus Iohannis a declarat: \u201eNu m-am \u00eent\u00e2lnit cu fostul pre\u015fedinte, nu i-am solicitat absolut nimic, n-am discutat nici despre re\u015fedin\u0163\u0103, nici despre politic\u0103. \u00cen rest, \u00eens\u0103, dac\u0103 e vorba de sfaturi, constat\u0103m c\u0103 fostului pre\u015fedinte \u00eei prie\u015fte pensia, e foarte vocal \u015fi postac. \u00cei doresc s\u0103 fie s\u0103n\u0103tos\u201d.<\/p>\n<p data-index=\"8\">Fostul pre\u015fedinte Traian B\u0103sescu postase, luni, pe Facebook, un <a href=\"https:\/\/www.digi24.ro\/Stiri\/Digi24\/Actualitate\/Politica\/Traian+Basescu+reactie+Eugen+Teodorovici+Finante\" target=\"_blank\" data-skip-linkfix=\"1\" rel=\"noopener\">al treilea mesaj pe tema instal\u0103rii lui Eugen Teodorovici<\/a> \u00een func\u0163ia de ministru al Finan\u0163elor, el not\u00e2nd: \u201eCu jur\u0103m\u00e2ntul depus de Teodorovici, asta e. Punct \u015fi de la&#8230;vara lui 2012, \u00eenainte!\u201d.<\/p>\n<p data-index=\"9\">Traian B\u0103sescu a intrat, mar\u021bi, \u00een direct la postul de televiziune B1 \u0219i a reac\u021bionat la comentariile actualului \u0219ef al statului f\u0103cute \u00een conferin\u021ba de pres\u0103 de bilan\u021b a 100 de zile de mandat.<\/p>\n<p data-index=\"10\">\u201e<em><strong>N-am reu\u015fit s\u0103 v\u0103d conferin\u0163a de pres\u0103 a domnului pre\u015fedinte, dar v\u0103 m\u0103rturisesc c\u0103 n-a spus niciun neadev\u0103r. Sunt pensionar \u015fi postez pe Facebook. Sunt pensionar dup\u0103 44 de ani \u015fi \u015fase luni de munc\u0103 &#8211; \u015fti\u0163i, cei 12 ani c\u00e2t am fost pe mare au avut alt regim \u015fi am cumulat 44 de ani \u015fi jum\u0103tate de munc\u0103 &#8211; suficient ca s\u0103 ai dreptul s\u0103 mergi la pensie. Mi s-a p\u0103rut o not\u0103 de dispre\u0163 pentru pensionari, \u00eens\u0103, ceea ce mi se pare o mare gre\u015feal\u0103 politic\u0103. \u00cen ceea ce prive\u015fte postatul, Dumnezeu s\u0103 m\u0103 ierte, dac\u0103 cineva \u00eel \u00eentrece pe domnul Iohannis \u00een Rom\u00e2nica &#8230; nu \u015ftiu cine e campionul<\/strong><\/em>&#8220;, a declarat Traian B\u0103sescu.<\/p>\n<p data-index=\"11\">Traian B\u0103sescu a scris mar\u0163i sear\u0103 \u015fi un mesaj pe Facebook \u00een care face referire la num\u0103rul de post\u0103ri ale sale \u015fi ale pre\u015fedintelui Iohannis \u00een decurs de 100 de zile \u015fi \u00eentreab\u0103 care dintre ei este \u201emai postac\u201d.<\/p>\n<p data-index=\"12\">\u201eDiferen\u0163a de la vorb\u0103 la fapt\u0103 la postaci. Din 21.12.2014 Klaus Iohannis a postat 103 mesaje \u00een 100 zile. Din 21.12.2014 eu am postat 31 mesaje, tot \u00een 100 zile. Zi Iohannis, care din noi doi este mai&#8230;postac?&#8221;, a scris B\u0103sescu pe contul s\u0103u de Facebook.<\/p>\n<div class=\"fb-post\">\n<div class=\"fb-xfbml-parse-ignore\">\n<blockquote cite=\"https:\/\/www.facebook.com\/PresedinteleTraianBasescu\/posts\/1024471360899748\">\n<p data-index=\"14\">Diferen\u0163a de la vorb\u0103 la fapt\u0103 la postaci .Din 21.12.2014 Klaus Iohannis a postat 103 mesaje \u00een 100 zile.Din&#8230;<\/p>\n<p>Posted by <a href=\"https:\/\/www.facebook.com\/PresedinteleTraianBasescu\" data-skip-linkfix=\"1\">Traian B\u0103sescu<\/a> on <a href=\"https:\/\/www.facebook.com\/PresedinteleTraianBasescu\/posts\/1024471360899748\" data-skip-linkfix=\"1\">Tuesday, March 31, 2015<\/a><\/p><\/blockquote>\n<\/div>\n<\/div>\n<p data-index=\"15\">\u00cen interven\u0163ia telefonic\u0103 la emisiunea televizat\u0103, Traian B\u0103sescu a men\u0163ionat \u015fi faptul c\u0103 nu a v\u0103zut declara\u0163ia de pres\u0103 a pre\u015fedintelui Iohannis, fiind ocupat cu mutarea \u00een noua locuin\u0163\u0103, proces \u00eencheiat mar\u0163i. El a f\u0103cut \u015fi c\u00e2teva men\u0163iuni privind mutarea la Scrovi\u015ftea.<\/p>\n<p data-index=\"16\">\u201e\u00cen primul r\u00e2nd, pentru to\u0163i oamenii din Rom\u00e2nia interesa\u021bi de subiect, c\u0103 nu to\u0163i mor de grija mea, dar sunt unii care asta au \u00een preocupare \u00een mod fundamental&#8230; la Scrovi\u015ftea nu exist\u0103 niciun palat, a fost demolat acum c\u00e2teva zeci de ani. Eu ocup, \u00een Vila 3, un dormitor, o sufragerie mic\u0103, un birou (&#8230;). Am cerut o solu\u0163ie care s\u0103 \u00eensemne costuri rezonabile cu \u00eentre\u0163inerea. De ce? Din bun-sim\u0163 \u015fi probabil c\u0103 \u00een ziua de azi bunul-sim\u0163 este una din marile gre\u015feli, \u0163i se \u00eentoarce \u00een cap. \u00cen lipsa lui de respect pentru lege, c\u0103 asta face premierul, conform legii 406, pe data de 21 decembrie 2014 trebuia s\u0103 \u00eemi pun\u0103 la dispozi\u021bie o vil\u0103 de protocol care s\u0103 fie re\u015fedin\u021b\u0103 a unui fost \u015fef de stat, care trebuia s\u0103 \u00eendeplineasc\u0103 c\u00e2teva condi\u0163ii, nu de spa\u021biu, ci de securitate erau primele condi\u0163ii. Acolo unde ar fi vrut Ponta s\u0103 m\u0103 mut, cu ferestrele pe trotuar, orice nebun s\u0103 dea cu piatra, vede\u0163i ce se \u00eent\u00e2mpl\u0103 \u015fi c\u00e2nd m\u0103 duc la Parchet, au gruparea de fluiera\u015fi gata s\u0103 dea cu pietre, cu orice, nu pot s\u0103 \u00eemi expun familia la a\u015fa ceva. \u015ei am cerut s\u0103 respecte legea. Cum a \u00een\u021beles Ponta s\u0103 o respecte? D\u00e2ndu-mi o locuin\u021b\u0103 care, dup\u0103 ce mi-a repartizat-o prin HG, a intrat \u00een renovare. V\u0103 asigur c\u0103 am f\u0103cut toate demersurile \u015fi \u00een condi\u0163iile acestea a\u015f fi putut r\u0103m\u00e2ne \u00een Vila Lac 3 p\u00e2n\u0103 la momentul la care \u00eemi punea la dispozi\u021bie re\u015fedin\u0163a securizat\u0103 din Gogol 2\u201d, a spus Traian B\u0103sescu.<\/p>\n<p data-index=\"17\">El a opinat c\u0103 \u201ePonta \u015fi-a b\u0103tut joc de un \u015fef de stat \u00een func\u0163ie \u015fi de un fost \u015fef de stat\u201d.<\/p>\n<p data-index=\"18\">\u201eLa fostul \u015fef de stat e oarecum explicabil, dar la \u015feful de stat cu care \u00een\u0163eleg c\u0103 se pup\u0103 pe gur\u0103 aproape \u00een toate problemele patriei, e inexplicabil de ce \u00ee\u015fi bate joc \u015fi de el\u201d, a declarat Traian B\u0103sescu.<\/p>\n<p data-index=\"19\">Citi\u021bi \u0219i:<\/p>\n<h5><a href=\"https:\/\/www.digi24.ro\/Stiri\/Digi24\/Actualitate\/Politica\/Cristian+Tudor+Popescu+Mi-ar+placea+sa+il+aud+pe+domnul+presedin\" target=\"_blank\" data-skip-linkfix=\"1\" rel=\"noopener\"><span>C. T. Popescu \u00eel corecteaz\u0103 pe K. Iohannis: \u201e<\/span><span>Am avut destui pre\u015fedin\u0163i cu gre\u015feli de limba rom\u00e2n\u0103\u201d<\/span><\/a><\/h5>\n<\/div>\n<p> Source URL: https:\/\/www.digi24.ro\/stiri\/actualitate\/politica\/razboi-pe-facebook-intre-t-basescu-si-k-iohannis-emil-hurezeanu-klaus-iohannis-are-treaba-de-facut-trebuie-sa-si-pastreze-aura-de-concitadin-al-sfantului-tacerii-375161<\/p>\n","protected":false},"excerpt":{"rendered":"<p>\u201eNici dl. Iohannis, care \u0219i-a improvizat pentru mult\u0103 vreme, ab\u0103t\u00e2ndu-se de la scriptul central, interven\u021bia c\u0103tre na\u021biune, nu trebuia s\u0103 se gr\u0103beasc\u0103 s\u0103-l fac\u0103 pe Traian B\u0103sescu pensionar \u0219i postac, dup\u0103 cum nici domnul B\u0103sescu nu trebuie s\u0103 sar\u0103 din baie a\u0219a de repede, mai ales c\u0103 st\u0103 comod \u0219i destul de distant de viesparul [&hellip;]<\/p>\n","protected":false},"author":1,"featured_media":183870,"comment_status":"open","ping_status":"","sticky":false,"template":"","format":"standard","meta":{"footnotes":""},"categories":[2],"tags":[11],"class_list":["post-183869","post","type-post","status-publish","format-standard","has-post-thumbnail","hentry","category-politics","tag-digi24"],"_links":{"self":[{"href":"https:\/\/analyse.optim.biz\/index.php?rest_route=\/wp\/v2\/posts\/183869","targetHints":{"allow":["GET"]}}],"collection":[{"href":"https:\/\/analyse.optim.biz\/index.php?rest_route=\/wp\/v2\/posts"}],"about":[{"href":"https:\/\/analyse.optim.biz\/index.php?rest_route=\/wp\/v2\/types\/post"}],"author":[{"embeddable":true,"href":"https:\/\/analyse.optim.biz\/index.php?rest_route=\/wp\/v2\/users\/1"}],"replies":[{"embeddable":true,"href":"https:\/\/analyse.optim.biz\/index.php?rest_route=%2Fwp%2Fv2%2Fcomments&post=183869"}],"version-history":[{"count":0,"href":"https:\/\/analyse.optim.biz\/index.php?rest_route=\/wp\/v2\/posts\/183869\/revisions"}],"wp:featuredmedia":[{"embeddable":true,"href":"https:\/\/analyse.optim.biz\/index.php?rest_route=\/wp\/v2\/media\/183870"}],"wp:attachment":[{"href":"https:\/\/analyse.optim.biz\/index.php?rest_route=%2Fwp%2Fv2%2Fmedia&parent=183869"}],"wp:term":[{"taxonomy":"category","embeddable":true,"href":"https:\/\/analyse.optim.biz\/index.php?rest_route=%2Fwp%2Fv2%2Fcategories&post=183869"},{"taxonomy":"post_tag","embeddable":true,"href":"https:\/\/analyse.optim.biz\/index.php?rest_route=%2Fwp%2Fv2%2Ftags&post=183869"}],"curies":[{"name":"wp","href":"https:\/\/api.w.org\/{rel}","templated":true}]}}