{"id":183857,"date":"2015-04-02T10:38:43","date_gmt":"2015-04-02T07:38:43","guid":{"rendered":"https:\/\/analyse.optim.biz\/?p=183857"},"modified":"2015-04-02T10:38:43","modified_gmt":"2015-04-02T07:38:43","slug":"vacanta-de-paste-dureaza-pentru-senatori-aproape-trei-saptamani","status":"publish","type":"post","link":"https:\/\/analyse.optim.biz\/?p=183857","title":{"rendered":"Vacan\u021ba de Pa\u0219te dureaz\u0103 pentru senatori aproape trei s\u0103pt\u0103m\u00e2ni"},"content":{"rendered":"<div class=\"entry data-app-meta data-app-meta-article\" data-embed-base-url-canonical=\"https:\/\/www.digi24.ro\/embed\/stiri\/actualitate\/politica\/vacanta-de-paste-dureaza-pentru-senatori-aproape-trei-saptamani-375237\">\n<p data-index=\"1\">&#8220;<em>Nicio comisie de specialitate nu lucreaz\u0103 ast\u0103zi \u00een Senat, iar acest lucru nu e o surpriz\u0103&#8221;<\/em>, relateaz\u0103 <strong>Toma Petcu, reporter Digi24<\/strong>.<\/p>\n<p data-index=\"2\"><strong>\u00cen fiecare joi, senatorii au program de lucru \u00een comisii \u0219i niciodat\u0103 nu sunt g\u0103si\u021bi la munc\u0103<\/strong>. Asta deoarece miercuri senatorii au ultima zi de plen \u00eentre orele 10.30 \u0219i 13.00, dup\u0103 care, de regul\u0103, senatorii pleac\u0103 acas\u0103.<\/p>\n<p data-index=\"3\">A\u0219adar, ale\u0219ii termin\u0103 s\u0103pt\u0103m\u00e2na de lucru miercuri dup\u0103 amiaz\u0103.<\/p>\n<p data-index=\"4\">\u201e<em>Am dat o fug\u0103 la comisii \u00eenainte de a intra \u00een direct \u0219i nu am g\u0103sit nici picior de senator<\/em>\u201d, relateaz\u0103 <strong>reporterul Digi24<\/strong>.<\/p>\n<p data-index=\"5\"><img decoding=\"async\" src=\"https:\/\/analyse.optim.biz\/wp-content\/uploads\/2024\/09\/mzm5mtc1zgjmyzzhmmq3zde3owm2ytzkzdvlzdc0-thumb_.jpg\" data-skip-htmlfix=\"1\" title=\"mzm5mtc1zgjmyzzhmmq3zde3owm2ytzkzdvlzdc0-thumb_\"><\/p>\n<p data-index=\"6\"><strong>Pentru vacan\u021ba de Pa\u0219te, senatorii au trei s\u0103pt\u0103m\u00e2ni libere<\/strong>. Ei \u0219i-au luat vacan\u021b\u0103 \u0219i de Pa\u0219tele ortodox \u0219i de cel catolic \u0219i nu este prima dat\u0103 c\u00e2nd fac acest lucru.<\/p>\n<p data-index=\"7\">Ale\u0219ii \u0219i-au programat s\u0103 se \u00eentoarc\u0103 la munc\u0103 \u00een 15 aprilie \u0219i spuneau c\u0103 vor recupera aceste zile pierdute.\u00a0<\/p>\n<p data-index=\"8\">Senatorii au l\u0103sat \u0219i multe legi nedezb\u0103tute, dou\u0103 dintre ele fiind codul fiscal \u0219i codul de procedur\u0103 fiscal\u0103. Asta \u00een condi\u021biile \u00een care premierul a spus de mai multe ori c\u0103 adoptarea acestor dou\u0103 acte normative este urgent\u0103.<\/p>\n<\/div>\n<p> Source URL: https:\/\/www.digi24.ro\/stiri\/actualitate\/politica\/vacanta-de-paste-dureaza-pentru-senatori-aproape-trei-saptamani-375237<\/p>\n","protected":false},"excerpt":{"rendered":"<p>&#8220;Nicio comisie de specialitate nu lucreaz\u0103 ast\u0103zi \u00een Senat, iar acest lucru nu e o surpriz\u0103&#8221;, relateaz\u0103 Toma Petcu, reporter Digi24. \u00cen fiecare joi, senatorii au program de lucru \u00een comisii \u0219i niciodat\u0103 nu sunt g\u0103si\u021bi la munc\u0103. Asta deoarece miercuri senatorii au ultima zi de plen \u00eentre orele 10.30 \u0219i 13.00, dup\u0103 care, de [&hellip;]<\/p>\n","protected":false},"author":1,"featured_media":183858,"comment_status":"open","ping_status":"","sticky":false,"template":"","format":"standard","meta":{"footnotes":""},"categories":[2],"tags":[11],"class_list":["post-183857","post","type-post","status-publish","format-standard","has-post-thumbnail","hentry","category-politics","tag-digi24"],"_links":{"self":[{"href":"https:\/\/analyse.optim.biz\/index.php?rest_route=\/wp\/v2\/posts\/183857","targetHints":{"allow":["GET"]}}],"collection":[{"href":"https:\/\/analyse.optim.biz\/index.php?rest_route=\/wp\/v2\/posts"}],"about":[{"href":"https:\/\/analyse.optim.biz\/index.php?rest_route=\/wp\/v2\/types\/post"}],"author":[{"embeddable":true,"href":"https:\/\/analyse.optim.biz\/index.php?rest_route=\/wp\/v2\/users\/1"}],"replies":[{"embeddable":true,"href":"https:\/\/analyse.optim.biz\/index.php?rest_route=%2Fwp%2Fv2%2Fcomments&post=183857"}],"version-history":[{"count":0,"href":"https:\/\/analyse.optim.biz\/index.php?rest_route=\/wp\/v2\/posts\/183857\/revisions"}],"wp:featuredmedia":[{"embeddable":true,"href":"https:\/\/analyse.optim.biz\/index.php?rest_route=\/wp\/v2\/media\/183858"}],"wp:attachment":[{"href":"https:\/\/analyse.optim.biz\/index.php?rest_route=%2Fwp%2Fv2%2Fmedia&parent=183857"}],"wp:term":[{"taxonomy":"category","embeddable":true,"href":"https:\/\/analyse.optim.biz\/index.php?rest_route=%2Fwp%2Fv2%2Fcategories&post=183857"},{"taxonomy":"post_tag","embeddable":true,"href":"https:\/\/analyse.optim.biz\/index.php?rest_route=%2Fwp%2Fv2%2Ftags&post=183857"}],"curies":[{"name":"wp","href":"https:\/\/api.w.org\/{rel}","templated":true}]}}