{"id":1838411,"date":"2026-03-21T00:00:00","date_gmt":"2026-03-20T21:00:00","guid":{"rendered":"https:\/\/analyse.optim.biz\/?p=1838411"},"modified":"2026-03-21T00:00:00","modified_gmt":"2026-03-20T21:00:00","slug":"cinq-boxster-et-une-passion-intacte-pour-le-modele-votre-porsche-votre-histoire","status":"publish","type":"post","link":"https:\/\/analyse.optim.biz\/?p=1838411","title":{"rendered":"Cinq Boxster et une passion intacte pour le mod\u00e8le\u00a0: Votre Porsche votre histoire"},"content":{"rendered":"<div id=\"brxe-lipmib\" class=\"brxe-post-content\">\n<p><strong>Depuis plus de 15 ans, Nicolas encha\u00eene les Boxster avec la m\u00eame passion. Entre coups de c\u0153ur et plaisir de conduite, il nous raconte une passion qui ne faiblit pas, voici son histoire. <\/strong><\/p>\n<h2>La fascination du moteur \u00e0\u00a0plat<\/h2>\n<p>Aussi loin qu\u2019il s\u2019en souvienne, Nicolas a\u00a0toujours aim\u00e9 les voitures et avant de d\u00e9couvrir Porsche, il se passionnait d\u00e9j\u00e0 pour les moteurs \u00e0\u00a0plat. Tr\u00e8s vite, et par la force des choses, il s\u2019attache aux Coccinelle et \u00e0\u00a0la Porsche 356. Plus tard, cet attrait pour la marque allemande se transforme et le jeune passionn\u00e9 tombe amoureux des Porsche \u00e0\u00a0l\u2019adolescence\u00a0: \u00ab\u00a0<em>Au cours d\u2019un stage dans un laboratoire pharmaceutique o\u00f9 travaillait ma m\u00e8re, j\u2019ai un jour entendu le patron d\u00e9marrer sa 911 Carrera 3.2 L. J\u2019entendais le bruit m\u00e9lodieux du flat 6, sur le parking en dessous de mon bureau. Je me disais que quand je serai plus grand, je m\u2019ach\u00e8terais une Porsche\u00a0<\/em>\u00bb, se souvient aujourd\u2019hui le jeune retrait\u00e9.<\/p>\n<p>Les ann\u00e9es d\u00e9filent, et c\u2019est \u00e0\u00a0force de travail et de motivation qu\u2019en 2009, Nicolas passe le cap. Le voil\u00e0 propri\u00e9taire de sa premi\u00e8re Porsche\u00a0: \u00ab\u00a0<em>Le Boxster 986 \u00e9tait un bon compromis car je souhaitais pouvoir rouler cheveux au vent et je voulais quelque chose qui \u00e9tait dans la continuit\u00e9 de la 356 que j\u2019appr\u00e9ciais depuis petit<\/em>\u00a0\u00bb.<br \/>\nSi le Boxster constitue sa premi\u00e8re Porsche, elle est surtout la premi\u00e8re voiture \u00e0\u00a0avoir ouvert la voie \u00e0\u00a0ce qu\u2019allait devenir une v\u00e9ritable passion ce pour mod\u00e8le\u00a0: \u00ab\u00a0<em>Je suis un amoureux du Boxster<\/em>\u00a0\u00bb confie bri\u00e8vement l\u2019homme de 62 ans.<br \/>\nSur les cinq Porsche que Nicolas a\u00a0poss\u00e9d\u00e9es, quatre d\u2019entre elles ont \u00e9t\u00e9 des Boxster et seule une infid\u00e9lit\u00e9 a\u00a0\u00e9t\u00e9 faite \u00e0\u00a0la sportive, pour l\u2019achat d\u2019une <a href=\"https:\/\/www.flat6mag.com\/actualite\/porsche-996-la-911-du-renouveau\/\">996 Targa<\/a>, aujourd\u2019hui revendue.<\/p>\n<p><img loading=\"lazy\" decoding=\"async\" class=\"alignnone wp-image-57033\" src=\"https:\/\/www.flat6mag.com\/wp-content\/uploads\/2026\/03\/boxster-986-300x230.png\" alt=\"boxster 986\" width=\"1111\" height=\"852\"><\/p>\n<h2>La Porsche Boxster 981, l\u2019aboutissement<\/h2>\n<p>Dernier achat en date, le passionn\u00e9 vient tout juste d\u2019acqu\u00e9rir un <a href=\"https:\/\/www.flat6mag.com\/actualite\/quelle-porsche-boxster-s-pour-quel-budget\/\">Boxster S<\/a> 981\u00a0: \u00ab\u00a0<em>En achetant le Boxster 981, je cherchais \u00e0\u00a0revenir \u00e0\u00a0l\u2019esth\u00e9tique de mon premier Boxster qui \u00e9tait bleu fonc\u00e9 m\u00e9tallis\u00e9. J\u2019ai aussi choisi cette g\u00e9n\u00e9ration, car on est sur une version sans filtre \u00e0\u00a0particules et donc la sonorit\u00e9 compar\u00e9e au 718, n\u2019a rien \u00e0\u00a0voir\u2026<\/em>\u00a0\u00bb, il ajoute\u00a0convaincu\u00a0:\u00a0\u00ab\u00a0<em>Pour moi le 981 c\u2019est finalement l\u2019aboutissement du Boxster<\/em>\u00a0\u00bb.<\/p>\n<p>Dans la vie d\u2019un propri\u00e9taire de Porsche, il y\u00a0a des jours m\u00e9morables et pour Nicolas, le moment de r\u00e9cup\u00e9rer sa voiture fait partie des souvenirs qu\u2019il n\u2019oubliera jamais\u00a0: \u00ab\u00a0<em>J\u2019avais simplement \u00e9chang\u00e9 par WhatsApp avec le vendeur, et je n\u2019avais jamais vu le v\u00e9hicule en vrai. Alors, le jour o\u00f9 je suis all\u00e9 r\u00e9cup\u00e9rer le Boxster, j\u2019avais toujours cette part d\u2019appr\u00e9hension\u2026 Arriv\u00e9 en Hollande et une fois devant le v\u00e9hicule, j\u2019\u00e9tais super content car tout correspondait \u00e0\u00a0ce que j\u2019avais vu.<\/em> \u00bb se rappelle-t-il enjou\u00e9.<\/p>\n<p>Sur le trajet du retour, pendant les 700km de route qui doivent le ramener jusqu\u2019\u00e0 chez lui, Nicolas (re)d\u00e9couvre le plaisir du Boxster\u00a0et tire un premier constat\u00a0:\u00a0\u00ab\u00a0<em>Il y\u00a0a une vraie \u00e9volution\u00a0! Par rapport au Boxster 986 et 987, le 981 a\u00a0un meilleur ch\u00e2ssis et \u00e7a se ressent sur le comportement. Au tout d\u00e9but du Boxster, la g\u00e9n\u00e9ration 986 pouvait \u00eatre consid\u00e9r\u00e9e comme le parent pauvre de la 911 mais aujourd\u2019hui, c\u2019est un mod\u00e8le \u00e0\u00a0part enti\u00e8re.\u00a0<\/em>\u00bb<\/p>\n<p><img loading=\"lazy\" decoding=\"async\" class=\"alignnone wp-image-57034\" src=\"https:\/\/www.flat6mag.com\/wp-content\/uploads\/2026\/03\/3-300x225.avif\" alt=\"981\" width=\"1091\" height=\"818\"><\/p>\n<h2>Porsche\u00a0: une passion qui rassemble<\/h2>\n<p>Boxster apr\u00e8s Boxster, Nicolas conserve une passion intacte pour ce mod\u00e8le. Et bien plus qu\u2019un simple moyen de d\u00e9placement, les Porsche lui ont \u00e9galement permis d\u2019int\u00e9grer une communaut\u00e9 aussi f\u00e9d\u00e9ratrice que passionn\u00e9e\u00a0: \u00ab\u00a0<em>Les Porsche permettent de rencontrer du monde et d\u2019\u00e9changer avec des propri\u00e9taires qui comme nous, ont cette passion. J\u2019ai notamment rejoint le groupe Facebook \u00ab\u00a0981\u00a0\u00bb, dans lequel je vais participer au premier rassemblement qui aura lieu en \u00cele-de-France.<\/em>\u00a0\u00bb<\/p>\n<p>Toujours dans cette optique de passion et de rencontres, Nicolas tient \u00e0\u00a0nous faire part d\u2019une anecdote\u00a0:\u00a0\u00ab\u00a0<em>En 2023, je descendais dans le sud pour me rendre au Paradis Porsche. En passant par les Gorges du Verdon, j\u2019ai commenc\u00e9 \u00e0\u00a0croiser de nombreux propri\u00e9taires de Porsche. Au fil des kilom\u00e8tres nous \u00e9tions toujours plus, jusqu\u2019\u00e0 arriver en convoi sur place. C\u2019\u00e9tait d\u2019autant plus agr\u00e9able car le d\u00e9cor \u00e9tait vraiment beau et agr\u00e9able<\/em>\u00a0\u00bb.<\/p>\n<p><img loading=\"lazy\" decoding=\"async\" class=\"alignnone wp-image-57031\" src=\"https:\/\/www.flat6mag.com\/wp-content\/uploads\/2026\/03\/boxster-981-300x232.jpeg\" alt=\"boxster 981\" width=\"1025\" height=\"793\"><\/p>\n<h2>L\u2019utilisation plaisir du Porsche Boxster<\/h2>\n<p>Pour ce qui est de l\u2019utilisation, \u00ab\u00a0Azura\u00a0\u00bb comme est surnomm\u00e9 son Boxster, est utilis\u00e9 uniquement de mani\u00e8re dominicale\u00a0et pour les trajets plaisirs\u00a0:\u00a0\u00ab\u00a0<em>Chaque \u00e9t\u00e9, je descends dans les Alpes de Haute Provence, donc \u00e7a fait au moins 3\u00a0000 km par \u00e9t\u00e9. Le reste de l\u2019ann\u00e9e je l\u2019utilise les week-ends. Mon but est de la faire rouler toute l\u2019ann\u00e9e car les voitures sont faites pour \u00e7a.<\/em> \u00bb<br \/>\nEt \u00e0\u00a0force d\u2019entretien r\u00e9gulier, Nicolas n\u2019a aujourd\u2019hui jamais rencontr\u00e9 de probl\u00e8mes majeurs sur l\u2019ensemble de ses Porsche.<\/p>\n<p>Lorsque l\u2019on demande au retrait\u00e9, quelle sera sa prochaine Porsche, c\u2019est s\u00fbr de lui qu\u2019il r\u00e9pond\u00a0: \u00ab\u00a0<em>Un 981 Spyder\u00a0! C\u2019est le dernier mod\u00e8le sans filtre \u00e0\u00a0particules ayant un bruit de dingue. Le seul frein serait la bo\u00eete de vitesses uniquement disponible en manuelle.<\/em> \u00bb<\/p>\n<p>Nicolas conclut finalement\u00a0: \u00ab\u00a0<em>Le premier achat fait toujours un peu peur, mais je ne regrette pas du tout\u00a0! Il faut se lancer pour acheter une Porsche et ne pas du tout regretter.<\/em>\u00a0\u00bb<\/p>\n<p>Je remercie grandement Nicolas pour son histoire. Rendez-vous prochainement pour un nouvel \u00e9pisode de \u201c<a href=\"https:\/\/www.flat6mag.com\/act\/do\/tag\/votre-porsche-votre-histoire\/\">Votre\u00a0<\/a><a href=\"https:\/\/www.flat6mag.com\/act\/do\/tag\/votre-porsche-votre-histoire\/\">Porsche<\/a><a href=\"https:\/\/www.flat6mag.com\/act\/do\/tag\/votre-porsche-votre-histoire\/\">,<\/a><a href=\"https:\/\/www.flat6mag.com\/act\/do\/tag\/votre-porsche-votre-histoire\/\">\u00a0votre histoire<\/a>\u201d avec un nouveau propri\u00e9taire et une nouvelle Porsche. N\u2019h\u00e9sitez pas \u00e0\u00a0nous partager votre histoire par mail via cette adresse\u00a0:\u00a0<a href=\"mailto:mteff@flat6editions.fr\">mteff@flat6editions.fr<\/a>.<\/p>\n<p><img decoding=\"async\" loading=\"lazy\" class=\"alignnone wp-image-57036\" src=\"https:\/\/www.flat6mag.com\/wp-content\/uploads\/2026\/03\/interieur-981-300x225.avif\" alt=\"inte\u0301rieur 981\" width=\"1127\" height=\"845\"><\/p>\n<div align=\"center\"><button style=\"background-color: transparent;border: 3px solid #000;border-radius: 0.6em;color: #000;cursor: pointer;align-self: center;line-height: 1;margin: 20px;padding: 1.2em 2.8em;text-decoration: none;text-align: center;text-transform: uppercase;font-weight: bold\"><a href=\"https:\/\/www.flat6mag.com\/pages\/abonnements.html\">Soyez les premiers \u00e0 tout savoir sur la Porsche et abonnez-vous \u00e0 Flat 6 Magazine\u00a0!<\/a><\/button><\/div>\n<div align=\"center\">Cr\u00e9dit Photo\u00a0: DR<\/div>\n<\/div>\n","protected":false},"excerpt":{"rendered":"<p>Depuis plus de 15 ans, Nicolas encha\u00eene les Boxster avec la m\u00eame passion. Entre coups de c\u0153ur et plaisir de conduite, il nous raconte une passion qui ne faiblit pas, voici son histoire. La fascination du moteur \u00e0\u00a0plat Aussi loin qu\u2019il s\u2019en souvienne, Nicolas a\u00a0toujours aim\u00e9 les voitures et avant de d\u00e9couvrir Porsche, il se [&hellip;]<\/p>\n","protected":false},"author":1,"featured_media":0,"comment_status":"open","ping_status":"","sticky":false,"template":"","format":"standard","meta":{"footnotes":""},"categories":[1],"tags":[226,273],"class_list":["post-1838411","post","type-post","status-publish","format-standard","hentry","category-uncategorized","tag-crawlmanager","tag-flat6mag-com"],"_links":{"self":[{"href":"https:\/\/analyse.optim.biz\/index.php?rest_route=\/wp\/v2\/posts\/1838411","targetHints":{"allow":["GET"]}}],"collection":[{"href":"https:\/\/analyse.optim.biz\/index.php?rest_route=\/wp\/v2\/posts"}],"about":[{"href":"https:\/\/analyse.optim.biz\/index.php?rest_route=\/wp\/v2\/types\/post"}],"author":[{"embeddable":true,"href":"https:\/\/analyse.optim.biz\/index.php?rest_route=\/wp\/v2\/users\/1"}],"replies":[{"embeddable":true,"href":"https:\/\/analyse.optim.biz\/index.php?rest_route=%2Fwp%2Fv2%2Fcomments&post=1838411"}],"version-history":[{"count":0,"href":"https:\/\/analyse.optim.biz\/index.php?rest_route=\/wp\/v2\/posts\/1838411\/revisions"}],"wp:attachment":[{"href":"https:\/\/analyse.optim.biz\/index.php?rest_route=%2Fwp%2Fv2%2Fmedia&parent=1838411"}],"wp:term":[{"taxonomy":"category","embeddable":true,"href":"https:\/\/analyse.optim.biz\/index.php?rest_route=%2Fwp%2Fv2%2Fcategories&post=1838411"},{"taxonomy":"post_tag","embeddable":true,"href":"https:\/\/analyse.optim.biz\/index.php?rest_route=%2Fwp%2Fv2%2Ftags&post=1838411"}],"curies":[{"name":"wp","href":"https:\/\/api.w.org\/{rel}","templated":true}]}}