{"id":1838081,"date":"2026-03-17T20:31:21","date_gmt":"2026-03-17T17:31:21","guid":{"rendered":"https:\/\/analyse.optim.biz\/?p=1838081"},"modified":"2026-03-17T20:31:21","modified_gmt":"2026-03-17T17:31:21","slug":"guvernul-invita-cetatenii-sa-ajute-la-de-debirocratizare","status":"publish","type":"post","link":"https:\/\/analyse.optim.biz\/?p=1838081","title":{"rendered":"Guvernul invit\u0103 cet\u0103\u021benii s\u0103 ajute la de debirocratizare"},"content":{"rendered":"<p>[analyse_image type=&#8221;featured&#8221; src=&#8221;https:\/\/www.tvbuzau.ro\/wp-content\/uploads\/2026\/03\/hqdefault-26.jpghttps:\/\/www.tvbuzau.ro\/wp-content\/uploads\/2026\/03\/hqdefault-26.jpg&#8221;]<\/p>\n<div class=\"td-ss-main-content\">\n<article id=\"post-118388\" class=\"post-118388 post type-post status-publish format-video has-post-thumbnail hentry category-actualitate post_format-post-format-video\">\n<div class=\"td-post-header\">\n<ul class=\"td-category\">\n<li class=\"entry-category\"><a href=\"https:\/\/www.tvbuzau.ro\/category\/actualitate\/\">Actualitate<\/a><\/li>\n<\/ul>\n<header class=\"td-post-title\">\n<h1 class=\"entry-title\">Guvernul invit\u0103 cet\u0103\u021benii s\u0103 ajute la de debirocratizare<\/h1>\n<div class=\"td-module-meta-info\">\n<div class=\"td-post-author-name\">De c\u0103tre <a href=\"https:\/\/www.tvbuzau.ro\/author\/mihai-vasilescu\/\">TV Buz\u0103u<\/a> &#8211; <\/div>\n<p><span class=\"td-post-date\"><time class=\"entry-date updated td-module-date\" datetime=\"2026-03-17T20:31:21+00:00\">martie 17, 2026<\/time><\/span><\/p>\n<div class=\"td-post-comments\"><a href=\"https:\/\/www.tvbuzau.ro\/guvernul-invita-cetatenii-sa-ajute-la-de-debirocratizare\/#respond\">0<\/a><\/div>\n<div class=\"td-post-views\"><span class=\"td-nr-views-118388\">12<\/span><\/div>\n<\/div>\n<\/header>\n<\/div>\n<div class=\"td-post-sharing td-post-sharing-top td-with-like\">\n<div class=\"td-default-sharing\"><a class=\"td-social-sharing-buttons td-social-facebook\" href=\"http:\/\/www.facebook.com\/sharer.php?u=https%3A%2F%2Fwww.tvbuzau.ro%2Fguvernul-invita-cetatenii-sa-ajute-la-de-debirocratizare%2F\"><\/p>\n<div class=\"td-social-but-text\">Distribui\u021bi pe Facebook<\/div>\n<p><\/a><a class=\"td-social-sharing-buttons td-social-twitter\" href=\"https:\/\/twitter.com\/intent\/tweet?text=Guvernul+invit%C4%83+cet%C4%83%C8%9Benii+s%C4%83+ajute+la+de+debirocratizare&amp;url=https%3A%2F%2Fwww.tvbuzau.ro%2Fguvernul-invita-cetatenii-sa-ajute-la-de-debirocratizare%2F&amp;via=TV+Buz%C4%83u\"><\/p>\n<div class=\"td-social-but-text\">Distribui\u021bi pe Twitter<\/div>\n<p><\/a><\/div>\n<div class=\"td-classic-sharing\">\n<ul>\n<li class=\"td-classic-facebook\"><iframe frameborder src=\"https:\/\/www.facebook.com\/plugins\/like.php?href=https:\/\/www.tvbuzau.ro\/guvernul-invita-cetatenii-sa-ajute-la-de-debirocratizare\/&amp;layout=button_count&amp;show_faces=false&amp;width=105&amp;action=like&amp;colorscheme=light&amp;height=21\"><\/iframe><\/li>\n<li class=\"td-classic-twitter\"><a href=\"https:\/\/twitter.com\/share\" class=\"twitter-share-button\" data-url=\"https:\/\/www.tvbuzau.ro\/guvernul-invita-cetatenii-sa-ajute-la-de-debirocratizare\/\" data-text=\"Guvernul invit\u0103 cet\u0103\u021benii s\u0103 ajute la de debirocratizare\" data-via data-lang=\"en\">tweet<\/a><\/li>\n<\/ul>\n<\/div>\n<\/div>\n<div class=\"td-post-content\">\n<div class=\"td-featured-image-rec\">\n<div class=\"wpb_video_wrapper\">\n                    <iframe loading=\"lazy\" id=\"td_youtube_player\" width=\"600\" height=\"560\" src=\"https:\/\/www.youtube.com\/embed\/ngZcf4-9E4A?enablejsapi=1&amp;feature=oembed&amp;wmode=opaque&amp;vq=hd720\" frameborder allowfullscreen><\/iframe><\/p><\/div>\n<\/div>\n<p>Invita\u0163ii pe platforma fara-hartie.gov.ro<br \/>\nGuvernul Rom\u00e2niei invit\u0103 cet\u0103\u021benii s\u0103 se implice \u00eentr-un proces de reducere a birocra\u021biei \u0219i de digitalizare a administra\u021biei publice, prin semnalarea procedurilor birocratice greoaie cu care se confrunt\u0103, pe platforma online \u201eF\u0103r\u0103 h\u00e2rtie\u201d, disponibil\u0103 la adresa fara-hartie.gov.ro . Cet\u0103\u021benii, persoanele juridice \u0219i func\u021bionarii publici pot transmite sesiz\u0103ri referitoare la<br \/>\nproblemele \u00eent\u00e2mpinate \u00een administra\u021bie, precum birocra\u021bie excesiv\u0103, proceduri greoaie, solicit\u0103ri redundante de documente sau lipsa digitaliz\u0103rii serviciilor publice, se arat\u0103 \u00eentr-un comunicat al Guvernului.<br \/>\n\u201cLa fiecare 30 de zile, Guvernul centralizeaz\u0103 10 dintre cele mai frecvente probleme \u0219i le transmite spre analiz\u0103 \u0219i solu\u021bionare institu\u021biilor abilitate, prin intermediul Comitetului pentru e-guvernare \u0219i reducerea birocra\u021biei (CERB). Criteriile de selec\u021bie pentru cele 10 probleme sunt: frecven\u021ba cu care apare o disfunc\u021bionalitate \u00een sesiz\u0103rile primite, impactul acesteia asupra cet\u0103\u021benilor \u0219i natura solu\u021biei necesare (administrativ\u0103 sau legislativ\u0103). Problemele care \u021bin de practici administrative sunt comunicate direct institu\u021biilor responsabile, care trebuie s\u0103 ia m\u0103suri pentru a le<br \/>\ncorecta. Progresul este monitorizat public, chiar pe platform\u0103, p\u00e2n\u0103 la solu\u021bionare\u201d, informeaz\u0103 Guvernul Rom\u00e2niei.<br \/>\nOdat\u0103 ce \u00eencarc\u0103 o sesizare pe platform\u0103, cet\u0103\u021benii vor primi dou\u0103 tipuri de informa\u021bii. Pe de o parte, va fi informat transparent cu privire la etapele \u00eenc\u0103rc\u0103rii sesiz\u0103rii pe platform\u0103: procesare, validare \u0219i publicare. Pe de alt\u0103 parte, este informat cu privire la pa\u0219ii parcur\u0219i pentru solu\u021bionarea problemei la nivelul institu\u021biei responsabile sau din<br \/>\nperspectiva cadrului legal aplicabil.<br \/>, se mai arat\u0103 \u00een informarea autorit\u0103\u0163ilor.<\/p>\n<div class=\"post-views post-118388 entry-meta\"><span class=\"post-views-label\">Post Views: <\/span><span class=\"post-views-count\">172<\/span><\/div>\n<\/div>\n<footer>\n<div class=\"td-post-sharing td-post-sharing-bottom td-with-like\"><span class=\"td-post-share-title\">DISTRIBUI\u021aI<\/span><\/p>\n<div class=\"td-default-sharing\"><a class=\"td-social-sharing-buttons td-social-facebook\" href=\"http:\/\/www.facebook.com\/sharer.php?u=https%3A%2F%2Fwww.tvbuzau.ro%2Fguvernul-invita-cetatenii-sa-ajute-la-de-debirocratizare%2F\"><\/p>\n<div class=\"td-social-but-text\">Facebook<\/div>\n<p><\/a><a class=\"td-social-sharing-buttons td-social-twitter\" href=\"https:\/\/twitter.com\/intent\/tweet?text=Guvernul+invit%C4%83+cet%C4%83%C8%9Benii+s%C4%83+ajute+la+de+debirocratizare&amp;url=https%3A%2F%2Fwww.tvbuzau.ro%2Fguvernul-invita-cetatenii-sa-ajute-la-de-debirocratizare%2F&amp;via=TV+Buz%C4%83u\"><\/p>\n<div class=\"td-social-but-text\">Twitter<\/div>\n<p><\/a><\/div>\n<div class=\"td-classic-sharing\">\n<ul>\n<li class=\"td-classic-facebook\"><iframe frameborder src=\"https:\/\/www.facebook.com\/plugins\/like.php?href=https:\/\/www.tvbuzau.ro\/guvernul-invita-cetatenii-sa-ajute-la-de-debirocratizare\/&amp;layout=button_count&amp;show_faces=false&amp;width=105&amp;action=like&amp;colorscheme=light&amp;height=21\"><\/iframe><\/li>\n<li class=\"td-classic-twitter\"><a href=\"https:\/\/twitter.com\/share\" class=\"twitter-share-button\" data-url=\"https:\/\/www.tvbuzau.ro\/guvernul-invita-cetatenii-sa-ajute-la-de-debirocratizare\/\" data-text=\"Guvernul invit\u0103 cet\u0103\u021benii s\u0103 ajute la de debirocratizare\" data-via data-lang=\"en\">tweet<\/a><\/li>\n<\/ul>\n<\/div>\n<\/div>\n<div class=\"td-author-name vcard author\"><span class=\"fn\"><a href=\"https:\/\/www.tvbuzau.ro\/author\/mihai-vasilescu\/\">TV Buz\u0103u<\/a><\/span><\/div>\n<p><span><\/span><span><span><\/span><\/span><span><\/span><\/footer>\n<\/article>\n<div class=\"td_block_wrap td_block_related_posts td_uid_1_69bdf05800ae7_rand td_with_ajax_pagination td-pb-border-top\" data-td-block-uid=\"td_uid_1_69bdf05800ae7\">\n<h4 class=\"td-related-title\"><a id=\"td_uid_2_69bdf05805ebd\" class=\"td-related-left td-cur-simple-item\" data-td_filter_value data-td_block_id=\"td_uid_1_69bdf05800ae7\" href=\"https:\/\/www.tvbuzau.ro\/guvernul-invita-cetatenii-sa-ajute-la-de-debirocratizare\/\">ARTICOLE SIMILARE<\/a><a id=\"td_uid_3_69bdf05805ef6\" class=\"td-related-right\" data-td_filter_value=\"td_related_more_from_author\" data-td_block_id=\"td_uid_1_69bdf05800ae7\" href=\"https:\/\/www.tvbuzau.ro\/guvernul-invita-cetatenii-sa-ajute-la-de-debirocratizare\/\">DE LA ACELA\u0218I AUTOR<\/a><\/h4>\n<div id=\"td_uid_1_69bdf05800ae7\" class=\"td_block_inner\">\n<div class=\"td-related-row\">\n<div class=\"td-related-span4\">\n<div class=\"td_module_related_posts td-animation-stack td_mod_related_posts\">\n<div class=\"td-module-image\">\n<div class=\"td-module-thumb\"><a href=\"https:\/\/www.tvbuzau.ro\/primarul-municipiului-buzau-s-a-urcat-de-pe-un-bloc\/\" rel=\"bookmark\" title=\"Primarul municipiului Buz\u0103u s-a urcat de pe un bloc\"><img loading=\"lazy\" decoding=\"async\" width=\"218\" height=\"150\" class=\"entry-thumb\" src=\"https:\/\/www.tvbuzau.ro\/wp-content\/uploads\/2026\/03\/sddefault-43-218x150.jpg\" alt title=\"Primarul municipiului Buz\u0103u s-a urcat de pe un bloc\"><span class=\"td-video-play-ico\"><img loading=\"lazy\" decoding=\"async\" width=\"40\" height=\"40\" class=\"td-retina\" src=\"https:\/\/www.tvbuzau.ro\/wp-content\/themes\/Newspaper\/images\/icons\/ico-video-large.png\" alt=\"video\"><\/span><\/a><\/div>\n<p><a href=\"https:\/\/www.tvbuzau.ro\/category\/actualitate\/\" class=\"td-post-category\">Actualitate<\/a><\/div>\n<div class=\"item-details\">\n<h3 class=\"entry-title td-module-title\"><a href=\"https:\/\/www.tvbuzau.ro\/primarul-municipiului-buzau-s-a-urcat-de-pe-un-bloc\/\" rel=\"bookmark\" title=\"Primarul municipiului Buz\u0103u s-a urcat de pe un bloc\">Primarul municipiului Buz\u0103u s-a urcat de pe un bloc<\/a><\/h3>\n<\/div>\n<\/div>\n<\/div>\n<div class=\"td-related-span4\">\n<div class=\"td_module_related_posts td-animation-stack td_mod_related_posts\">\n<div class=\"td-module-image\">\n<div class=\"td-module-thumb\"><a href=\"https:\/\/www.tvbuzau.ro\/2-milioane-de-euro-reabilitarea-strazii-frasinet\/\" rel=\"bookmark\" title=\"2 milioane de euro, reabilitarea str\u0103zii Fr\u0103sinet\"><img loading=\"lazy\" decoding=\"async\" width=\"218\" height=\"150\" class=\"entry-thumb\" src=\"https:\/\/www.tvbuzau.ro\/wp-content\/uploads\/2026\/03\/hqdefault-35-218x150.jpg\" alt title=\"2 milioane de euro, reabilitarea str\u0103zii Fr\u0103sinet\"><span class=\"td-video-play-ico\"><img loading=\"lazy\" decoding=\"async\" width=\"40\" height=\"40\" class=\"td-retina\" src=\"https:\/\/www.tvbuzau.ro\/wp-content\/themes\/Newspaper\/images\/icons\/ico-video-large.png\" alt=\"video\"><\/span><\/a><\/div>\n<p><a href=\"https:\/\/www.tvbuzau.ro\/category\/actualitate\/\" class=\"td-post-category\">Actualitate<\/a><\/div>\n<div class=\"item-details\">\n<h3 class=\"entry-title td-module-title\"><a href=\"https:\/\/www.tvbuzau.ro\/2-milioane-de-euro-reabilitarea-strazii-frasinet\/\" rel=\"bookmark\" title=\"2 milioane de euro, reabilitarea str\u0103zii Fr\u0103sinet\">2 milioane de euro, reabilitarea str\u0103zii Fr\u0103sinet<\/a><\/h3>\n<\/div>\n<\/div>\n<\/div>\n<div class=\"td-related-span4\">\n<div class=\"td_module_related_posts td-animation-stack td_mod_related_posts\">\n<div class=\"td-module-image\">\n<div class=\"td-module-thumb\"><a href=\"https:\/\/www.tvbuzau.ro\/angajati-fara-forme-legale-descoperti-de-itm\/\" rel=\"bookmark\" title=\"Angaja\u0163i f\u0103r\u0103 forme legale descoper\u0163i de ITM\"><img loading=\"lazy\" decoding=\"async\" width=\"218\" height=\"150\" class=\"entry-thumb\" src=\"https:\/\/www.tvbuzau.ro\/wp-content\/uploads\/2026\/03\/hqdefault-34-218x150.jpg\" alt title=\"Angaja\u0163i f\u0103r\u0103 forme legale descoper\u0163i de ITM\"><span class=\"td-video-play-ico\"><img loading=\"lazy\" decoding=\"async\" width=\"40\" height=\"40\" class=\"td-retina\" src=\"https:\/\/www.tvbuzau.ro\/wp-content\/themes\/Newspaper\/images\/icons\/ico-video-large.png\" alt=\"video\"><\/span><\/a><\/div>\n<p><a href=\"https:\/\/www.tvbuzau.ro\/category\/actualitate\/\" class=\"td-post-category\">Actualitate<\/a><\/div>\n<div class=\"item-details\">\n<h3 class=\"entry-title td-module-title\"><a href=\"https:\/\/www.tvbuzau.ro\/angajati-fara-forme-legale-descoperti-de-itm\/\" rel=\"bookmark\" title=\"Angaja\u0163i f\u0103r\u0103 forme legale descoper\u0163i de ITM\">Angaja\u0163i f\u0103r\u0103 forme legale descoper\u0163i de ITM<\/a><\/h3>\n<\/div>\n<\/div>\n<\/div>\n<\/div>\n<div class=\"td-related-row\">\n<div class=\"td-related-span4\">\n<div class=\"td_module_related_posts td-animation-stack td_mod_related_posts\">\n<div class=\"td-module-image\">\n<div class=\"td-module-thumb\"><a href=\"https:\/\/www.tvbuzau.ro\/peste-800-de-elevi-din-patarlagele-vizitati-de-politisti\/\" rel=\"bookmark\" title=\"Peste 800 de elevi din P\u0103t\u00e2rlagele vizita\u0163i de poli\u0163i\u015fti\"><img loading=\"lazy\" decoding=\"async\" width=\"218\" height=\"150\" class=\"entry-thumb\" src=\"https:\/\/www.tvbuzau.ro\/wp-content\/uploads\/2026\/03\/sddefault-42-218x150.jpg\" alt title=\"Peste 800 de elevi din P\u0103t\u00e2rlagele vizita\u0163i de poli\u0163i\u015fti\"><span class=\"td-video-play-ico\"><img loading=\"lazy\" decoding=\"async\" width=\"40\" height=\"40\" class=\"td-retina\" src=\"https:\/\/www.tvbuzau.ro\/wp-content\/themes\/Newspaper\/images\/icons\/ico-video-large.png\" alt=\"video\"><\/span><\/a><\/div>\n<p><a href=\"https:\/\/www.tvbuzau.ro\/category\/actualitate\/\" class=\"td-post-category\">Actualitate<\/a><\/div>\n<div class=\"item-details\">\n<h3 class=\"entry-title td-module-title\"><a href=\"https:\/\/www.tvbuzau.ro\/peste-800-de-elevi-din-patarlagele-vizitati-de-politisti\/\" rel=\"bookmark\" title=\"Peste 800 de elevi din P\u0103t\u00e2rlagele vizita\u0163i de poli\u0163i\u015fti\">Peste 800 de elevi din P\u0103t\u00e2rlagele vizita\u0163i de poli\u0163i\u015fti<\/a><\/h3>\n<\/div>\n<\/div>\n<\/div>\n<div class=\"td-related-span4\">\n<div class=\"td_module_related_posts td-animation-stack td_mod_related_posts\">\n<div class=\"td-module-image\">\n<div class=\"td-module-thumb\"><a href=\"https:\/\/www.tvbuzau.ro\/o-singura-linie-de-garda-la-ati\/\" rel=\"bookmark\" title=\"O singur\u0103 linie de gard\u0103 la ATI\"><img loading=\"lazy\" decoding=\"async\" width=\"218\" height=\"150\" class=\"entry-thumb\" src=\"https:\/\/www.tvbuzau.ro\/wp-content\/uploads\/2026\/03\/hqdefault-33-218x150.jpg\" alt title=\"O singur\u0103 linie de gard\u0103 la ATI\"><span class=\"td-video-play-ico\"><img loading=\"lazy\" decoding=\"async\" width=\"40\" height=\"40\" class=\"td-retina\" src=\"https:\/\/www.tvbuzau.ro\/wp-content\/themes\/Newspaper\/images\/icons\/ico-video-large.png\" alt=\"video\"><\/span><\/a><\/div>\n<p><a href=\"https:\/\/www.tvbuzau.ro\/category\/actualitate\/\" class=\"td-post-category\">Actualitate<\/a><\/div>\n<div class=\"item-details\">\n<h3 class=\"entry-title td-module-title\"><a href=\"https:\/\/www.tvbuzau.ro\/o-singura-linie-de-garda-la-ati\/\" rel=\"bookmark\" title=\"O singur\u0103 linie de gard\u0103 la ATI\">O singur\u0103 linie de gard\u0103 la ATI<\/a><\/h3>\n<\/div>\n<\/div>\n<\/div>\n<div class=\"td-related-span4\">\n<div class=\"td_module_related_posts td-animation-stack td_mod_related_posts\">\n<div class=\"td-module-image\">\n<div class=\"td-module-thumb\"><a href=\"https:\/\/www.tvbuzau.ro\/buzaul-primeste-detectoare-de-fum-si-monoxid-de-carbon\/\" rel=\"bookmark\" title=\"Buz\u0103ul prime\u015fte detectoare de fum \u0219i monoxid de carbon\"><img loading=\"lazy\" decoding=\"async\" width=\"218\" height=\"150\" class=\"entry-thumb\" src=\"https:\/\/www.tvbuzau.ro\/wp-content\/uploads\/2026\/03\/hqdefault-32-218x150.jpg\" alt title=\"Buz\u0103ul prime\u015fte detectoare de fum \u0219i monoxid de carbon\"><span class=\"td-video-play-ico\"><img loading=\"lazy\" decoding=\"async\" width=\"40\" height=\"40\" class=\"td-retina\" src=\"https:\/\/www.tvbuzau.ro\/wp-content\/themes\/Newspaper\/images\/icons\/ico-video-large.png\" alt=\"video\"><\/span><\/a><\/div>\n<p><a href=\"https:\/\/www.tvbuzau.ro\/category\/actualitate\/\" class=\"td-post-category\">Actualitate<\/a><\/div>\n<div class=\"item-details\">\n<h3 class=\"entry-title td-module-title\"><a href=\"https:\/\/www.tvbuzau.ro\/buzaul-primeste-detectoare-de-fum-si-monoxid-de-carbon\/\" rel=\"bookmark\" title=\"Buz\u0103ul prime\u015fte detectoare de fum \u0219i monoxid de carbon\">Buz\u0103ul prime\u015fte detectoare de fum \u0219i monoxid de carbon<\/a><\/h3>\n<\/div>\n<\/div>\n<\/div>\n<\/div>\n<\/div>\n<\/div>\n<div class=\"comments\" id=\"comments\">\n<div id=\"respond\" class=\"comment-respond\">\n<h3 id=\"reply-title\" class=\"comment-reply-title\">L\u0102SA\u021aI UN MESAJ <small><a rel=\"nofollow\" id=\"cancel-comment-reply-link\" href=\"https:\/\/www.tvbuzau.ro\/guvernul-invita-cetatenii-sa-ajute-la-de-debirocratizare\/#respond\">Renun\u021ba\u021bi la r\u0103spuns<\/a><\/small><\/h3>\n<\/div>\n<\/div>\n<\/div>\n<div class=\"td-post-content\">\n<div class=\"td-featured-image-rec\">\n<div class=\"wpb_video_wrapper\">\n                    <iframe loading=\"lazy\" id=\"td_youtube_player\" width=\"600\" height=\"560\" src=\"https:\/\/www.youtube.com\/embed\/ngZcf4-9E4A?enablejsapi=1&amp;feature=oembed&amp;wmode=opaque&amp;vq=hd720\" frameborder allowfullscreen><\/iframe><\/p><\/div>\n<\/div>\n<p>Invita\u0163ii pe platforma fara-hartie.gov.ro<br \/>\nGuvernul Rom\u00e2niei invit\u0103 cet\u0103\u021benii s\u0103 se implice \u00eentr-un proces de reducere a birocra\u021biei \u0219i de digitalizare a administra\u021biei publice, prin semnalarea procedurilor birocratice greoaie cu care se confrunt\u0103, pe platforma online \u201eF\u0103r\u0103 h\u00e2rtie\u201d, disponibil\u0103 la adresa fara-hartie.gov.ro . Cet\u0103\u021benii, persoanele juridice \u0219i func\u021bionarii publici pot transmite sesiz\u0103ri referitoare la<br \/>\nproblemele \u00eent\u00e2mpinate \u00een administra\u021bie, precum birocra\u021bie excesiv\u0103, proceduri greoaie, solicit\u0103ri redundante de documente sau lipsa digitaliz\u0103rii serviciilor publice, se arat\u0103 \u00eentr-un comunicat al Guvernului.<br \/>\n\u201cLa fiecare 30 de zile, Guvernul centralizeaz\u0103 10 dintre cele mai frecvente probleme \u0219i le transmite spre analiz\u0103 \u0219i solu\u021bionare institu\u021biilor abilitate, prin intermediul Comitetului pentru e-guvernare \u0219i reducerea birocra\u021biei (CERB). Criteriile de selec\u021bie pentru cele 10 probleme sunt: frecven\u021ba cu care apare o disfunc\u021bionalitate \u00een sesiz\u0103rile primite, impactul acesteia asupra cet\u0103\u021benilor \u0219i natura solu\u021biei necesare (administrativ\u0103 sau legislativ\u0103). Problemele care \u021bin de practici administrative sunt comunicate direct institu\u021biilor responsabile, care trebuie s\u0103 ia m\u0103suri pentru a le<br \/>\ncorecta. Progresul este monitorizat public, chiar pe platform\u0103, p\u00e2n\u0103 la solu\u021bionare\u201d, informeaz\u0103 Guvernul Rom\u00e2niei.<br \/>\nOdat\u0103 ce \u00eencarc\u0103 o sesizare pe platform\u0103, cet\u0103\u021benii vor primi dou\u0103 tipuri de informa\u021bii. Pe de o parte, va fi informat transparent cu privire la etapele \u00eenc\u0103rc\u0103rii sesiz\u0103rii pe platform\u0103: procesare, validare \u0219i publicare. Pe de alt\u0103 parte, este informat cu privire la pa\u0219ii parcur\u0219i pentru solu\u021bionarea problemei la nivelul institu\u021biei responsabile sau din<br \/>\nperspectiva cadrului legal aplicabil.<br \/>, se mai arat\u0103 \u00een informarea autorit\u0103\u0163ilor.<\/p>\n<div class=\"post-views post-118388 entry-meta\"><span class=\"post-views-label\">Post Views: <\/span><span class=\"post-views-count\">172<\/span><\/div>\n<\/div>\n<p>[analyse_source url=&#8221;https:\/\/www.tvbuzau.ro\/guvernul-invita-cetatenii-sa-ajute-la-de-debirocratizare\/&#8221;]<\/p>\n","protected":false},"excerpt":{"rendered":"<p>[analyse_image type=&#8221;featured&#8221; src=&#8221;https:\/\/www.tvbuzau.ro\/wp-content\/uploads\/2026\/03\/hqdefault-26.jpghttps:\/\/www.tvbuzau.ro\/wp-content\/uploads\/2026\/03\/hqdefault-26.jpg&#8221;] Actualitate Guvernul invit\u0103 cet\u0103\u021benii s\u0103 ajute la de debirocratizare De c\u0103tre TV Buz\u0103u &#8211; martie 17, 2026 0 12 Distribui\u021bi pe Facebook Distribui\u021bi pe Twitter tweet Invita\u0163ii pe platforma fara-hartie.gov.ro Guvernul Rom\u00e2niei invit\u0103 cet\u0103\u021benii s\u0103 se implice \u00eentr-un proces de reducere a birocra\u021biei \u0219i de digitalizare a administra\u021biei publice, prin semnalarea procedurilor [&hellip;]<\/p>\n","protected":false},"author":1,"featured_media":0,"comment_status":"open","ping_status":"","sticky":false,"template":"","format":"standard","meta":{"footnotes":""},"categories":[2],"tags":[226,116],"class_list":["post-1838081","post","type-post","status-publish","format-standard","hentry","category-politics","tag-crawlmanager","tag-tvbuzau-ro"],"_links":{"self":[{"href":"https:\/\/analyse.optim.biz\/index.php?rest_route=\/wp\/v2\/posts\/1838081","targetHints":{"allow":["GET"]}}],"collection":[{"href":"https:\/\/analyse.optim.biz\/index.php?rest_route=\/wp\/v2\/posts"}],"about":[{"href":"https:\/\/analyse.optim.biz\/index.php?rest_route=\/wp\/v2\/types\/post"}],"author":[{"embeddable":true,"href":"https:\/\/analyse.optim.biz\/index.php?rest_route=\/wp\/v2\/users\/1"}],"replies":[{"embeddable":true,"href":"https:\/\/analyse.optim.biz\/index.php?rest_route=%2Fwp%2Fv2%2Fcomments&post=1838081"}],"version-history":[{"count":0,"href":"https:\/\/analyse.optim.biz\/index.php?rest_route=\/wp\/v2\/posts\/1838081\/revisions"}],"wp:attachment":[{"href":"https:\/\/analyse.optim.biz\/index.php?rest_route=%2Fwp%2Fv2%2Fmedia&parent=1838081"}],"wp:term":[{"taxonomy":"category","embeddable":true,"href":"https:\/\/analyse.optim.biz\/index.php?rest_route=%2Fwp%2Fv2%2Fcategories&post=1838081"},{"taxonomy":"post_tag","embeddable":true,"href":"https:\/\/analyse.optim.biz\/index.php?rest_route=%2Fwp%2Fv2%2Ftags&post=1838081"}],"curies":[{"name":"wp","href":"https:\/\/api.w.org\/{rel}","templated":true}]}}