{"id":1837928,"date":"2026-03-20T17:34:34","date_gmt":"2026-03-20T14:34:34","guid":{"rendered":"https:\/\/analyse.optim.biz\/?p=1837928"},"modified":"2026-03-20T17:34:34","modified_gmt":"2026-03-20T14:34:34","slug":"infiintare-trup-de-padure-rafti-tanase","status":"publish","type":"post","link":"https:\/\/analyse.optim.biz\/?p=1837928","title":{"rendered":"\u00cenfiin\u021bare trup de p\u0103dure Rafti T\u0103nase"},"content":{"rendered":"<p>[analyse_image type=&#8221;featured&#8221; src=&#8221;https:\/\/dobrogeanews.b-cdn.net\/wp-content\/uploads\/2026\/03\/Comunicat-de-Presa-Rafti-Tanase_reprezentativa.jpg&#8221;]<\/p>\n<div id=\"post-69265\" class=\"entry single-default post-69265 post type-post status-publish format-standard has-post-thumbnail hentry category-info tag-baia tag-infiintare-2 tag-padure-2 tag-rafti-tanase\">\n<div>\n<div class=\"ss-follow-wrapper ss-clearfix ss-regular-buttons ss-columns-1 ss-default-style\">\n<div class=\"ss-follow-column\" data-ss-sf-network-id='\"facebook\"'><a href=\"https:\/\/www.facebook.com\/dobrogeanews\" class=\"ss-follow-network ss-facebook-color\" rel=\"nofollow noopener\" aria-label=\"facebook\" target=\"_blank\"><span class=\"ss-follow-network-label\">Urm\u0103re\u015fte-ne \u015fi pe Facebook!<\/span><span class=\"ss-follow-network-count\"><span class=\"ss-follow-network-count-number\">57K<\/span><span class=\"ss-follow-network-count-label\">Followers<\/span><\/span><\/a><\/div>\n<\/div>\n<\/div>\n<h2 class=\"has-text-align-center\">Comunicat de pres\u0103<\/h2>\n<p class=\"has-text-align-center\">\u201ePNRR: Fonduri pentru Rom\u00e2nia modern\u0103 \u0219i reformat\u0103!\u201d<\/p>\n<p><strong>Numele proiectului de investi\u021bie:<\/strong> \u201e\u00cenfiin\u021bare trup de p\u0103dure Rafti T\u0103nase\u201d<\/p>\n<p><strong>Numele beneficiarului:<\/strong> RAFTI T\u0102NASE<\/p>\n<figure class=\"wp-block-image size-full is-resized\">\n<source type=\"image\/webp\" data-lazy-srcset=\"https:\/\/dobrogeanews.b-cdn.net\/wp-content\/uploads\/2026\/03\/Comunicat-de-Presa-Rafti-Tanase-scaled.jpg.webp\" \/><br \/>\n<img loading=\"lazy\" decoding=\"async\" src=\"https:\/\/dobrogeanews.b-cdn.net\/wp-content\/uploads\/2026\/03\/Comunicat-de-Presa-Rafti-Tanase-scaled.jpg\" alt=\"\" width=\"640\" height=\"802\"><\/figure>\n<div class=\"monsterinsights-inline-popular-posts monsterinsights-inline-popular-posts-charlie monsterinsights-popular-posts-styled\">\n<div class=\"monsterinsights-inline-popular-posts-text\"><span class=\"monsterinsights-inline-popular-posts-label\">Vezi \u0219i:<\/span><\/p>\n<div class=\"monsterinsights-inline-popular-posts-post\"><a class=\"monsterinsights-inline-popular-posts-title\" href=\"https:\/\/www.dobrogeanews.ro\/la-baia-taxa-de-habitat-a-ramas-15-lei-luna-pers-adica-180-lei-an-am-votat-aplicarea-cotelor-minime-permise\/\">La Baia, taxa de habitat a r\u0103mas 15 lei\/lun\u0103\/pers, adic\u0103, 180 lei\/an. \u201eAm votat aplicarea cotelor minime permise\u201d<\/a><\/div>\n<div class=\"monsterinsights-inline-popular-posts-post\"><a class=\"monsterinsights-inline-popular-posts-title\" href=\"https:\/\/www.dobrogeanews.ro\/primaria-tulcea-amenajeaza-un-parc-urban-de-peste-3-700-mp-in-zona-aquaserv-pe-strada-babadag-proiect-finantat-din-fonduri-europene\/\">Prim\u0103ria Tulcea amenajeaz\u0103 un Parc Urban de peste 3.700 mp \u00een zona Aquaserv, pe strada Babadag. Proiect finan\u021bat din fonduri europene<\/a><\/div>\n<div class=\"monsterinsights-inline-popular-posts-post\"><a class=\"monsterinsights-inline-popular-posts-title\" href=\"https:\/\/www.dobrogeanews.ro\/cine-este-fata-de-18-ani-care-s-a-sinucis-la-tulcea-soapte-intre-lumi\/\">Cine este fata de 18 ani care s-a sinucis la Tulcea. \u0218oapte \u00eentre lumi \u2026<\/a><\/div>\n<\/div>\n<\/div>\n<\/div>\n<div id=\"post-69265\" class=\"entry single-default post-69265 post type-post status-publish format-standard has-post-thumbnail hentry category-info tag-baia tag-infiintare-2 tag-padure-2 tag-rafti-tanase\">\n<div>\n<div class=\"ss-follow-wrapper ss-clearfix ss-regular-buttons ss-columns-1 ss-default-style\">\n<div class=\"ss-follow-column\" data-ss-sf-network-id='\"facebook\"'><a href=\"https:\/\/www.facebook.com\/dobrogeanews\" class=\"ss-follow-network ss-facebook-color\" rel=\"nofollow noopener\" aria-label=\"facebook\" target=\"_blank\"><span class=\"ss-follow-network-label\">Urm\u0103re\u015fte-ne \u015fi pe Facebook!<\/span><span class=\"ss-follow-network-count\"><span class=\"ss-follow-network-count-number\">57K<\/span><span class=\"ss-follow-network-count-label\">Followers<\/span><\/span><\/a><\/div>\n<\/div>\n<\/div>\n<h2 class=\"has-text-align-center\">Comunicat de pres\u0103<\/h2>\n<p class=\"has-text-align-center\">\u201ePNRR: Fonduri pentru Rom\u00e2nia modern\u0103 \u0219i reformat\u0103!\u201d<\/p>\n<p><strong>Numele proiectului de investi\u021bie:<\/strong> \u201e\u00cenfiin\u021bare trup de p\u0103dure Rafti T\u0103nase\u201d<\/p>\n<p><strong>Numele beneficiarului:<\/strong> RAFTI T\u0102NASE<\/p>\n<figure class=\"wp-block-image size-full is-resized\">\n<source type=\"image\/webp\" data-lazy-srcset=\"https:\/\/dobrogeanews.b-cdn.net\/wp-content\/uploads\/2026\/03\/Comunicat-de-Presa-Rafti-Tanase-scaled.jpg.webp\" \/><br \/>\n<img loading=\"lazy\" decoding=\"async\" src=\"https:\/\/dobrogeanews.b-cdn.net\/wp-content\/uploads\/2026\/03\/Comunicat-de-Presa-Rafti-Tanase-scaled.jpg\" alt=\"\" width=\"640\" height=\"802\"><\/figure>\n<div class=\"monsterinsights-inline-popular-posts monsterinsights-inline-popular-posts-charlie monsterinsights-popular-posts-styled\">\n<div class=\"monsterinsights-inline-popular-posts-text\"><span class=\"monsterinsights-inline-popular-posts-label\">Vezi \u0219i:<\/span><\/p>\n<div class=\"monsterinsights-inline-popular-posts-post\"><a class=\"monsterinsights-inline-popular-posts-title\" href=\"https:\/\/www.dobrogeanews.ro\/la-baia-taxa-de-habitat-a-ramas-15-lei-luna-pers-adica-180-lei-an-am-votat-aplicarea-cotelor-minime-permise\/\">La Baia, taxa de habitat a r\u0103mas 15 lei\/lun\u0103\/pers, adic\u0103, 180 lei\/an. \u201eAm votat aplicarea cotelor minime permise\u201d<\/a><\/div>\n<div class=\"monsterinsights-inline-popular-posts-post\"><a class=\"monsterinsights-inline-popular-posts-title\" href=\"https:\/\/www.dobrogeanews.ro\/primaria-tulcea-amenajeaza-un-parc-urban-de-peste-3-700-mp-in-zona-aquaserv-pe-strada-babadag-proiect-finantat-din-fonduri-europene\/\">Prim\u0103ria Tulcea amenajeaz\u0103 un Parc Urban de peste 3.700 mp \u00een zona Aquaserv, pe strada Babadag. Proiect finan\u021bat din fonduri europene<\/a><\/div>\n<div class=\"monsterinsights-inline-popular-posts-post\"><a class=\"monsterinsights-inline-popular-posts-title\" href=\"https:\/\/www.dobrogeanews.ro\/cine-este-fata-de-18-ani-care-s-a-sinucis-la-tulcea-soapte-intre-lumi\/\">Cine este fata de 18 ani care s-a sinucis la Tulcea. \u0218oapte \u00eentre lumi \u2026<\/a><\/div>\n<\/div>\n<\/div>\n<\/div>\n<p>[analyse_source url=&#8221;https:\/\/www.dobrogeanews.ro\/infiintare-trup-de-padure-rafti-tanase\/&#8221;]<\/p>\n","protected":false},"excerpt":{"rendered":"<p>[analyse_image type=&#8221;featured&#8221; src=&#8221;https:\/\/dobrogeanews.b-cdn.net\/wp-content\/uploads\/2026\/03\/Comunicat-de-Presa-Rafti-Tanase_reprezentativa.jpg&#8221;] Urm\u0103re\u015fte-ne \u015fi pe Facebook!57KFollowers Comunicat de pres\u0103 \u201ePNRR: Fonduri pentru Rom\u00e2nia modern\u0103 \u0219i reformat\u0103!\u201d Numele proiectului de investi\u021bie: \u201e\u00cenfiin\u021bare trup de p\u0103dure Rafti T\u0103nase\u201d Numele beneficiarului: RAFTI T\u0102NASE Vezi \u0219i: La Baia, taxa de habitat a r\u0103mas 15 lei\/lun\u0103\/pers, adic\u0103, 180 lei\/an. \u201eAm votat aplicarea cotelor minime permise\u201d Prim\u0103ria Tulcea amenajeaz\u0103 un [&hellip;]<\/p>\n","protected":false},"author":1,"featured_media":0,"comment_status":"open","ping_status":"","sticky":false,"template":"","format":"standard","meta":{"footnotes":""},"categories":[89],"tags":[226,223],"class_list":["post-1837928","post","type-post","status-publish","format-standard","hentry","category-romania","tag-crawlmanager","tag-dobrogeanews-ro"],"_links":{"self":[{"href":"https:\/\/analyse.optim.biz\/index.php?rest_route=\/wp\/v2\/posts\/1837928","targetHints":{"allow":["GET"]}}],"collection":[{"href":"https:\/\/analyse.optim.biz\/index.php?rest_route=\/wp\/v2\/posts"}],"about":[{"href":"https:\/\/analyse.optim.biz\/index.php?rest_route=\/wp\/v2\/types\/post"}],"author":[{"embeddable":true,"href":"https:\/\/analyse.optim.biz\/index.php?rest_route=\/wp\/v2\/users\/1"}],"replies":[{"embeddable":true,"href":"https:\/\/analyse.optim.biz\/index.php?rest_route=%2Fwp%2Fv2%2Fcomments&post=1837928"}],"version-history":[{"count":0,"href":"https:\/\/analyse.optim.biz\/index.php?rest_route=\/wp\/v2\/posts\/1837928\/revisions"}],"wp:attachment":[{"href":"https:\/\/analyse.optim.biz\/index.php?rest_route=%2Fwp%2Fv2%2Fmedia&parent=1837928"}],"wp:term":[{"taxonomy":"category","embeddable":true,"href":"https:\/\/analyse.optim.biz\/index.php?rest_route=%2Fwp%2Fv2%2Fcategories&post=1837928"},{"taxonomy":"post_tag","embeddable":true,"href":"https:\/\/analyse.optim.biz\/index.php?rest_route=%2Fwp%2Fv2%2Ftags&post=1837928"}],"curies":[{"name":"wp","href":"https:\/\/api.w.org\/{rel}","templated":true}]}}