{"id":1837822,"date":"2026-03-20T20:37:35","date_gmt":"2026-03-20T17:37:35","guid":{"rendered":"https:\/\/analyse.optim.biz\/?p=1837822"},"modified":"2026-03-20T20:37:35","modified_gmt":"2026-03-20T17:37:35","slug":"o-singura-linie-de-garda-la-ati","status":"publish","type":"post","link":"https:\/\/analyse.optim.biz\/?p=1837822","title":{"rendered":"O singur\u0103 linie de gard\u0103 la ATI"},"content":{"rendered":"<p>[analyse_image type=&#8221;featured&#8221; src=&#8221;https:\/\/www.tvbuzau.ro\/wp-content\/uploads\/2026\/03\/hqdefault-33.jpghttps:\/\/www.tvbuzau.ro\/wp-content\/uploads\/2026\/03\/hqdefault-33.jpg&#8221;]<\/p>\n<div class=\"td-ss-main-content\">\n<article id=\"post-118446\" class=\"post-118446 post type-post status-publish format-video has-post-thumbnail hentry category-actualitate post_format-post-format-video\">\n<div class=\"td-post-header\">\n<ul class=\"td-category\">\n<li class=\"entry-category\"><a href=\"https:\/\/www.tvbuzau.ro\/category\/actualitate\/\">Actualitate<\/a><\/li>\n<\/ul>\n<header class=\"td-post-title\">\n<h1 class=\"entry-title\">O singur\u0103 linie de gard\u0103 la ATI<\/h1>\n<div class=\"td-module-meta-info\">\n<div class=\"td-post-author-name\">De c\u0103tre <a href=\"https:\/\/www.tvbuzau.ro\/author\/mihai-vasilescu\/\">TV Buz\u0103u<\/a> &#8211; <\/div>\n<p><span class=\"td-post-date\"><time class=\"entry-date updated td-module-date\" datetime=\"2026-03-20T20:37:35+00:00\">martie 20, 2026<\/time><\/span><\/p>\n<div class=\"td-post-comments\"><a href=\"https:\/\/www.tvbuzau.ro\/o-singura-linie-de-garda-la-ati\/#respond\">0<\/a><\/div>\n<div class=\"td-post-views\"><span class=\"td-nr-views-118446\">14<\/span><\/div>\n<\/div>\n<\/header>\n<\/div>\n<div class=\"td-post-sharing td-post-sharing-top td-with-like\">\n<div class=\"td-default-sharing\"><a class=\"td-social-sharing-buttons td-social-facebook\" href=\"http:\/\/www.facebook.com\/sharer.php?u=https%3A%2F%2Fwww.tvbuzau.ro%2Fo-singura-linie-de-garda-la-ati%2F\"><\/p>\n<div class=\"td-social-but-text\">Distribui\u021bi pe Facebook<\/div>\n<p><\/a><a class=\"td-social-sharing-buttons td-social-twitter\" href=\"https:\/\/twitter.com\/intent\/tweet?text=O+singur%C4%83+linie+de+gard%C4%83+la+ATI&amp;url=https%3A%2F%2Fwww.tvbuzau.ro%2Fo-singura-linie-de-garda-la-ati%2F&amp;via=TV+Buz%C4%83u\"><\/p>\n<div class=\"td-social-but-text\">Distribui\u021bi pe Twitter<\/div>\n<p><\/a><\/div>\n<div class=\"td-classic-sharing\">\n<ul>\n<li class=\"td-classic-facebook\"><iframe frameborder src=\"https:\/\/www.facebook.com\/plugins\/like.php?href=https:\/\/www.tvbuzau.ro\/o-singura-linie-de-garda-la-ati\/&amp;layout=button_count&amp;show_faces=false&amp;width=105&amp;action=like&amp;colorscheme=light&amp;height=21\"><\/iframe><\/li>\n<li class=\"td-classic-twitter\"><a href=\"https:\/\/twitter.com\/share\" class=\"twitter-share-button\" data-url=\"https:\/\/www.tvbuzau.ro\/o-singura-linie-de-garda-la-ati\/\" data-text=\"O singur\u0103 linie de gard\u0103 la ATI\" data-via data-lang=\"en\">tweet<\/a><\/li>\n<\/ul>\n<\/div>\n<\/div>\n<div class=\"td-post-content\">\n<div class=\"td-featured-image-rec\">\n<div class=\"wpb_video_wrapper\">\n                    <iframe loading=\"lazy\" id=\"td_youtube_player\" width=\"600\" height=\"560\" src=\"https:\/\/www.youtube.com\/embed\/VzYQZI1iGtk?enablejsapi=1&amp;feature=oembed&amp;wmode=opaque&amp;vq=hd720\" frameborder allowfullscreen><\/iframe><\/p><\/div>\n<\/div>\n<p>Se pot apela sau nu numerele de telefoane la Spitalul Jude\u0163ean?<br \/>\nConsiliul Jude\u0163ean Buz\u0103u a aprobat majorarea num\u0103rului liniilor de gard\u0103 la Sec\u021bia de Anestezie \u0219i Terapie Intensiv\u0103  \u015fi \u00eenfiin\u021barea unei linii de gard\u0103 la Sec\u021bia Gastroenterologie. Demersul este dat de nevoia asigur\u0103rii continuit\u0103\u021bii asisten\u021bei medicale, prin \u00eenfiin\u021barea a unei noi linii de gard\u0103 la Sec\u021bia Anestezie \u0219i Terapie Intensiv\u0103 precum \u0219i la Sec\u021bia Gastroenterologie.<br \/>\nPotrivit administra\u0163iei jude\u0163ene, la Sec\u021bia Anestezie \u0219i Terapie Intensiv\u0103 exist\u0103 doar o linie de gard\u0103, motiv pentru care este nevoie de suplimentarea unor posturi.<br \/>\n\u00cen cadrul \u015fedin\u0163ei Consiliului Local a fost adus\u0103 \u00een prim plan o alt\u0103 situa\u0163ie legat\u0103 de Spitalul Jude\u0163ean, un de ordin tehnic referitorea la func\u0163ionarea unor numere de telefoane.<br \/>\nConducerea Consiliului Jude\u0163ean a r\u0103spuns c\u0103 \u015fi-a \u00eensu\u015fit sesizarea \u015fi va anun\u0163a unitate spitaliceasc\u0103 pentru a remedia situa\u0163ia.<\/p>\n<div class=\"post-views post-118446 entry-meta\"><span class=\"post-views-label\">Post Views: <\/span><span class=\"post-views-count\">80<\/span><\/div>\n<\/div>\n<footer>\n<div class=\"td-post-sharing td-post-sharing-bottom td-with-like\"><span class=\"td-post-share-title\">DISTRIBUI\u021aI<\/span><\/p>\n<div class=\"td-default-sharing\"><a class=\"td-social-sharing-buttons td-social-facebook\" href=\"http:\/\/www.facebook.com\/sharer.php?u=https%3A%2F%2Fwww.tvbuzau.ro%2Fo-singura-linie-de-garda-la-ati%2F\"><\/p>\n<div class=\"td-social-but-text\">Facebook<\/div>\n<p><\/a><a class=\"td-social-sharing-buttons td-social-twitter\" href=\"https:\/\/twitter.com\/intent\/tweet?text=O+singur%C4%83+linie+de+gard%C4%83+la+ATI&amp;url=https%3A%2F%2Fwww.tvbuzau.ro%2Fo-singura-linie-de-garda-la-ati%2F&amp;via=TV+Buz%C4%83u\"><\/p>\n<div class=\"td-social-but-text\">Twitter<\/div>\n<p><\/a><\/div>\n<div class=\"td-classic-sharing\">\n<ul>\n<li class=\"td-classic-facebook\"><iframe frameborder src=\"https:\/\/www.facebook.com\/plugins\/like.php?href=https:\/\/www.tvbuzau.ro\/o-singura-linie-de-garda-la-ati\/&amp;layout=button_count&amp;show_faces=false&amp;width=105&amp;action=like&amp;colorscheme=light&amp;height=21\"><\/iframe><\/li>\n<li class=\"td-classic-twitter\"><a href=\"https:\/\/twitter.com\/share\" class=\"twitter-share-button\" data-url=\"https:\/\/www.tvbuzau.ro\/o-singura-linie-de-garda-la-ati\/\" data-text=\"O singur\u0103 linie de gard\u0103 la ATI\" data-via data-lang=\"en\">tweet<\/a><\/li>\n<\/ul>\n<\/div>\n<\/div>\n<div class=\"td-author-name vcard author\"><span class=\"fn\"><a href=\"https:\/\/www.tvbuzau.ro\/author\/mihai-vasilescu\/\">TV Buz\u0103u<\/a><\/span><\/div>\n<p><span><\/span><span><span><\/span><\/span><span><\/span><\/footer>\n<\/article>\n<div class=\"td_block_wrap td_block_related_posts td_uid_1_69bdc41ee9bc3_rand td_with_ajax_pagination td-pb-border-top\" data-td-block-uid=\"td_uid_1_69bdc41ee9bc3\">\n<h4 class=\"td-related-title\"><a id=\"td_uid_2_69bdc41eeef05\" class=\"td-related-left td-cur-simple-item\" data-td_filter_value data-td_block_id=\"td_uid_1_69bdc41ee9bc3\" href=\"https:\/\/www.tvbuzau.ro\/o-singura-linie-de-garda-la-ati\/\">ARTICOLE SIMILARE<\/a><a id=\"td_uid_3_69bdc41eeef3f\" class=\"td-related-right\" data-td_filter_value=\"td_related_more_from_author\" data-td_block_id=\"td_uid_1_69bdc41ee9bc3\" href=\"https:\/\/www.tvbuzau.ro\/o-singura-linie-de-garda-la-ati\/\">DE LA ACELA\u0218I AUTOR<\/a><\/h4>\n<div id=\"td_uid_1_69bdc41ee9bc3\" class=\"td_block_inner\">\n<div class=\"td-related-row\">\n<div class=\"td-related-span4\">\n<div class=\"td_module_related_posts td-animation-stack td_mod_related_posts\">\n<div class=\"td-module-image\">\n<div class=\"td-module-thumb\"><a href=\"https:\/\/www.tvbuzau.ro\/primarul-municipiului-buzau-s-a-urcat-de-pe-un-bloc\/\" rel=\"bookmark\" title=\"Primarul municipiului Buz\u0103u s-a urcat de pe un bloc\"><img loading=\"lazy\" decoding=\"async\" width=\"218\" height=\"150\" class=\"entry-thumb\" src=\"https:\/\/www.tvbuzau.ro\/wp-content\/uploads\/2026\/03\/sddefault-43-218x150.jpg\" alt title=\"Primarul municipiului Buz\u0103u s-a urcat de pe un bloc\"><span class=\"td-video-play-ico\"><img loading=\"lazy\" decoding=\"async\" width=\"40\" height=\"40\" class=\"td-retina\" src=\"https:\/\/www.tvbuzau.ro\/wp-content\/themes\/Newspaper\/images\/icons\/ico-video-large.png\" alt=\"video\"><\/span><\/a><\/div>\n<p><a href=\"https:\/\/www.tvbuzau.ro\/category\/actualitate\/\" class=\"td-post-category\">Actualitate<\/a><\/div>\n<div class=\"item-details\">\n<h3 class=\"entry-title td-module-title\"><a href=\"https:\/\/www.tvbuzau.ro\/primarul-municipiului-buzau-s-a-urcat-de-pe-un-bloc\/\" rel=\"bookmark\" title=\"Primarul municipiului Buz\u0103u s-a urcat de pe un bloc\">Primarul municipiului Buz\u0103u s-a urcat de pe un bloc<\/a><\/h3>\n<\/div>\n<\/div>\n<\/div>\n<div class=\"td-related-span4\">\n<div class=\"td_module_related_posts td-animation-stack td_mod_related_posts\">\n<div class=\"td-module-image\">\n<div class=\"td-module-thumb\"><a href=\"https:\/\/www.tvbuzau.ro\/2-milioane-de-euro-reabilitarea-strazii-frasinet\/\" rel=\"bookmark\" title=\"2 milioane de euro, reabilitarea str\u0103zii Fr\u0103sinet\"><img loading=\"lazy\" decoding=\"async\" width=\"218\" height=\"150\" class=\"entry-thumb\" src=\"https:\/\/www.tvbuzau.ro\/wp-content\/uploads\/2026\/03\/hqdefault-35-218x150.jpg\" alt title=\"2 milioane de euro, reabilitarea str\u0103zii Fr\u0103sinet\"><span class=\"td-video-play-ico\"><img loading=\"lazy\" decoding=\"async\" width=\"40\" height=\"40\" class=\"td-retina\" src=\"https:\/\/www.tvbuzau.ro\/wp-content\/themes\/Newspaper\/images\/icons\/ico-video-large.png\" alt=\"video\"><\/span><\/a><\/div>\n<p><a href=\"https:\/\/www.tvbuzau.ro\/category\/actualitate\/\" class=\"td-post-category\">Actualitate<\/a><\/div>\n<div class=\"item-details\">\n<h3 class=\"entry-title td-module-title\"><a href=\"https:\/\/www.tvbuzau.ro\/2-milioane-de-euro-reabilitarea-strazii-frasinet\/\" rel=\"bookmark\" title=\"2 milioane de euro, reabilitarea str\u0103zii Fr\u0103sinet\">2 milioane de euro, reabilitarea str\u0103zii Fr\u0103sinet<\/a><\/h3>\n<\/div>\n<\/div>\n<\/div>\n<div class=\"td-related-span4\">\n<div class=\"td_module_related_posts td-animation-stack td_mod_related_posts\">\n<div class=\"td-module-image\">\n<div class=\"td-module-thumb\"><a href=\"https:\/\/www.tvbuzau.ro\/angajati-fara-forme-legale-descoperti-de-itm\/\" rel=\"bookmark\" title=\"Angaja\u0163i f\u0103r\u0103 forme legale descoper\u0163i de ITM\"><img loading=\"lazy\" decoding=\"async\" width=\"218\" height=\"150\" class=\"entry-thumb\" src=\"https:\/\/www.tvbuzau.ro\/wp-content\/uploads\/2026\/03\/hqdefault-34-218x150.jpg\" alt title=\"Angaja\u0163i f\u0103r\u0103 forme legale descoper\u0163i de ITM\"><span class=\"td-video-play-ico\"><img loading=\"lazy\" decoding=\"async\" width=\"40\" height=\"40\" class=\"td-retina\" src=\"https:\/\/www.tvbuzau.ro\/wp-content\/themes\/Newspaper\/images\/icons\/ico-video-large.png\" alt=\"video\"><\/span><\/a><\/div>\n<p><a href=\"https:\/\/www.tvbuzau.ro\/category\/actualitate\/\" class=\"td-post-category\">Actualitate<\/a><\/div>\n<div class=\"item-details\">\n<h3 class=\"entry-title td-module-title\"><a href=\"https:\/\/www.tvbuzau.ro\/angajati-fara-forme-legale-descoperti-de-itm\/\" rel=\"bookmark\" title=\"Angaja\u0163i f\u0103r\u0103 forme legale descoper\u0163i de ITM\">Angaja\u0163i f\u0103r\u0103 forme legale descoper\u0163i de ITM<\/a><\/h3>\n<\/div>\n<\/div>\n<\/div>\n<\/div>\n<div class=\"td-related-row\">\n<div class=\"td-related-span4\">\n<div class=\"td_module_related_posts td-animation-stack td_mod_related_posts\">\n<div class=\"td-module-image\">\n<div class=\"td-module-thumb\"><a href=\"https:\/\/www.tvbuzau.ro\/peste-800-de-elevi-din-patarlagele-vizitati-de-politisti\/\" rel=\"bookmark\" title=\"Peste 800 de elevi din P\u0103t\u00e2rlagele vizita\u0163i de poli\u0163i\u015fti\"><img loading=\"lazy\" decoding=\"async\" width=\"218\" height=\"150\" class=\"entry-thumb\" src=\"https:\/\/www.tvbuzau.ro\/wp-content\/uploads\/2026\/03\/sddefault-42-218x150.jpg\" alt title=\"Peste 800 de elevi din P\u0103t\u00e2rlagele vizita\u0163i de poli\u0163i\u015fti\"><span class=\"td-video-play-ico\"><img loading=\"lazy\" decoding=\"async\" width=\"40\" height=\"40\" class=\"td-retina\" src=\"https:\/\/www.tvbuzau.ro\/wp-content\/themes\/Newspaper\/images\/icons\/ico-video-large.png\" alt=\"video\"><\/span><\/a><\/div>\n<p><a href=\"https:\/\/www.tvbuzau.ro\/category\/actualitate\/\" class=\"td-post-category\">Actualitate<\/a><\/div>\n<div class=\"item-details\">\n<h3 class=\"entry-title td-module-title\"><a href=\"https:\/\/www.tvbuzau.ro\/peste-800-de-elevi-din-patarlagele-vizitati-de-politisti\/\" rel=\"bookmark\" title=\"Peste 800 de elevi din P\u0103t\u00e2rlagele vizita\u0163i de poli\u0163i\u015fti\">Peste 800 de elevi din P\u0103t\u00e2rlagele vizita\u0163i de poli\u0163i\u015fti<\/a><\/h3>\n<\/div>\n<\/div>\n<\/div>\n<div class=\"td-related-span4\">\n<div class=\"td_module_related_posts td-animation-stack td_mod_related_posts\">\n<div class=\"td-module-image\">\n<div class=\"td-module-thumb\"><a href=\"https:\/\/www.tvbuzau.ro\/buzaul-primeste-detectoare-de-fum-si-monoxid-de-carbon\/\" rel=\"bookmark\" title=\"Buz\u0103ul prime\u015fte detectoare de fum \u0219i monoxid de carbon\"><img loading=\"lazy\" decoding=\"async\" width=\"218\" height=\"150\" class=\"entry-thumb\" src=\"https:\/\/www.tvbuzau.ro\/wp-content\/uploads\/2026\/03\/hqdefault-32-218x150.jpg\" alt title=\"Buz\u0103ul prime\u015fte detectoare de fum \u0219i monoxid de carbon\"><span class=\"td-video-play-ico\"><img loading=\"lazy\" decoding=\"async\" width=\"40\" height=\"40\" class=\"td-retina\" src=\"https:\/\/www.tvbuzau.ro\/wp-content\/themes\/Newspaper\/images\/icons\/ico-video-large.png\" alt=\"video\"><\/span><\/a><\/div>\n<p><a href=\"https:\/\/www.tvbuzau.ro\/category\/actualitate\/\" class=\"td-post-category\">Actualitate<\/a><\/div>\n<div class=\"item-details\">\n<h3 class=\"entry-title td-module-title\"><a href=\"https:\/\/www.tvbuzau.ro\/buzaul-primeste-detectoare-de-fum-si-monoxid-de-carbon\/\" rel=\"bookmark\" title=\"Buz\u0103ul prime\u015fte detectoare de fum \u0219i monoxid de carbon\">Buz\u0103ul prime\u015fte detectoare de fum \u0219i monoxid de carbon<\/a><\/h3>\n<\/div>\n<\/div>\n<\/div>\n<div class=\"td-related-span4\">\n<div class=\"td_module_related_posts td-animation-stack td_mod_related_posts\">\n<div class=\"td-module-image\">\n<div class=\"td-module-thumb\"><a href=\"https:\/\/www.tvbuzau.ro\/peste-500-tone-de-praf-si-nisip-pe-strazile-din-buzau\/\" rel=\"bookmark\" title=\"Peste 500 tone de praf \u015fi nisip pe str\u0103zile din Buz\u0103u\"><img loading=\"lazy\" decoding=\"async\" width=\"218\" height=\"150\" class=\"entry-thumb\" src=\"https:\/\/www.tvbuzau.ro\/wp-content\/uploads\/2026\/03\/maxresdefault-5-218x150.jpg\" alt title=\"Peste 500 tone de praf \u015fi nisip pe str\u0103zile din Buz\u0103u\"><span class=\"td-video-play-ico\"><img loading=\"lazy\" decoding=\"async\" width=\"40\" height=\"40\" class=\"td-retina\" src=\"https:\/\/www.tvbuzau.ro\/wp-content\/themes\/Newspaper\/images\/icons\/ico-video-large.png\" alt=\"video\"><\/span><\/a><\/div>\n<p><a href=\"https:\/\/www.tvbuzau.ro\/category\/actualitate\/\" class=\"td-post-category\">Actualitate<\/a><\/div>\n<div class=\"item-details\">\n<h3 class=\"entry-title td-module-title\"><a href=\"https:\/\/www.tvbuzau.ro\/peste-500-tone-de-praf-si-nisip-pe-strazile-din-buzau\/\" rel=\"bookmark\" title=\"Peste 500 tone de praf \u015fi nisip pe str\u0103zile din Buz\u0103u\">Peste 500 tone de praf \u015fi nisip pe str\u0103zile din Buz\u0103u<\/a><\/h3>\n<\/div>\n<\/div>\n<\/div>\n<\/div>\n<\/div>\n<\/div>\n<div class=\"comments\" id=\"comments\">\n<div id=\"respond\" class=\"comment-respond\">\n<h3 id=\"reply-title\" class=\"comment-reply-title\">L\u0102SA\u021aI UN MESAJ <small><a rel=\"nofollow\" id=\"cancel-comment-reply-link\" href=\"https:\/\/www.tvbuzau.ro\/o-singura-linie-de-garda-la-ati\/#respond\">Renun\u021ba\u021bi la r\u0103spuns<\/a><\/small><\/h3>\n<\/div>\n<\/div>\n<\/div>\n<div class=\"td-post-content\">\n<div class=\"td-featured-image-rec\">\n<div class=\"wpb_video_wrapper\">\n                    <iframe loading=\"lazy\" id=\"td_youtube_player\" width=\"600\" height=\"560\" src=\"https:\/\/www.youtube.com\/embed\/VzYQZI1iGtk?enablejsapi=1&amp;feature=oembed&amp;wmode=opaque&amp;vq=hd720\" frameborder allowfullscreen><\/iframe><\/p><\/div>\n<\/div>\n<p>Se pot apela sau nu numerele de telefoane la Spitalul Jude\u0163ean?<br \/>\nConsiliul Jude\u0163ean Buz\u0103u a aprobat majorarea num\u0103rului liniilor de gard\u0103 la Sec\u021bia de Anestezie \u0219i Terapie Intensiv\u0103  \u015fi \u00eenfiin\u021barea unei linii de gard\u0103 la Sec\u021bia Gastroenterologie. Demersul este dat de nevoia asigur\u0103rii continuit\u0103\u021bii asisten\u021bei medicale, prin \u00eenfiin\u021barea a unei noi linii de gard\u0103 la Sec\u021bia Anestezie \u0219i Terapie Intensiv\u0103 precum \u0219i la Sec\u021bia Gastroenterologie.<br \/>\nPotrivit administra\u0163iei jude\u0163ene, la Sec\u021bia Anestezie \u0219i Terapie Intensiv\u0103 exist\u0103 doar o linie de gard\u0103, motiv pentru care este nevoie de suplimentarea unor posturi.<br \/>\n\u00cen cadrul \u015fedin\u0163ei Consiliului Local a fost adus\u0103 \u00een prim plan o alt\u0103 situa\u0163ie legat\u0103 de Spitalul Jude\u0163ean, un de ordin tehnic referitorea la func\u0163ionarea unor numere de telefoane.<br \/>\nConducerea Consiliului Jude\u0163ean a r\u0103spuns c\u0103 \u015fi-a \u00eensu\u015fit sesizarea \u015fi va anun\u0163a unitate spitaliceasc\u0103 pentru a remedia situa\u0163ia.<\/p>\n<div class=\"post-views post-118446 entry-meta\"><span class=\"post-views-label\">Post Views: <\/span><span class=\"post-views-count\">80<\/span><\/div>\n<\/div>\n<p>[analyse_source url=&#8221;https:\/\/www.tvbuzau.ro\/o-singura-linie-de-garda-la-ati\/&#8221;]<\/p>\n","protected":false},"excerpt":{"rendered":"<p>[analyse_image type=&#8221;featured&#8221; src=&#8221;https:\/\/www.tvbuzau.ro\/wp-content\/uploads\/2026\/03\/hqdefault-33.jpghttps:\/\/www.tvbuzau.ro\/wp-content\/uploads\/2026\/03\/hqdefault-33.jpg&#8221;] Actualitate O singur\u0103 linie de gard\u0103 la ATI De c\u0103tre TV Buz\u0103u &#8211; martie 20, 2026 0 14 Distribui\u021bi pe Facebook Distribui\u021bi pe Twitter tweet Se pot apela sau nu numerele de telefoane la Spitalul Jude\u0163ean? Consiliul Jude\u0163ean Buz\u0103u a aprobat majorarea num\u0103rului liniilor de gard\u0103 la Sec\u021bia de Anestezie \u0219i Terapie [&hellip;]<\/p>\n","protected":false},"author":1,"featured_media":0,"comment_status":"open","ping_status":"","sticky":false,"template":"","format":"standard","meta":{"footnotes":""},"categories":[2],"tags":[226,116],"class_list":["post-1837822","post","type-post","status-publish","format-standard","hentry","category-politics","tag-crawlmanager","tag-tvbuzau-ro"],"_links":{"self":[{"href":"https:\/\/analyse.optim.biz\/index.php?rest_route=\/wp\/v2\/posts\/1837822","targetHints":{"allow":["GET"]}}],"collection":[{"href":"https:\/\/analyse.optim.biz\/index.php?rest_route=\/wp\/v2\/posts"}],"about":[{"href":"https:\/\/analyse.optim.biz\/index.php?rest_route=\/wp\/v2\/types\/post"}],"author":[{"embeddable":true,"href":"https:\/\/analyse.optim.biz\/index.php?rest_route=\/wp\/v2\/users\/1"}],"replies":[{"embeddable":true,"href":"https:\/\/analyse.optim.biz\/index.php?rest_route=%2Fwp%2Fv2%2Fcomments&post=1837822"}],"version-history":[{"count":0,"href":"https:\/\/analyse.optim.biz\/index.php?rest_route=\/wp\/v2\/posts\/1837822\/revisions"}],"wp:attachment":[{"href":"https:\/\/analyse.optim.biz\/index.php?rest_route=%2Fwp%2Fv2%2Fmedia&parent=1837822"}],"wp:term":[{"taxonomy":"category","embeddable":true,"href":"https:\/\/analyse.optim.biz\/index.php?rest_route=%2Fwp%2Fv2%2Fcategories&post=1837822"},{"taxonomy":"post_tag","embeddable":true,"href":"https:\/\/analyse.optim.biz\/index.php?rest_route=%2Fwp%2Fv2%2Ftags&post=1837822"}],"curies":[{"name":"wp","href":"https:\/\/api.w.org\/{rel}","templated":true}]}}