{"id":1837821,"date":"2026-03-19T20:44:58","date_gmt":"2026-03-19T17:44:58","guid":{"rendered":"https:\/\/analyse.optim.biz\/?p=1837821"},"modified":"2026-03-19T20:44:58","modified_gmt":"2026-03-19T17:44:58","slug":"buzaul-primeste-detectoare-de-fum-si-monoxid-de-carbon","status":"publish","type":"post","link":"https:\/\/analyse.optim.biz\/?p=1837821","title":{"rendered":"Buz\u0103ul prime\u015fte detectoare de fum \u0219i monoxid de carbon"},"content":{"rendered":"<p>[analyse_image type=&#8221;featured&#8221; src=&#8221;https:\/\/www.tvbuzau.ro\/wp-content\/uploads\/2026\/03\/hqdefault-32.jpghttps:\/\/www.tvbuzau.ro\/wp-content\/uploads\/2026\/03\/hqdefault-32.jpg&#8221;]<\/p>\n<div class=\"td-ss-main-content\">\n<article id=\"post-118443\" class=\"post-118443 post type-post status-publish format-video has-post-thumbnail hentry category-actualitate post_format-post-format-video\">\n<div class=\"td-post-header\">\n<ul class=\"td-category\">\n<li class=\"entry-category\"><a href=\"https:\/\/www.tvbuzau.ro\/category\/actualitate\/\">Actualitate<\/a><\/li>\n<\/ul>\n<header class=\"td-post-title\">\n<h1 class=\"entry-title\">Buz\u0103ul prime\u015fte detectoare de fum \u0219i monoxid de carbon<\/h1>\n<div class=\"td-module-meta-info\">\n<div class=\"td-post-author-name\">De c\u0103tre <a href=\"https:\/\/www.tvbuzau.ro\/author\/mihai-vasilescu\/\">TV Buz\u0103u<\/a> &#8211; <\/div>\n<p><span class=\"td-post-date\"><time class=\"entry-date updated td-module-date\" datetime=\"2026-03-19T20:44:58+00:00\">martie 19, 2026<\/time><\/span><\/p>\n<div class=\"td-post-comments\"><a href=\"https:\/\/www.tvbuzau.ro\/buzaul-primeste-detectoare-de-fum-si-monoxid-de-carbon\/#respond\">0<\/a><\/div>\n<div class=\"td-post-views\"><span class=\"td-nr-views-118443\">20<\/span><\/div>\n<\/div>\n<\/header>\n<\/div>\n<div class=\"td-post-sharing td-post-sharing-top td-with-like\">\n<div class=\"td-default-sharing\"><a class=\"td-social-sharing-buttons td-social-facebook\" href=\"http:\/\/www.facebook.com\/sharer.php?u=https%3A%2F%2Fwww.tvbuzau.ro%2Fbuzaul-primeste-detectoare-de-fum-si-monoxid-de-carbon%2F\"><\/p>\n<div class=\"td-social-but-text\">Distribui\u021bi pe Facebook<\/div>\n<p><\/a><a class=\"td-social-sharing-buttons td-social-twitter\" href=\"https:\/\/twitter.com\/intent\/tweet?text=Buz%C4%83ul+prime%C5%9Fte+detectoare+de+fum+%C8%99i+monoxid+de+carbon&amp;url=https%3A%2F%2Fwww.tvbuzau.ro%2Fbuzaul-primeste-detectoare-de-fum-si-monoxid-de-carbon%2F&amp;via=TV+Buz%C4%83u\"><\/p>\n<div class=\"td-social-but-text\">Distribui\u021bi pe Twitter<\/div>\n<p><\/a><\/div>\n<div class=\"td-classic-sharing\">\n<ul>\n<li class=\"td-classic-facebook\"><iframe frameborder src=\"https:\/\/www.facebook.com\/plugins\/like.php?href=https:\/\/www.tvbuzau.ro\/buzaul-primeste-detectoare-de-fum-si-monoxid-de-carbon\/&amp;layout=button_count&amp;show_faces=false&amp;width=105&amp;action=like&amp;colorscheme=light&amp;height=21\"><\/iframe><\/li>\n<li class=\"td-classic-twitter\"><a href=\"https:\/\/twitter.com\/share\" class=\"twitter-share-button\" data-url=\"https:\/\/www.tvbuzau.ro\/buzaul-primeste-detectoare-de-fum-si-monoxid-de-carbon\/\" data-text=\"Buz\u0103ul prime\u015fte detectoare de fum \u0219i monoxid de carbon\" data-via data-lang=\"en\">tweet<\/a><\/li>\n<\/ul>\n<\/div>\n<\/div>\n<div class=\"td-post-content\">\n<div class=\"td-featured-image-rec\">\n<div class=\"wpb_video_wrapper\">\n                    <iframe loading=\"lazy\" id=\"td_youtube_player\" width=\"600\" height=\"560\" src=\"https:\/\/www.youtube.com\/embed\/uOjSJnPIf48?enablejsapi=1&amp;feature=oembed&amp;wmode=opaque&amp;vq=hd720\" frameborder allowfullscreen><\/iframe><\/p><\/div>\n<\/div>\n<p>ISU a demarat campania \u201eDetector pentru via\u021b\u0103\u201d<br \/>\nInspectoratul pentru Situa\u0163ii de Urgen\u0163\u0103 Buz\u0103u anun\u0163\u0103 c\u0103 a fost lansat\u0103 cea de-a treia edi\u021bie a Campaniei \u201eDetector pentru via\u021b\u0103\u201d, un demers ce urm\u0103re\u0219te cre\u0219terea nivelului de siguran\u021b\u0103 \u00een locuin\u021be \u0219i prevenirea incendiilor.<br \/>\n\u00cen cadrul acestei edi\u021bii, alte 10.000 de detectoare de fum \u0219i monoxid de carbon vor fi donate \u0219i montate gratuit \u00een 20 de jude\u021be din \u021bar\u0103, cu sprijinul pompierilor, contribuind astfel la protejarea comunit\u0103\u021bilor vulnerabile.<br \/>\nDetectoarele vor fi instalate cu sprijinul reprezentan\u021bilor teritoriali I.S.U. \u0219i al speciali\u0219tilor E.ON \u0219i Delgaz Grid la familii din urm\u0103toarele jude\u021be: Arge\u0219, Bac\u0103u, Bihor, Boto\u0219ani, Buz\u0103u, Cluj, Constan\u021ba, D\u00e2mbovi\u021ba, Dolj, Gala\u021bi, Giurgiu, Ia\u0219i, Mure\u0219, Neam\u021b, Olt, Prahova, Suceava, Teleorman, V\u00e2lcea \u0219i Vrancea.<br \/>\nDoar \u00een 2025, peste 6.900 de incendii au afectat locuin\u021be din Rom\u00e2nia, iar instalarea detectoarelor de fum \u0219i monoxid de carbon ofer\u0103 un semnal de avertizare timpuriu, esen\u021bial pentru limitarea pagubelor \u0219i protejarea vie\u021bilor, arat\u0103 autorit\u0103\u0163ile.<br \/>\nCampania este derulat\u0103, la nivel na\u021bional, de Departamentul pentru Situa\u021bii de Urgen\u021b\u0103 \u0219i Inspectoratul General pentru Situa\u021bii de Urgen\u021b\u0103, \u00eempreun\u0103 cu E.ON \u0219i Delgaz Grid, \u00een cadrul parteneriatului \u201e\u00cempreun\u0103 pentru siguran\u021b\u0103\u201d.<\/p>\n<div class=\"post-views post-118443 entry-meta\"><span class=\"post-views-label\">Post Views: <\/span><span class=\"post-views-count\">167<\/span><\/div>\n<\/div>\n<footer>\n<div class=\"td-post-sharing td-post-sharing-bottom td-with-like\"><span class=\"td-post-share-title\">DISTRIBUI\u021aI<\/span><\/p>\n<div class=\"td-default-sharing\"><a class=\"td-social-sharing-buttons td-social-facebook\" href=\"http:\/\/www.facebook.com\/sharer.php?u=https%3A%2F%2Fwww.tvbuzau.ro%2Fbuzaul-primeste-detectoare-de-fum-si-monoxid-de-carbon%2F\"><\/p>\n<div class=\"td-social-but-text\">Facebook<\/div>\n<p><\/a><a class=\"td-social-sharing-buttons td-social-twitter\" href=\"https:\/\/twitter.com\/intent\/tweet?text=Buz%C4%83ul+prime%C5%9Fte+detectoare+de+fum+%C8%99i+monoxid+de+carbon&amp;url=https%3A%2F%2Fwww.tvbuzau.ro%2Fbuzaul-primeste-detectoare-de-fum-si-monoxid-de-carbon%2F&amp;via=TV+Buz%C4%83u\"><\/p>\n<div class=\"td-social-but-text\">Twitter<\/div>\n<p><\/a><\/div>\n<div class=\"td-classic-sharing\">\n<ul>\n<li class=\"td-classic-facebook\"><iframe frameborder src=\"https:\/\/www.facebook.com\/plugins\/like.php?href=https:\/\/www.tvbuzau.ro\/buzaul-primeste-detectoare-de-fum-si-monoxid-de-carbon\/&amp;layout=button_count&amp;show_faces=false&amp;width=105&amp;action=like&amp;colorscheme=light&amp;height=21\"><\/iframe><\/li>\n<li class=\"td-classic-twitter\"><a href=\"https:\/\/twitter.com\/share\" class=\"twitter-share-button\" data-url=\"https:\/\/www.tvbuzau.ro\/buzaul-primeste-detectoare-de-fum-si-monoxid-de-carbon\/\" data-text=\"Buz\u0103ul prime\u015fte detectoare de fum \u0219i monoxid de carbon\" data-via data-lang=\"en\">tweet<\/a><\/li>\n<\/ul>\n<\/div>\n<\/div>\n<div class=\"td-author-name vcard author\"><span class=\"fn\"><a href=\"https:\/\/www.tvbuzau.ro\/author\/mihai-vasilescu\/\">TV Buz\u0103u<\/a><\/span><\/div>\n<p><span><\/span><span><span><\/span><\/span><span><\/span><\/footer>\n<\/article>\n<div class=\"td_block_wrap td_block_related_posts td_uid_1_69bdc3f126582_rand td_with_ajax_pagination td-pb-border-top\" data-td-block-uid=\"td_uid_1_69bdc3f126582\">\n<h4 class=\"td-related-title\"><a id=\"td_uid_2_69bdc3f12bad7\" class=\"td-related-left td-cur-simple-item\" data-td_filter_value data-td_block_id=\"td_uid_1_69bdc3f126582\" href=\"https:\/\/www.tvbuzau.ro\/buzaul-primeste-detectoare-de-fum-si-monoxid-de-carbon\/\">ARTICOLE SIMILARE<\/a><a id=\"td_uid_3_69bdc3f12bb13\" class=\"td-related-right\" data-td_filter_value=\"td_related_more_from_author\" data-td_block_id=\"td_uid_1_69bdc3f126582\" href=\"https:\/\/www.tvbuzau.ro\/buzaul-primeste-detectoare-de-fum-si-monoxid-de-carbon\/\">DE LA ACELA\u0218I AUTOR<\/a><\/h4>\n<div id=\"td_uid_1_69bdc3f126582\" class=\"td_block_inner\">\n<div class=\"td-related-row\">\n<div class=\"td-related-span4\">\n<div class=\"td_module_related_posts td-animation-stack td_mod_related_posts\">\n<div class=\"td-module-image\">\n<div class=\"td-module-thumb\"><a href=\"https:\/\/www.tvbuzau.ro\/primarul-municipiului-buzau-s-a-urcat-de-pe-un-bloc\/\" rel=\"bookmark\" title=\"Primarul municipiului Buz\u0103u s-a urcat de pe un bloc\"><img loading=\"lazy\" decoding=\"async\" width=\"218\" height=\"150\" class=\"entry-thumb\" src=\"https:\/\/www.tvbuzau.ro\/wp-content\/uploads\/2026\/03\/sddefault-43-218x150.jpg\" alt title=\"Primarul municipiului Buz\u0103u s-a urcat de pe un bloc\"><span class=\"td-video-play-ico\"><img loading=\"lazy\" decoding=\"async\" width=\"40\" height=\"40\" class=\"td-retina\" src=\"https:\/\/www.tvbuzau.ro\/wp-content\/themes\/Newspaper\/images\/icons\/ico-video-large.png\" alt=\"video\"><\/span><\/a><\/div>\n<p><a href=\"https:\/\/www.tvbuzau.ro\/category\/actualitate\/\" class=\"td-post-category\">Actualitate<\/a><\/div>\n<div class=\"item-details\">\n<h3 class=\"entry-title td-module-title\"><a href=\"https:\/\/www.tvbuzau.ro\/primarul-municipiului-buzau-s-a-urcat-de-pe-un-bloc\/\" rel=\"bookmark\" title=\"Primarul municipiului Buz\u0103u s-a urcat de pe un bloc\">Primarul municipiului Buz\u0103u s-a urcat de pe un bloc<\/a><\/h3>\n<\/div>\n<\/div>\n<\/div>\n<div class=\"td-related-span4\">\n<div class=\"td_module_related_posts td-animation-stack td_mod_related_posts\">\n<div class=\"td-module-image\">\n<div class=\"td-module-thumb\"><a href=\"https:\/\/www.tvbuzau.ro\/2-milioane-de-euro-reabilitarea-strazii-frasinet\/\" rel=\"bookmark\" title=\"2 milioane de euro, reabilitarea str\u0103zii Fr\u0103sinet\"><img loading=\"lazy\" decoding=\"async\" width=\"218\" height=\"150\" class=\"entry-thumb\" src=\"https:\/\/www.tvbuzau.ro\/wp-content\/uploads\/2026\/03\/hqdefault-35-218x150.jpg\" alt title=\"2 milioane de euro, reabilitarea str\u0103zii Fr\u0103sinet\"><span class=\"td-video-play-ico\"><img loading=\"lazy\" decoding=\"async\" width=\"40\" height=\"40\" class=\"td-retina\" src=\"https:\/\/www.tvbuzau.ro\/wp-content\/themes\/Newspaper\/images\/icons\/ico-video-large.png\" alt=\"video\"><\/span><\/a><\/div>\n<p><a href=\"https:\/\/www.tvbuzau.ro\/category\/actualitate\/\" class=\"td-post-category\">Actualitate<\/a><\/div>\n<div class=\"item-details\">\n<h3 class=\"entry-title td-module-title\"><a href=\"https:\/\/www.tvbuzau.ro\/2-milioane-de-euro-reabilitarea-strazii-frasinet\/\" rel=\"bookmark\" title=\"2 milioane de euro, reabilitarea str\u0103zii Fr\u0103sinet\">2 milioane de euro, reabilitarea str\u0103zii Fr\u0103sinet<\/a><\/h3>\n<\/div>\n<\/div>\n<\/div>\n<div class=\"td-related-span4\">\n<div class=\"td_module_related_posts td-animation-stack td_mod_related_posts\">\n<div class=\"td-module-image\">\n<div class=\"td-module-thumb\"><a href=\"https:\/\/www.tvbuzau.ro\/angajati-fara-forme-legale-descoperti-de-itm\/\" rel=\"bookmark\" title=\"Angaja\u0163i f\u0103r\u0103 forme legale descoper\u0163i de ITM\"><img loading=\"lazy\" decoding=\"async\" width=\"218\" height=\"150\" class=\"entry-thumb\" src=\"https:\/\/www.tvbuzau.ro\/wp-content\/uploads\/2026\/03\/hqdefault-34-218x150.jpg\" alt title=\"Angaja\u0163i f\u0103r\u0103 forme legale descoper\u0163i de ITM\"><span class=\"td-video-play-ico\"><img loading=\"lazy\" decoding=\"async\" width=\"40\" height=\"40\" class=\"td-retina\" src=\"https:\/\/www.tvbuzau.ro\/wp-content\/themes\/Newspaper\/images\/icons\/ico-video-large.png\" alt=\"video\"><\/span><\/a><\/div>\n<p><a href=\"https:\/\/www.tvbuzau.ro\/category\/actualitate\/\" class=\"td-post-category\">Actualitate<\/a><\/div>\n<div class=\"item-details\">\n<h3 class=\"entry-title td-module-title\"><a href=\"https:\/\/www.tvbuzau.ro\/angajati-fara-forme-legale-descoperti-de-itm\/\" rel=\"bookmark\" title=\"Angaja\u0163i f\u0103r\u0103 forme legale descoper\u0163i de ITM\">Angaja\u0163i f\u0103r\u0103 forme legale descoper\u0163i de ITM<\/a><\/h3>\n<\/div>\n<\/div>\n<\/div>\n<\/div>\n<div class=\"td-related-row\">\n<div class=\"td-related-span4\">\n<div class=\"td_module_related_posts td-animation-stack td_mod_related_posts\">\n<div class=\"td-module-image\">\n<div class=\"td-module-thumb\"><a href=\"https:\/\/www.tvbuzau.ro\/peste-800-de-elevi-din-patarlagele-vizitati-de-politisti\/\" rel=\"bookmark\" title=\"Peste 800 de elevi din P\u0103t\u00e2rlagele vizita\u0163i de poli\u0163i\u015fti\"><img loading=\"lazy\" decoding=\"async\" width=\"218\" height=\"150\" class=\"entry-thumb\" src=\"https:\/\/www.tvbuzau.ro\/wp-content\/uploads\/2026\/03\/sddefault-42-218x150.jpg\" alt title=\"Peste 800 de elevi din P\u0103t\u00e2rlagele vizita\u0163i de poli\u0163i\u015fti\"><span class=\"td-video-play-ico\"><img loading=\"lazy\" decoding=\"async\" width=\"40\" height=\"40\" class=\"td-retina\" src=\"https:\/\/www.tvbuzau.ro\/wp-content\/themes\/Newspaper\/images\/icons\/ico-video-large.png\" alt=\"video\"><\/span><\/a><\/div>\n<p><a href=\"https:\/\/www.tvbuzau.ro\/category\/actualitate\/\" class=\"td-post-category\">Actualitate<\/a><\/div>\n<div class=\"item-details\">\n<h3 class=\"entry-title td-module-title\"><a href=\"https:\/\/www.tvbuzau.ro\/peste-800-de-elevi-din-patarlagele-vizitati-de-politisti\/\" rel=\"bookmark\" title=\"Peste 800 de elevi din P\u0103t\u00e2rlagele vizita\u0163i de poli\u0163i\u015fti\">Peste 800 de elevi din P\u0103t\u00e2rlagele vizita\u0163i de poli\u0163i\u015fti<\/a><\/h3>\n<\/div>\n<\/div>\n<\/div>\n<div class=\"td-related-span4\">\n<div class=\"td_module_related_posts td-animation-stack td_mod_related_posts\">\n<div class=\"td-module-image\">\n<div class=\"td-module-thumb\"><a href=\"https:\/\/www.tvbuzau.ro\/o-singura-linie-de-garda-la-ati\/\" rel=\"bookmark\" title=\"O singur\u0103 linie de gard\u0103 la ATI\"><img loading=\"lazy\" decoding=\"async\" width=\"218\" height=\"150\" class=\"entry-thumb\" src=\"https:\/\/www.tvbuzau.ro\/wp-content\/uploads\/2026\/03\/hqdefault-33-218x150.jpg\" alt title=\"O singur\u0103 linie de gard\u0103 la ATI\"><span class=\"td-video-play-ico\"><img loading=\"lazy\" decoding=\"async\" width=\"40\" height=\"40\" class=\"td-retina\" src=\"https:\/\/www.tvbuzau.ro\/wp-content\/themes\/Newspaper\/images\/icons\/ico-video-large.png\" alt=\"video\"><\/span><\/a><\/div>\n<p><a href=\"https:\/\/www.tvbuzau.ro\/category\/actualitate\/\" class=\"td-post-category\">Actualitate<\/a><\/div>\n<div class=\"item-details\">\n<h3 class=\"entry-title td-module-title\"><a href=\"https:\/\/www.tvbuzau.ro\/o-singura-linie-de-garda-la-ati\/\" rel=\"bookmark\" title=\"O singur\u0103 linie de gard\u0103 la ATI\">O singur\u0103 linie de gard\u0103 la ATI<\/a><\/h3>\n<\/div>\n<\/div>\n<\/div>\n<div class=\"td-related-span4\">\n<div class=\"td_module_related_posts td-animation-stack td_mod_related_posts\">\n<div class=\"td-module-image\">\n<div class=\"td-module-thumb\"><a href=\"https:\/\/www.tvbuzau.ro\/peste-500-tone-de-praf-si-nisip-pe-strazile-din-buzau\/\" rel=\"bookmark\" title=\"Peste 500 tone de praf \u015fi nisip pe str\u0103zile din Buz\u0103u\"><img loading=\"lazy\" decoding=\"async\" width=\"218\" height=\"150\" class=\"entry-thumb\" src=\"https:\/\/www.tvbuzau.ro\/wp-content\/uploads\/2026\/03\/maxresdefault-5-218x150.jpg\" alt title=\"Peste 500 tone de praf \u015fi nisip pe str\u0103zile din Buz\u0103u\"><span class=\"td-video-play-ico\"><img loading=\"lazy\" decoding=\"async\" width=\"40\" height=\"40\" class=\"td-retina\" src=\"https:\/\/www.tvbuzau.ro\/wp-content\/themes\/Newspaper\/images\/icons\/ico-video-large.png\" alt=\"video\"><\/span><\/a><\/div>\n<p><a href=\"https:\/\/www.tvbuzau.ro\/category\/actualitate\/\" class=\"td-post-category\">Actualitate<\/a><\/div>\n<div class=\"item-details\">\n<h3 class=\"entry-title td-module-title\"><a href=\"https:\/\/www.tvbuzau.ro\/peste-500-tone-de-praf-si-nisip-pe-strazile-din-buzau\/\" rel=\"bookmark\" title=\"Peste 500 tone de praf \u015fi nisip pe str\u0103zile din Buz\u0103u\">Peste 500 tone de praf \u015fi nisip pe str\u0103zile din Buz\u0103u<\/a><\/h3>\n<\/div>\n<\/div>\n<\/div>\n<\/div>\n<\/div>\n<\/div>\n<div class=\"comments\" id=\"comments\">\n<div id=\"respond\" class=\"comment-respond\">\n<h3 id=\"reply-title\" class=\"comment-reply-title\">L\u0102SA\u021aI UN MESAJ <small><a rel=\"nofollow\" id=\"cancel-comment-reply-link\" href=\"https:\/\/www.tvbuzau.ro\/buzaul-primeste-detectoare-de-fum-si-monoxid-de-carbon\/#respond\">Renun\u021ba\u021bi la r\u0103spuns<\/a><\/small><\/h3>\n<\/div>\n<\/div>\n<\/div>\n<div class=\"td-post-content\">\n<div class=\"td-featured-image-rec\">\n<div class=\"wpb_video_wrapper\">\n                    <iframe loading=\"lazy\" id=\"td_youtube_player\" width=\"600\" height=\"560\" src=\"https:\/\/www.youtube.com\/embed\/uOjSJnPIf48?enablejsapi=1&amp;feature=oembed&amp;wmode=opaque&amp;vq=hd720\" frameborder allowfullscreen><\/iframe><\/p><\/div>\n<\/div>\n<p>ISU a demarat campania \u201eDetector pentru via\u021b\u0103\u201d<br \/>\nInspectoratul pentru Situa\u0163ii de Urgen\u0163\u0103 Buz\u0103u anun\u0163\u0103 c\u0103 a fost lansat\u0103 cea de-a treia edi\u021bie a Campaniei \u201eDetector pentru via\u021b\u0103\u201d, un demers ce urm\u0103re\u0219te cre\u0219terea nivelului de siguran\u021b\u0103 \u00een locuin\u021be \u0219i prevenirea incendiilor.<br \/>\n\u00cen cadrul acestei edi\u021bii, alte 10.000 de detectoare de fum \u0219i monoxid de carbon vor fi donate \u0219i montate gratuit \u00een 20 de jude\u021be din \u021bar\u0103, cu sprijinul pompierilor, contribuind astfel la protejarea comunit\u0103\u021bilor vulnerabile.<br \/>\nDetectoarele vor fi instalate cu sprijinul reprezentan\u021bilor teritoriali I.S.U. \u0219i al speciali\u0219tilor E.ON \u0219i Delgaz Grid la familii din urm\u0103toarele jude\u021be: Arge\u0219, Bac\u0103u, Bihor, Boto\u0219ani, Buz\u0103u, Cluj, Constan\u021ba, D\u00e2mbovi\u021ba, Dolj, Gala\u021bi, Giurgiu, Ia\u0219i, Mure\u0219, Neam\u021b, Olt, Prahova, Suceava, Teleorman, V\u00e2lcea \u0219i Vrancea.<br \/>\nDoar \u00een 2025, peste 6.900 de incendii au afectat locuin\u021be din Rom\u00e2nia, iar instalarea detectoarelor de fum \u0219i monoxid de carbon ofer\u0103 un semnal de avertizare timpuriu, esen\u021bial pentru limitarea pagubelor \u0219i protejarea vie\u021bilor, arat\u0103 autorit\u0103\u0163ile.<br \/>\nCampania este derulat\u0103, la nivel na\u021bional, de Departamentul pentru Situa\u021bii de Urgen\u021b\u0103 \u0219i Inspectoratul General pentru Situa\u021bii de Urgen\u021b\u0103, \u00eempreun\u0103 cu E.ON \u0219i Delgaz Grid, \u00een cadrul parteneriatului \u201e\u00cempreun\u0103 pentru siguran\u021b\u0103\u201d.<\/p>\n<div class=\"post-views post-118443 entry-meta\"><span class=\"post-views-label\">Post Views: <\/span><span class=\"post-views-count\">167<\/span><\/div>\n<\/div>\n<p>[analyse_source url=&#8221;https:\/\/www.tvbuzau.ro\/buzaul-primeste-detectoare-de-fum-si-monoxid-de-carbon\/&#8221;]<\/p>\n","protected":false},"excerpt":{"rendered":"<p>[analyse_image type=&#8221;featured&#8221; src=&#8221;https:\/\/www.tvbuzau.ro\/wp-content\/uploads\/2026\/03\/hqdefault-32.jpghttps:\/\/www.tvbuzau.ro\/wp-content\/uploads\/2026\/03\/hqdefault-32.jpg&#8221;] Actualitate Buz\u0103ul prime\u015fte detectoare de fum \u0219i monoxid de carbon De c\u0103tre TV Buz\u0103u &#8211; martie 19, 2026 0 20 Distribui\u021bi pe Facebook Distribui\u021bi pe Twitter tweet ISU a demarat campania \u201eDetector pentru via\u021b\u0103\u201d Inspectoratul pentru Situa\u0163ii de Urgen\u0163\u0103 Buz\u0103u anun\u0163\u0103 c\u0103 a fost lansat\u0103 cea de-a treia edi\u021bie a Campaniei \u201eDetector [&hellip;]<\/p>\n","protected":false},"author":1,"featured_media":0,"comment_status":"open","ping_status":"","sticky":false,"template":"","format":"standard","meta":{"footnotes":""},"categories":[2],"tags":[226,116],"class_list":["post-1837821","post","type-post","status-publish","format-standard","hentry","category-politics","tag-crawlmanager","tag-tvbuzau-ro"],"_links":{"self":[{"href":"https:\/\/analyse.optim.biz\/index.php?rest_route=\/wp\/v2\/posts\/1837821","targetHints":{"allow":["GET"]}}],"collection":[{"href":"https:\/\/analyse.optim.biz\/index.php?rest_route=\/wp\/v2\/posts"}],"about":[{"href":"https:\/\/analyse.optim.biz\/index.php?rest_route=\/wp\/v2\/types\/post"}],"author":[{"embeddable":true,"href":"https:\/\/analyse.optim.biz\/index.php?rest_route=\/wp\/v2\/users\/1"}],"replies":[{"embeddable":true,"href":"https:\/\/analyse.optim.biz\/index.php?rest_route=%2Fwp%2Fv2%2Fcomments&post=1837821"}],"version-history":[{"count":0,"href":"https:\/\/analyse.optim.biz\/index.php?rest_route=\/wp\/v2\/posts\/1837821\/revisions"}],"wp:attachment":[{"href":"https:\/\/analyse.optim.biz\/index.php?rest_route=%2Fwp%2Fv2%2Fmedia&parent=1837821"}],"wp:term":[{"taxonomy":"category","embeddable":true,"href":"https:\/\/analyse.optim.biz\/index.php?rest_route=%2Fwp%2Fv2%2Fcategories&post=1837821"},{"taxonomy":"post_tag","embeddable":true,"href":"https:\/\/analyse.optim.biz\/index.php?rest_route=%2Fwp%2Fv2%2Ftags&post=1837821"}],"curies":[{"name":"wp","href":"https:\/\/api.w.org\/{rel}","templated":true}]}}