{"id":1837812,"date":"2026-03-20T20:50:43","date_gmt":"2026-03-20T17:50:43","guid":{"rendered":"https:\/\/analyse.optim.biz\/?p=1837812"},"modified":"2026-03-20T20:50:43","modified_gmt":"2026-03-20T17:50:43","slug":"angajati-fara-forme-legale-descoperti-de-itm","status":"publish","type":"post","link":"https:\/\/analyse.optim.biz\/?p=1837812","title":{"rendered":"Angaja\u0163i f\u0103r\u0103 forme legale descoper\u0163i de ITM"},"content":{"rendered":"<p>[analyse_image type=&#8221;featured&#8221; src=&#8221;https:\/\/www.tvbuzau.ro\/wp-content\/uploads\/2026\/03\/hqdefault-34.jpghttps:\/\/www.tvbuzau.ro\/wp-content\/uploads\/2026\/03\/hqdefault-34.jpg&#8221;]<\/p>\n<div class=\"td-ss-main-content\">\n<article id=\"post-118452\" class=\"post-118452 post type-post status-publish format-video has-post-thumbnail hentry category-actualitate post_format-post-format-video\">\n<div class=\"td-post-header\">\n<ul class=\"td-category\">\n<li class=\"entry-category\"><a href=\"https:\/\/www.tvbuzau.ro\/category\/actualitate\/\">Actualitate<\/a><\/li>\n<\/ul>\n<header class=\"td-post-title\">\n<h1 class=\"entry-title\">Angaja\u0163i f\u0103r\u0103 forme legale descoper\u0163i de ITM<\/h1>\n<div class=\"td-module-meta-info\">\n<div class=\"td-post-author-name\">De c\u0103tre <a href=\"https:\/\/www.tvbuzau.ro\/author\/mihai-vasilescu\/\">TV Buz\u0103u<\/a> &#8211; <\/div>\n<p><span class=\"td-post-date\"><time class=\"entry-date updated td-module-date\" datetime=\"2026-03-20T20:50:43+00:00\">martie 20, 2026<\/time><\/span><\/p>\n<div class=\"td-post-comments\"><a href=\"https:\/\/www.tvbuzau.ro\/angajati-fara-forme-legale-descoperti-de-itm\/#respond\">0<\/a><\/div>\n<div class=\"td-post-views\"><span class=\"td-nr-views-118452\">19<\/span><\/div>\n<\/div>\n<\/header>\n<\/div>\n<div class=\"td-post-sharing td-post-sharing-top td-with-like\">\n<div class=\"td-default-sharing\"><a class=\"td-social-sharing-buttons td-social-facebook\" href=\"http:\/\/www.facebook.com\/sharer.php?u=https%3A%2F%2Fwww.tvbuzau.ro%2Fangajati-fara-forme-legale-descoperti-de-itm%2F\"><\/p>\n<div class=\"td-social-but-text\">Distribui\u021bi pe Facebook<\/div>\n<p><\/a><a class=\"td-social-sharing-buttons td-social-twitter\" href=\"https:\/\/twitter.com\/intent\/tweet?text=Angaja%C5%A3i+f%C4%83r%C4%83+forme+legale+descoper%C5%A3i+de+ITM&amp;url=https%3A%2F%2Fwww.tvbuzau.ro%2Fangajati-fara-forme-legale-descoperti-de-itm%2F&amp;via=TV+Buz%C4%83u\"><\/p>\n<div class=\"td-social-but-text\">Distribui\u021bi pe Twitter<\/div>\n<p><\/a><\/div>\n<div class=\"td-classic-sharing\">\n<ul>\n<li class=\"td-classic-facebook\"><iframe frameborder src=\"https:\/\/www.facebook.com\/plugins\/like.php?href=https:\/\/www.tvbuzau.ro\/angajati-fara-forme-legale-descoperti-de-itm\/&amp;layout=button_count&amp;show_faces=false&amp;width=105&amp;action=like&amp;colorscheme=light&amp;height=21\"><\/iframe><\/li>\n<li class=\"td-classic-twitter\"><a href=\"https:\/\/twitter.com\/share\" class=\"twitter-share-button\" data-url=\"https:\/\/www.tvbuzau.ro\/angajati-fara-forme-legale-descoperti-de-itm\/\" data-text=\"Angaja\u0163i f\u0103r\u0103 forme legale descoper\u0163i de ITM\" data-via data-lang=\"en\">tweet<\/a><\/li>\n<\/ul>\n<\/div>\n<\/div>\n<div class=\"td-post-content\">\n<div class=\"td-featured-image-rec\">\n<div class=\"wpb_video_wrapper\">\n                    <iframe loading=\"lazy\" id=\"td_youtube_player\" width=\"600\" height=\"560\" src=\"https:\/\/www.youtube.com\/embed\/UyW8EaEdu1Q?enablejsapi=1&amp;feature=oembed&amp;wmode=opaque&amp;vq=hd720\" frameborder allowfullscreen><\/iframe><\/p><\/div>\n<\/div>\n<p>Amenzi de sute de mii de lei<br \/>\nInspectoratul Teritorial de Munc\u0103 Buz\u0103u a  efectuat contrale \u00een luna februarie av\u00e2nd ca obiectiv verificarea modului \u00een care angajatorii respect\u0103 prevederile legisla\u0163iei \u00een vigoare \u00een domeniul rela\u0163iilor de munc\u0103 la 100 de angajatori.<\/p>\n<p>\u201cAu fost sanc\u0163iona\u0163i 28 angajatori \u015fi s-au aplicat 40 sanc\u0163iuni contraven\u0163ionale (22 amenzi contraven\u0163ionale \u00een cuantum de 381.000 lei \u015fi  18 avertismente). S-au dispus 352 m\u0103suri cu termene concrete de realizare pentru remedierea neconformit\u0103\u0163ilor constatate de inspectorii de munc\u0103\u201d, arat\u0103 ITM Buz\u0103u<br \/>\n\u00cen luna februarie la Inspectoratul Teritorial de Munc\u0103 Buz\u0103u au fost \u00eenregistrate peste 60 de peti\u021bii \u00een domeniul rela\u021biilor de munc\u0103. Au fost reclamate aspecte referitoare la neacordarea drepturilor b\u0103ne\u0219ti, nereguli privind timpul de munc\u0103 \u0219i timpul de odihn\u0103, cazuri de munc\u0103 nedeclarat\u0103 sau alte aspecte din domeniul rela\u021biilor de munc\u0103.<br \/>\nPentru identificarea \u0219i combaterea muncii nedeclate \u0219i subdeclarate, Inspectoratul Teritorial de Munca Buz\u0103u a intensificat  ac\u021biunile de control \u00een jude\u021bul Buz\u0103u menite s\u0103 conduc\u0103 la diminuarea consecin\u0163elor juridice, sociale \u015fi economice ce decurg din fenomenul muncii nedeclarate \u015fi subdeclarate, un fenomen care afecteaz\u0103 grav drepturile angaja\u021bilor \u0219i concuren\u021ba loial\u0103 pe pia\u021ba muncii.<\/p>\n<p>\u201cAstfel, \u00een luna februarie 2026 au fost identificati  7 angajatori care au primit la munc\u0103 8 persoane f\u0103r\u0103 a le \u00eencheia contracte individuale de munc\u0103 \u00een form\u0103 scris\u0103 anterior \u00eenceperii activit\u0103\u021bii acestora, f\u0103r\u0103 transmiterea elementelor contractelor \u00een Reges-Online \u00een termenul legal sau au fost identificate \u00een afara duratei timpului de munc\u0103 stabilit \u00een cadrul contractelor cu timp par\u021bial. Faptele angajatorilor\u2026 au fost sanc\u021bionate de inspectorii de munc\u0103 prin aplicarea de amenzi \u00een cuantum de 220.000 lei si s-au dispus m\u0103suri obligatorii de respectare a prevederilor legale \u00een vigoare\u201d, arat\u0103 institu\u0163ia.<br \/>\nStabilirea sanc\u021biunilor s-a realizat conform art.21(3) din OG nr.2\/2001 aprobat\u0103 cu modific\u0103ri prin Legea nr.180\/2002.<br \/>\n\u00cencep\u00e2nd cu data de 18 decembrie 2025 au intrat \u00een vigoare modific\u0103ri legislative importante, \u00een sensul c\u0103 primirea la munc\u0103 a uneia sau a mai multor persoane f\u0103r\u0103 \u00eencheierea unui contract individual de munc\u0103  se sanc\u021bioneaz\u0103 cu amend\u0103 de 40.000 lei pentru fiecare persoan\u0103 astfel identificat\u0103, f\u0103r\u0103 a dep\u0103\u015fi valoarea cumulat\u0103 de 1.000.000 lei.<\/p>\n<div class=\"post-views post-118452 entry-meta\"><span class=\"post-views-label\">Post Views: <\/span><span class=\"post-views-count\">104<\/span><\/div>\n<\/div>\n<footer>\n<div class=\"td-post-sharing td-post-sharing-bottom td-with-like\"><span class=\"td-post-share-title\">DISTRIBUI\u021aI<\/span><\/p>\n<div class=\"td-default-sharing\"><a class=\"td-social-sharing-buttons td-social-facebook\" href=\"http:\/\/www.facebook.com\/sharer.php?u=https%3A%2F%2Fwww.tvbuzau.ro%2Fangajati-fara-forme-legale-descoperti-de-itm%2F\"><\/p>\n<div class=\"td-social-but-text\">Facebook<\/div>\n<p><\/a><a class=\"td-social-sharing-buttons td-social-twitter\" href=\"https:\/\/twitter.com\/intent\/tweet?text=Angaja%C5%A3i+f%C4%83r%C4%83+forme+legale+descoper%C5%A3i+de+ITM&amp;url=https%3A%2F%2Fwww.tvbuzau.ro%2Fangajati-fara-forme-legale-descoperti-de-itm%2F&amp;via=TV+Buz%C4%83u\"><\/p>\n<div class=\"td-social-but-text\">Twitter<\/div>\n<p><\/a><\/div>\n<div class=\"td-classic-sharing\">\n<ul>\n<li class=\"td-classic-facebook\"><iframe frameborder src=\"https:\/\/www.facebook.com\/plugins\/like.php?href=https:\/\/www.tvbuzau.ro\/angajati-fara-forme-legale-descoperti-de-itm\/&amp;layout=button_count&amp;show_faces=false&amp;width=105&amp;action=like&amp;colorscheme=light&amp;height=21\"><\/iframe><\/li>\n<li class=\"td-classic-twitter\"><a href=\"https:\/\/twitter.com\/share\" class=\"twitter-share-button\" data-url=\"https:\/\/www.tvbuzau.ro\/angajati-fara-forme-legale-descoperti-de-itm\/\" data-text=\"Angaja\u0163i f\u0103r\u0103 forme legale descoper\u0163i de ITM\" data-via data-lang=\"en\">tweet<\/a><\/li>\n<\/ul>\n<\/div>\n<\/div>\n<div class=\"td-author-name vcard author\"><span class=\"fn\"><a href=\"https:\/\/www.tvbuzau.ro\/author\/mihai-vasilescu\/\">TV Buz\u0103u<\/a><\/span><\/div>\n<p><span><\/span><span><span><\/span><\/span><span><\/span><\/footer>\n<\/article>\n<div class=\"td_block_wrap td_block_related_posts td_uid_1_69bdc2dfbd346_rand td_with_ajax_pagination td-pb-border-top\" data-td-block-uid=\"td_uid_1_69bdc2dfbd346\">\n<h4 class=\"td-related-title\"><a id=\"td_uid_2_69bdc2dfc2688\" class=\"td-related-left td-cur-simple-item\" data-td_filter_value data-td_block_id=\"td_uid_1_69bdc2dfbd346\" href=\"https:\/\/www.tvbuzau.ro\/angajati-fara-forme-legale-descoperti-de-itm\/\">ARTICOLE SIMILARE<\/a><a id=\"td_uid_3_69bdc2dfc26c2\" class=\"td-related-right\" data-td_filter_value=\"td_related_more_from_author\" data-td_block_id=\"td_uid_1_69bdc2dfbd346\" href=\"https:\/\/www.tvbuzau.ro\/angajati-fara-forme-legale-descoperti-de-itm\/\">DE LA ACELA\u0218I AUTOR<\/a><\/h4>\n<div id=\"td_uid_1_69bdc2dfbd346\" class=\"td_block_inner\">\n<div class=\"td-related-row\">\n<div class=\"td-related-span4\">\n<div class=\"td_module_related_posts td-animation-stack td_mod_related_posts\">\n<div class=\"td-module-image\">\n<div class=\"td-module-thumb\"><a href=\"https:\/\/www.tvbuzau.ro\/primarul-municipiului-buzau-s-a-urcat-de-pe-un-bloc\/\" rel=\"bookmark\" title=\"Primarul municipiului Buz\u0103u s-a urcat de pe un bloc\"><img loading=\"lazy\" decoding=\"async\" width=\"218\" height=\"150\" class=\"entry-thumb\" src=\"https:\/\/www.tvbuzau.ro\/wp-content\/uploads\/2026\/03\/sddefault-43-218x150.jpg\" alt title=\"Primarul municipiului Buz\u0103u s-a urcat de pe un bloc\"><span class=\"td-video-play-ico\"><img loading=\"lazy\" decoding=\"async\" width=\"40\" height=\"40\" class=\"td-retina\" src=\"https:\/\/www.tvbuzau.ro\/wp-content\/themes\/Newspaper\/images\/icons\/ico-video-large.png\" alt=\"video\"><\/span><\/a><\/div>\n<p><a href=\"https:\/\/www.tvbuzau.ro\/category\/actualitate\/\" class=\"td-post-category\">Actualitate<\/a><\/div>\n<div class=\"item-details\">\n<h3 class=\"entry-title td-module-title\"><a href=\"https:\/\/www.tvbuzau.ro\/primarul-municipiului-buzau-s-a-urcat-de-pe-un-bloc\/\" rel=\"bookmark\" title=\"Primarul municipiului Buz\u0103u s-a urcat de pe un bloc\">Primarul municipiului Buz\u0103u s-a urcat de pe un bloc<\/a><\/h3>\n<\/div>\n<\/div>\n<\/div>\n<div class=\"td-related-span4\">\n<div class=\"td_module_related_posts td-animation-stack td_mod_related_posts\">\n<div class=\"td-module-image\">\n<div class=\"td-module-thumb\"><a href=\"https:\/\/www.tvbuzau.ro\/2-milioane-de-euro-reabilitarea-strazii-frasinet\/\" rel=\"bookmark\" title=\"2 milioane de euro, reabilitarea str\u0103zii Fr\u0103sinet\"><img loading=\"lazy\" decoding=\"async\" width=\"218\" height=\"150\" class=\"entry-thumb\" src=\"https:\/\/www.tvbuzau.ro\/wp-content\/uploads\/2026\/03\/hqdefault-35-218x150.jpg\" alt title=\"2 milioane de euro, reabilitarea str\u0103zii Fr\u0103sinet\"><span class=\"td-video-play-ico\"><img loading=\"lazy\" decoding=\"async\" width=\"40\" height=\"40\" class=\"td-retina\" src=\"https:\/\/www.tvbuzau.ro\/wp-content\/themes\/Newspaper\/images\/icons\/ico-video-large.png\" alt=\"video\"><\/span><\/a><\/div>\n<p><a href=\"https:\/\/www.tvbuzau.ro\/category\/actualitate\/\" class=\"td-post-category\">Actualitate<\/a><\/div>\n<div class=\"item-details\">\n<h3 class=\"entry-title td-module-title\"><a href=\"https:\/\/www.tvbuzau.ro\/2-milioane-de-euro-reabilitarea-strazii-frasinet\/\" rel=\"bookmark\" title=\"2 milioane de euro, reabilitarea str\u0103zii Fr\u0103sinet\">2 milioane de euro, reabilitarea str\u0103zii Fr\u0103sinet<\/a><\/h3>\n<\/div>\n<\/div>\n<\/div>\n<div class=\"td-related-span4\">\n<div class=\"td_module_related_posts td-animation-stack td_mod_related_posts\">\n<div class=\"td-module-image\">\n<div class=\"td-module-thumb\"><a href=\"https:\/\/www.tvbuzau.ro\/peste-800-de-elevi-din-patarlagele-vizitati-de-politisti\/\" rel=\"bookmark\" title=\"Peste 800 de elevi din P\u0103t\u00e2rlagele vizita\u0163i de poli\u0163i\u015fti\"><img loading=\"lazy\" decoding=\"async\" width=\"218\" height=\"150\" class=\"entry-thumb\" src=\"https:\/\/www.tvbuzau.ro\/wp-content\/uploads\/2026\/03\/sddefault-42-218x150.jpg\" alt title=\"Peste 800 de elevi din P\u0103t\u00e2rlagele vizita\u0163i de poli\u0163i\u015fti\"><span class=\"td-video-play-ico\"><img loading=\"lazy\" decoding=\"async\" width=\"40\" height=\"40\" class=\"td-retina\" src=\"https:\/\/www.tvbuzau.ro\/wp-content\/themes\/Newspaper\/images\/icons\/ico-video-large.png\" alt=\"video\"><\/span><\/a><\/div>\n<p><a href=\"https:\/\/www.tvbuzau.ro\/category\/actualitate\/\" class=\"td-post-category\">Actualitate<\/a><\/div>\n<div class=\"item-details\">\n<h3 class=\"entry-title td-module-title\"><a href=\"https:\/\/www.tvbuzau.ro\/peste-800-de-elevi-din-patarlagele-vizitati-de-politisti\/\" rel=\"bookmark\" title=\"Peste 800 de elevi din P\u0103t\u00e2rlagele vizita\u0163i de poli\u0163i\u015fti\">Peste 800 de elevi din P\u0103t\u00e2rlagele vizita\u0163i de poli\u0163i\u015fti<\/a><\/h3>\n<\/div>\n<\/div>\n<\/div>\n<\/div>\n<div class=\"td-related-row\">\n<div class=\"td-related-span4\">\n<div class=\"td_module_related_posts td-animation-stack td_mod_related_posts\">\n<div class=\"td-module-image\">\n<div class=\"td-module-thumb\"><a href=\"https:\/\/www.tvbuzau.ro\/o-singura-linie-de-garda-la-ati\/\" rel=\"bookmark\" title=\"O singur\u0103 linie de gard\u0103 la ATI\"><img loading=\"lazy\" decoding=\"async\" width=\"218\" height=\"150\" class=\"entry-thumb\" src=\"https:\/\/www.tvbuzau.ro\/wp-content\/uploads\/2026\/03\/hqdefault-33-218x150.jpg\" alt title=\"O singur\u0103 linie de gard\u0103 la ATI\"><span class=\"td-video-play-ico\"><img loading=\"lazy\" decoding=\"async\" width=\"40\" height=\"40\" class=\"td-retina\" src=\"https:\/\/www.tvbuzau.ro\/wp-content\/themes\/Newspaper\/images\/icons\/ico-video-large.png\" alt=\"video\"><\/span><\/a><\/div>\n<p><a href=\"https:\/\/www.tvbuzau.ro\/category\/actualitate\/\" class=\"td-post-category\">Actualitate<\/a><\/div>\n<div class=\"item-details\">\n<h3 class=\"entry-title td-module-title\"><a href=\"https:\/\/www.tvbuzau.ro\/o-singura-linie-de-garda-la-ati\/\" rel=\"bookmark\" title=\"O singur\u0103 linie de gard\u0103 la ATI\">O singur\u0103 linie de gard\u0103 la ATI<\/a><\/h3>\n<\/div>\n<\/div>\n<\/div>\n<div class=\"td-related-span4\">\n<div class=\"td_module_related_posts td-animation-stack td_mod_related_posts\">\n<div class=\"td-module-image\">\n<div class=\"td-module-thumb\"><a href=\"https:\/\/www.tvbuzau.ro\/buzaul-primeste-detectoare-de-fum-si-monoxid-de-carbon\/\" rel=\"bookmark\" title=\"Buz\u0103ul prime\u015fte detectoare de fum \u0219i monoxid de carbon\"><img loading=\"lazy\" decoding=\"async\" width=\"218\" height=\"150\" class=\"entry-thumb\" src=\"https:\/\/www.tvbuzau.ro\/wp-content\/uploads\/2026\/03\/hqdefault-32-218x150.jpg\" alt title=\"Buz\u0103ul prime\u015fte detectoare de fum \u0219i monoxid de carbon\"><span class=\"td-video-play-ico\"><img loading=\"lazy\" decoding=\"async\" width=\"40\" height=\"40\" class=\"td-retina\" src=\"https:\/\/www.tvbuzau.ro\/wp-content\/themes\/Newspaper\/images\/icons\/ico-video-large.png\" alt=\"video\"><\/span><\/a><\/div>\n<p><a href=\"https:\/\/www.tvbuzau.ro\/category\/actualitate\/\" class=\"td-post-category\">Actualitate<\/a><\/div>\n<div class=\"item-details\">\n<h3 class=\"entry-title td-module-title\"><a href=\"https:\/\/www.tvbuzau.ro\/buzaul-primeste-detectoare-de-fum-si-monoxid-de-carbon\/\" rel=\"bookmark\" title=\"Buz\u0103ul prime\u015fte detectoare de fum \u0219i monoxid de carbon\">Buz\u0103ul prime\u015fte detectoare de fum \u0219i monoxid de carbon<\/a><\/h3>\n<\/div>\n<\/div>\n<\/div>\n<div class=\"td-related-span4\">\n<div class=\"td_module_related_posts td-animation-stack td_mod_related_posts\">\n<div class=\"td-module-image\">\n<div class=\"td-module-thumb\"><a href=\"https:\/\/www.tvbuzau.ro\/peste-500-tone-de-praf-si-nisip-pe-strazile-din-buzau\/\" rel=\"bookmark\" title=\"Peste 500 tone de praf \u015fi nisip pe str\u0103zile din Buz\u0103u\"><img loading=\"lazy\" decoding=\"async\" width=\"218\" height=\"150\" class=\"entry-thumb\" src=\"https:\/\/www.tvbuzau.ro\/wp-content\/uploads\/2026\/03\/maxresdefault-5-218x150.jpg\" alt title=\"Peste 500 tone de praf \u015fi nisip pe str\u0103zile din Buz\u0103u\"><span class=\"td-video-play-ico\"><img loading=\"lazy\" decoding=\"async\" width=\"40\" height=\"40\" class=\"td-retina\" src=\"https:\/\/www.tvbuzau.ro\/wp-content\/themes\/Newspaper\/images\/icons\/ico-video-large.png\" alt=\"video\"><\/span><\/a><\/div>\n<p><a href=\"https:\/\/www.tvbuzau.ro\/category\/actualitate\/\" class=\"td-post-category\">Actualitate<\/a><\/div>\n<div class=\"item-details\">\n<h3 class=\"entry-title td-module-title\"><a href=\"https:\/\/www.tvbuzau.ro\/peste-500-tone-de-praf-si-nisip-pe-strazile-din-buzau\/\" rel=\"bookmark\" title=\"Peste 500 tone de praf \u015fi nisip pe str\u0103zile din Buz\u0103u\">Peste 500 tone de praf \u015fi nisip pe str\u0103zile din Buz\u0103u<\/a><\/h3>\n<\/div>\n<\/div>\n<\/div>\n<\/div>\n<\/div>\n<\/div>\n<div class=\"comments\" id=\"comments\">\n<div id=\"respond\" class=\"comment-respond\">\n<h3 id=\"reply-title\" class=\"comment-reply-title\">L\u0102SA\u021aI UN MESAJ <small><a rel=\"nofollow\" id=\"cancel-comment-reply-link\" href=\"https:\/\/www.tvbuzau.ro\/angajati-fara-forme-legale-descoperti-de-itm\/#respond\">Renun\u021ba\u021bi la r\u0103spuns<\/a><\/small><\/h3>\n<\/div>\n<\/div>\n<\/div>\n<div class=\"td-post-content\">\n<div class=\"td-featured-image-rec\">\n<div class=\"wpb_video_wrapper\">\n                    <iframe loading=\"lazy\" id=\"td_youtube_player\" width=\"600\" height=\"560\" src=\"https:\/\/www.youtube.com\/embed\/UyW8EaEdu1Q?enablejsapi=1&amp;feature=oembed&amp;wmode=opaque&amp;vq=hd720\" frameborder allowfullscreen><\/iframe><\/p><\/div>\n<\/div>\n<p>Amenzi de sute de mii de lei<br \/>\nInspectoratul Teritorial de Munc\u0103 Buz\u0103u a  efectuat contrale \u00een luna februarie av\u00e2nd ca obiectiv verificarea modului \u00een care angajatorii respect\u0103 prevederile legisla\u0163iei \u00een vigoare \u00een domeniul rela\u0163iilor de munc\u0103 la 100 de angajatori.<\/p>\n<p>\u201cAu fost sanc\u0163iona\u0163i 28 angajatori \u015fi s-au aplicat 40 sanc\u0163iuni contraven\u0163ionale (22 amenzi contraven\u0163ionale \u00een cuantum de 381.000 lei \u015fi  18 avertismente). S-au dispus 352 m\u0103suri cu termene concrete de realizare pentru remedierea neconformit\u0103\u0163ilor constatate de inspectorii de munc\u0103\u201d, arat\u0103 ITM Buz\u0103u<br \/>\n\u00cen luna februarie la Inspectoratul Teritorial de Munc\u0103 Buz\u0103u au fost \u00eenregistrate peste 60 de peti\u021bii \u00een domeniul rela\u021biilor de munc\u0103. Au fost reclamate aspecte referitoare la neacordarea drepturilor b\u0103ne\u0219ti, nereguli privind timpul de munc\u0103 \u0219i timpul de odihn\u0103, cazuri de munc\u0103 nedeclarat\u0103 sau alte aspecte din domeniul rela\u021biilor de munc\u0103.<br \/>\nPentru identificarea \u0219i combaterea muncii nedeclate \u0219i subdeclarate, Inspectoratul Teritorial de Munca Buz\u0103u a intensificat  ac\u021biunile de control \u00een jude\u021bul Buz\u0103u menite s\u0103 conduc\u0103 la diminuarea consecin\u0163elor juridice, sociale \u015fi economice ce decurg din fenomenul muncii nedeclarate \u015fi subdeclarate, un fenomen care afecteaz\u0103 grav drepturile angaja\u021bilor \u0219i concuren\u021ba loial\u0103 pe pia\u021ba muncii.<\/p>\n<p>\u201cAstfel, \u00een luna februarie 2026 au fost identificati  7 angajatori care au primit la munc\u0103 8 persoane f\u0103r\u0103 a le \u00eencheia contracte individuale de munc\u0103 \u00een form\u0103 scris\u0103 anterior \u00eenceperii activit\u0103\u021bii acestora, f\u0103r\u0103 transmiterea elementelor contractelor \u00een Reges-Online \u00een termenul legal sau au fost identificate \u00een afara duratei timpului de munc\u0103 stabilit \u00een cadrul contractelor cu timp par\u021bial. Faptele angajatorilor\u2026 au fost sanc\u021bionate de inspectorii de munc\u0103 prin aplicarea de amenzi \u00een cuantum de 220.000 lei si s-au dispus m\u0103suri obligatorii de respectare a prevederilor legale \u00een vigoare\u201d, arat\u0103 institu\u0163ia.<br \/>\nStabilirea sanc\u021biunilor s-a realizat conform art.21(3) din OG nr.2\/2001 aprobat\u0103 cu modific\u0103ri prin Legea nr.180\/2002.<br \/>\n\u00cencep\u00e2nd cu data de 18 decembrie 2025 au intrat \u00een vigoare modific\u0103ri legislative importante, \u00een sensul c\u0103 primirea la munc\u0103 a uneia sau a mai multor persoane f\u0103r\u0103 \u00eencheierea unui contract individual de munc\u0103  se sanc\u021bioneaz\u0103 cu amend\u0103 de 40.000 lei pentru fiecare persoan\u0103 astfel identificat\u0103, f\u0103r\u0103 a dep\u0103\u015fi valoarea cumulat\u0103 de 1.000.000 lei.<\/p>\n<div class=\"post-views post-118452 entry-meta\"><span class=\"post-views-label\">Post Views: <\/span><span class=\"post-views-count\">104<\/span><\/div>\n<\/div>\n<p>[analyse_source url=&#8221;https:\/\/www.tvbuzau.ro\/angajati-fara-forme-legale-descoperti-de-itm\/&#8221;]<\/p>\n","protected":false},"excerpt":{"rendered":"<p>[analyse_image type=&#8221;featured&#8221; src=&#8221;https:\/\/www.tvbuzau.ro\/wp-content\/uploads\/2026\/03\/hqdefault-34.jpghttps:\/\/www.tvbuzau.ro\/wp-content\/uploads\/2026\/03\/hqdefault-34.jpg&#8221;] Actualitate Angaja\u0163i f\u0103r\u0103 forme legale descoper\u0163i de ITM De c\u0103tre TV Buz\u0103u &#8211; martie 20, 2026 0 19 Distribui\u021bi pe Facebook Distribui\u021bi pe Twitter tweet Amenzi de sute de mii de lei Inspectoratul Teritorial de Munc\u0103 Buz\u0103u a efectuat contrale \u00een luna februarie av\u00e2nd ca obiectiv verificarea modului \u00een care angajatorii respect\u0103 [&hellip;]<\/p>\n","protected":false},"author":1,"featured_media":0,"comment_status":"open","ping_status":"","sticky":false,"template":"","format":"standard","meta":{"footnotes":""},"categories":[2],"tags":[226,116],"class_list":["post-1837812","post","type-post","status-publish","format-standard","hentry","category-politics","tag-crawlmanager","tag-tvbuzau-ro"],"_links":{"self":[{"href":"https:\/\/analyse.optim.biz\/index.php?rest_route=\/wp\/v2\/posts\/1837812","targetHints":{"allow":["GET"]}}],"collection":[{"href":"https:\/\/analyse.optim.biz\/index.php?rest_route=\/wp\/v2\/posts"}],"about":[{"href":"https:\/\/analyse.optim.biz\/index.php?rest_route=\/wp\/v2\/types\/post"}],"author":[{"embeddable":true,"href":"https:\/\/analyse.optim.biz\/index.php?rest_route=\/wp\/v2\/users\/1"}],"replies":[{"embeddable":true,"href":"https:\/\/analyse.optim.biz\/index.php?rest_route=%2Fwp%2Fv2%2Fcomments&post=1837812"}],"version-history":[{"count":0,"href":"https:\/\/analyse.optim.biz\/index.php?rest_route=\/wp\/v2\/posts\/1837812\/revisions"}],"wp:attachment":[{"href":"https:\/\/analyse.optim.biz\/index.php?rest_route=%2Fwp%2Fv2%2Fmedia&parent=1837812"}],"wp:term":[{"taxonomy":"category","embeddable":true,"href":"https:\/\/analyse.optim.biz\/index.php?rest_route=%2Fwp%2Fv2%2Fcategories&post=1837812"},{"taxonomy":"post_tag","embeddable":true,"href":"https:\/\/analyse.optim.biz\/index.php?rest_route=%2Fwp%2Fv2%2Ftags&post=1837812"}],"curies":[{"name":"wp","href":"https:\/\/api.w.org\/{rel}","templated":true}]}}