{"id":1837590,"date":"2026-03-17T11:25:18","date_gmt":"2026-03-17T08:25:18","guid":{"rendered":"https:\/\/analyse.optim.biz\/?p=1837590"},"modified":"2026-03-17T11:25:18","modified_gmt":"2026-03-17T08:25:18","slug":"studentii-universitatii-de-medicina-si-farmacie-victor-babes-din-timisoara-invitati-sa-se-inscrie-in-programul-erasmus","status":"publish","type":"post","link":"https:\/\/analyse.optim.biz\/?p=1837590","title":{"rendered":"Studen\u021bii Universit\u0103\u021bii de Medicin\u0103 \u0219i Farmacie \u201eVictor Babe\u0219\u201d din Timi\u0219oara invita\u021bi s\u0103 se \u00eenscrie \u00een programul ERASMUS+"},"content":{"rendered":"<p>[analyse_image type=&#8221;featured&#8221; src=&#8221;https:\/\/www.banatulmeu.ro\/wp-content\/uploads\/2016\/12\/UMF-Timisoara-DSCF6240.jpg&#8221;]<\/p>\n<div class=\"post-content-bd\">\n<p>Studen\u021bii care \u00ee\u0219i doresc s\u0103 \u00ee\u0219i extind\u0103 orizonturile academice \u0219i profesionale au oportunitatea de a participa la interviul de selec\u021bie pentru programul de mobilitate ERASMUS+, aferent anului universitar 2026\u20132027. Ini\u021biativa vine \u00een sprijinul tinerilor care aspir\u0103 la o experien\u021b\u0103 educa\u021bional\u0103 interna\u021bional\u0103, contribuind la dezvoltarea personal\u0103 \u0219i profesional\u0103 a acestora.<\/p>\n<p>Reprezentan\u021bii Universit\u0103\u021bii de Medicin\u0103 \u0219i Farmacie \u201cVictor Babe\u0219\u201d din Timi\u0219oara subliniaz\u0103 c\u0103 programul ERASMUS+ ofer\u0103 multiple beneficii, printre care accesul la sisteme educa\u021bionale diferite, interac\u021biunea cu studen\u021bi din alte culturi \u0219i acumularea de competen\u021be esen\u021biale pentru pia\u021ba muncii. Participarea la o astfel de mobilitate este considerat\u0103 un avantaj important \u00een parcursul academic \u0219i \u00een viitoarea carier\u0103.<\/p>\n<p>Procesul de selec\u021bie presupune depunerea unui dosar \u0219i participarea la un interviu, \u00een cadrul c\u0103ruia candida\u021bii \u00ee\u0219i pot demonstra motiva\u021bia \u0219i aptitudinile. Toate detaliile privind criteriile de eligibilitate, documentele necesare \u0219i etapele procesului sunt disponibile online, pe pagina oficial\u0103 dedicat\u0103 <a href=\"https:\/\/www.umft.ro\/ro\/erasmus-2026-2027\/?fbclid=IwY2xjawQmF5NleHRuA2FlbQIxMABicmlkETFKam12bWlyNEJJZWpvSGpEc3J0YwZhcHBfaWQQMjIyMDM5MTc4ODIwMDg5MgABHm1JWGDd6vhU7sd4YuY3gV8vmBHSAZYAiOl8JPPFDEXPaIAsaJb53AOiK8lQ_aem_-5EuvDpkabau56D6kka1EQ\">programului<\/a>.<\/p>\n<p>De asemenea, studen\u021bii sunt ncuraja\u021bi s\u0103 profite de aceast\u0103 oportunitate, descris\u0103 drept o experien\u021b\u0103 care poate avea un impact semnificativ asupra dezvolt\u0103rii personale, academice \u0219i profesionale.<\/p>\n<p>Informa\u021bii complete despre \u00eenscriere \u0219i desf\u0103\u0219urarea programului pot fi consultate acces\u00e2nd site-ul oficial: <a href=\"https:\/\/www.umft.ro\/ro\/erasmus-2026-2027\/\">https:\/\/www.umft.ro\/ro\/erasmus-2026-2027\/<\/a>.<\/p>\n<\/div>\n<p>[analyse_source url=&#8221;https:\/\/www.banatulmeu.ro\/studentii-universitatii-de-medicina-si-farmacie-victor-babes-din-timisoara-invitati-sa-se-inscrie-in-programul-erasmus\/&#8221;]<\/p>\n","protected":false},"excerpt":{"rendered":"<p>[analyse_image type=&#8221;featured&#8221; src=&#8221;https:\/\/www.banatulmeu.ro\/wp-content\/uploads\/2016\/12\/UMF-Timisoara-DSCF6240.jpg&#8221;] Studen\u021bii care \u00ee\u0219i doresc s\u0103 \u00ee\u0219i extind\u0103 orizonturile academice \u0219i profesionale au oportunitatea de a participa la interviul de selec\u021bie pentru programul de mobilitate ERASMUS+, aferent anului universitar 2026\u20132027. Ini\u021biativa vine \u00een sprijinul tinerilor care aspir\u0103 la o experien\u021b\u0103 educa\u021bional\u0103 interna\u021bional\u0103, contribuind la dezvoltarea personal\u0103 \u0219i profesional\u0103 a acestora. Reprezentan\u021bii Universit\u0103\u021bii de [&hellip;]<\/p>\n","protected":false},"author":1,"featured_media":0,"comment_status":"open","ping_status":"","sticky":false,"template":"","format":"standard","meta":{"footnotes":""},"categories":[89],"tags":[204,226],"class_list":["post-1837590","post","type-post","status-publish","format-standard","hentry","category-romania","tag-banatulmeu-ro","tag-crawlmanager"],"_links":{"self":[{"href":"https:\/\/analyse.optim.biz\/index.php?rest_route=\/wp\/v2\/posts\/1837590","targetHints":{"allow":["GET"]}}],"collection":[{"href":"https:\/\/analyse.optim.biz\/index.php?rest_route=\/wp\/v2\/posts"}],"about":[{"href":"https:\/\/analyse.optim.biz\/index.php?rest_route=\/wp\/v2\/types\/post"}],"author":[{"embeddable":true,"href":"https:\/\/analyse.optim.biz\/index.php?rest_route=\/wp\/v2\/users\/1"}],"replies":[{"embeddable":true,"href":"https:\/\/analyse.optim.biz\/index.php?rest_route=%2Fwp%2Fv2%2Fcomments&post=1837590"}],"version-history":[{"count":0,"href":"https:\/\/analyse.optim.biz\/index.php?rest_route=\/wp\/v2\/posts\/1837590\/revisions"}],"wp:attachment":[{"href":"https:\/\/analyse.optim.biz\/index.php?rest_route=%2Fwp%2Fv2%2Fmedia&parent=1837590"}],"wp:term":[{"taxonomy":"category","embeddable":true,"href":"https:\/\/analyse.optim.biz\/index.php?rest_route=%2Fwp%2Fv2%2Fcategories&post=1837590"},{"taxonomy":"post_tag","embeddable":true,"href":"https:\/\/analyse.optim.biz\/index.php?rest_route=%2Fwp%2Fv2%2Ftags&post=1837590"}],"curies":[{"name":"wp","href":"https:\/\/api.w.org\/{rel}","templated":true}]}}